{"id":20377,"date":"2023-02-14T19:24:46","date_gmt":"2023-02-14T22:24:46","guid":{"rendered":"https:\/\/elfederalmendoza.com\/?p=20377"},"modified":"2023-02-14T19:53:22","modified_gmt":"2023-02-14T22:53:22","slug":"el-senado-aprobo-el-proyecto-cerro-amarillo-con-el-apoyo-de-parte-del-pj","status":"publish","type":"post","link":"https:\/\/elfederalmendoza.com.ar\/index.php\/2023\/02\/14\/el-senado-aprobo-el-proyecto-cerro-amarillo-con-el-apoyo-de-parte-del-pj\/","title":{"rendered":"El Senado aprob\u00f3 el proyecto Cerro Amarillo con el apoyo de parte del PJ"},"content":{"rendered":"\n<p>En la sesi\u00f3n de este martes, la&nbsp;<strong>C\u00e1mara de Senadores<\/strong>&nbsp;aprob\u00f3 la ratificaci\u00f3n de la&nbsp;<strong>Declaraci\u00f3n de Impacto Ambiental<\/strong>&nbsp;(DIA) para la etapa de exploraci\u00f3n del proyecto minero de&nbsp;<strong>Cerro Amarillo en Malarg\u00fce.&nbsp;<\/strong><\/p>\n\n\n\n<p><strong>La inciativa&nbsp;fue aprobada por 29 votos positivos, 4 negativos y 5 abstenciones. Pas\u00f3 a Diputados para su revisi\u00f3n.&nbsp;<\/strong><\/p>\n\n\n\n<p>La exploraci\u00f3n est\u00e1 destinada a determinar el volumen y la calidad del mineral que se encuentra. Con estos resultados se corre a un proceso de prefactibilidad, en el cual se puede determinar el tama\u00f1o de la mina y, con este dato, el volumen de la inversi\u00f3n.<\/p>\n\n\n\n<p>Por los an\u00e1lisis hechos y por sus antecedentes geol\u00f3gicos -composici\u00f3n, origen, antig\u00fcedad-,&nbsp;<strong>se trata de un proyecto que es compatible con la Ley 7722, o sea que no usa ni usar\u00e1 para la explotaci\u00f3n ninguna de las sustancias prohibidas.<\/strong><\/p>\n\n\n\n<p>La explotaci\u00f3n se realizar\u00e1 mediante<strong>\u00a0flotaci\u00f3n, proceso en el que no se utiliza ni \u00e1cido sulf\u00farico ni cianuro, por lo que este trabajo minero est\u00e1 dentro del marco legal.<\/strong><\/p>\n\n\n\n<p><strong>Cerro Amarillo<\/strong>&nbsp;es un yacimiento de p\u00f3rfidos de cobre. Estos son la principal fuente de cobre a nivel mundial y son parte de grandes sistemas hidrotermales que se han formado en zonas de colisi\u00f3n de dos placas terrestres.&nbsp;<\/p>\n\n\n\n<p><strong>Cerro Amarillo<\/strong><\/p>\n\n\n\n<p><strong>El proyecto se encuentra fuera de las cuencas de los r\u00edos Atuel y Malarg\u00fce,\u00a0<\/strong>por lo que no existe ninguna potencial afectaci\u00f3n del agua en el Sur mendocino. Se trata de la perforaci\u00f3n de\u00a0<strong>nueve pozos de no m\u00e1s de 400 metros de profundidad para poder determinar la presencia de sulfuro de cobre en el yacimiento.<\/strong><\/p>\n\n\n\n<p>El senador\u00a0<strong>Rolando Baldasso presidente de la Comisi\u00f3n de Hidrocarburo, Econom\u00eda y Miner\u00eda expres\u00f3<\/strong>: \u00abEste expediente trata de la aprobaci\u00f3n de la evaluaci\u00f3n ambientan de un proyecto de Exploraci\u00f3n en la zona de Cerro Amarillo. Esta evaluaci\u00f3n empez\u00f3 en junio del 2006 y termin\u00f3 en noviembre del 2022, hubo cuatro presentaciones tanto en las gobernaciones de Cobos, Jaque, P\u00e9rez y Su\u00e1rez\u00bb.<\/p>\n\n\n\n<p>Por su parte, el senador<strong>&nbsp;Ernesto Mancinelli presidente de la Comisi\u00f3n de Ambiente, Cambio Clim\u00e1tico, Riesgo de Desastres, Asuntos Territoriales y Vivienda dijo:<\/strong>&nbsp;\u00ab&#8230;para ampliar lo dicho por Baldasso, este expediente lo tratamos en profundidad en las comisiones conjunta, en donde asistieron el director de Miner\u00eda, la directora de Protecci\u00f3n Ambiental, tambi\u00e9n los especialistas de la UTN y UNC quienes coincidieron que este proyecto es de baj\u00edsimo impacto y no afectar\u00eda la zona de glaciares. Tambi\u00e9n asisti\u00f3 el Fiscal de Estado y no plante\u00f3 ninguna objeci\u00f3n, por eso solicito aprobar este expediente de ratificaci\u00f3n de las resoluciones dictadas de manera conjunta otorg\u00e1ndole la DIA en su fase exploraci\u00f3n\u00bb.<\/p>\n\n\n\n<p><strong>El proyecto<\/strong><\/p>\n\n\n\n<p><strong>El proyecto previo<\/strong>\u00a0a la obtenci\u00f3n de la declaraci\u00f3n de impacto ambiental,<strong>\u00a0hab\u00eda cumplido con todos los pasos previstos en la Ley N\u00ba 5961 y su Decreto Reglamentario N\u00ba 820\/06.<\/strong>\u00a0Adem\u00e1s, se enmarca dentro de lo dispuesto por la Ley N\u00ba 26.639 para la preservaci\u00f3n de los Glaciares y Ley N\u00ba 6045 de \u00c1reas Naturales Protegidas.<\/p>\n\n\n\n<figure class=\"wp-block-embed is-type-rich is-provider-twitter wp-block-embed-twitter\"><div class=\"wp-block-embed__wrapper\">\n<blockquote class=\"twitter-tweet\" data-width=\"550\" data-dnt=\"true\"><p lang=\"und\" dir=\"ltr\"><a href=\"https:\/\/twitter.com\/hashtag\/MartesDeSesi%C3%B3n?src=hash&amp;ref_src=twsrc%5Etfw\">#MartesDeSesi\u00f3n<\/a> <a href=\"https:\/\/twitter.com\/MauricioSatOk?ref_src=twsrc%5Etfw\">@MauricioSatOk<\/a>, <a href=\"https:\/\/twitter.com\/ClauNaj?ref_src=twsrc%5Etfw\">@ClauNaj<\/a>, <a href=\"https:\/\/twitter.com\/JesicaLaferteOk?ref_src=twsrc%5Etfw\">@JesicaLaferteOk<\/a> e <a href=\"https:\/\/twitter.com\/hildarquiroga?ref_src=twsrc%5Etfw\">@hildarquiroga<\/a> <a href=\"https:\/\/t.co\/yEacy9BXEn\">pic.twitter.com\/yEacy9BXEn<\/a><\/p>&mdash; C\u00e1mara Senadores de Mendoza (@senadomendoza) <a href=\"https:\/\/twitter.com\/senadomendoza\/status\/1625500590607601677?ref_src=twsrc%5Etfw\">February 14, 2023<\/a><\/blockquote><script async src=\"https:\/\/platform.twitter.com\/widgets.js\" charset=\"utf-8\"><\/script>\n<\/div><\/figure>\n\n\n\n<p>\u00a0<\/p>\n\n\n\n<p><strong>Cerro Amarillo realizar\u00e1 la exploraci\u00f3n de cuatro \u00e1reas de Cateo y una mina ubicado en Malarg\u00fce<\/strong>. Es la perforaci\u00f3n de nueve pozos exploratorios de no m\u00e1s de 400 metros de profundidad, con el objeto de determinar el perfilaje geof\u00edsico y evaluar el potencial geol\u00f3gico del yacimiento.&nbsp;<\/p>\n\n\n\n<p>El mineral presente en el yacimiento es sulfuro de cobre, con presencia de otros elementos que, de acuerdo a las t\u00e9cnicas industriales aplicadas de concentrado, se deben extraer mediante flotaci\u00f3n.<\/p>\n\n\n\n<p>El proyecto cumple con lo establecido por la Ley N\u00ba 7722 ya que utiliza el sistema de perforaci\u00f3n de Diamantina sin el uso de sustancias prohibidas por dicha ley y cuenta el mismo con aval del Departamento General de Irrigaci\u00f3n y la Municipalidad de Malarg\u00fce.<\/p>\n\n\n\n<p><strong>Los legisladores que se abstuvieron o votaron negativo dieron su argumento en el recinto.<\/strong><\/p>\n\n\n\n<figure class=\"wp-block-embed is-type-rich is-provider-twitter wp-block-embed-twitter\"><div class=\"wp-block-embed__wrapper\">\n<blockquote class=\"twitter-tweet\" data-width=\"550\" data-dnt=\"true\"><p lang=\"es\" dir=\"ltr\">Los senadores <a href=\"https:\/\/twitter.com\/lucasilardo?ref_src=twsrc%5Etfw\">@lucasilardo<\/a>, <a href=\"https:\/\/twitter.com\/MartinKerchner?ref_src=twsrc%5Etfw\">@MartinKerchner<\/a>, <a href=\"https:\/\/twitter.com\/RolandoBaldasso?ref_src=twsrc%5Etfw\">@RolandoBaldasso<\/a> y <a href=\"https:\/\/twitter.com\/ErnesMancinelli?ref_src=twsrc%5Etfw\">@ErnesMancinelli<\/a> participan de <a href=\"https:\/\/twitter.com\/hashtag\/MartesDeSesi%C3%B3n?src=hash&amp;ref_src=twsrc%5Etfw\">#MartesDeSesi\u00f3n<\/a> <a href=\"https:\/\/t.co\/Y7FSIiCTm2\">pic.twitter.com\/Y7FSIiCTm2<\/a><\/p>&mdash; C\u00e1mara Senadores de Mendoza (@senadomendoza) <a href=\"https:\/\/twitter.com\/senadomendoza\/status\/1625500148112703488?ref_src=twsrc%5Etfw\">February 14, 2023<\/a><\/blockquote><script async src=\"https:\/\/platform.twitter.com\/widgets.js\" charset=\"utf-8\"><\/script>\n<\/div><\/figure>\n","protected":false},"excerpt":{"rendered":"<p>En la sesi\u00f3n de este martes, la&nbsp;C\u00e1mara de Senadores&nbsp;aprob\u00f3 la ratificaci\u00f3n de la&nbsp;Declaraci\u00f3n de Impacto Ambiental&nbsp;(DIA) para la etapa de exploraci\u00f3n del proyecto minero de&nbsp;Cerro Amarillo en Malarg\u00fce.&nbsp; La inciativa&nbsp;fue aprobada por 29 votos positivos, 4 negativos y 5 abstenciones. Pas\u00f3 a Diputados para su revisi\u00f3n.&nbsp; La exploraci\u00f3n est\u00e1 destinada a determinar el volumen y<a class=\"read-more\" href=\"https:\/\/elfederalmendoza.com.ar\/index.php\/2023\/02\/14\/el-senado-aprobo-el-proyecto-cerro-amarillo-con-el-apoyo-de-parte-del-pj\/\"> [&hellip;]<\/a><\/p>\n","protected":false},"author":2,"featured_media":20381,"comment_status":"open","ping_status":"open","sticky":false,"template":"","format":"standard","meta":{"footnotes":""},"categories":[1],"tags":[],"class_list":["post-20377","post","type-post","status-publish","format-standard","has-post-thumbnail","hentry","category-mza"],"rttpg_featured_image_url":{"full":["https:\/\/elfederalmendoza.com.ar\/wp-content\/uploads\/2023\/02\/votos.jpg",1280,853,false],"landscape":["https:\/\/elfederalmendoza.com.ar\/wp-content\/uploads\/2023\/02\/votos.jpg",1280,853,false],"portraits":["https:\/\/elfederalmendoza.com.ar\/wp-content\/uploads\/2023\/02\/votos.jpg",1280,853,false],"thumbnail":["https:\/\/elfederalmendoza.com.ar\/wp-content\/uploads\/2023\/02\/votos-150x150.jpg",150,150,true],"medium":["https:\/\/elfederalmendoza.com.ar\/wp-content\/uploads\/2023\/02\/votos-300x200.jpg",300,200,true],"large":["https:\/\/elfederalmendoza.com.ar\/wp-content\/uploads\/2023\/02\/votos-1024x682.jpg",640,426,true],"1536x1536":["https:\/\/elfederalmendoza.com.ar\/wp-content\/uploads\/2023\/02\/votos.jpg",1280,853,false],"2048x2048":["https:\/\/elfederalmendoza.com.ar\/wp-content\/uploads\/2023\/02\/votos.jpg",1280,853,false],"ultp_layout_landscape_large":["https:\/\/elfederalmendoza.com.ar\/wp-content\/uploads\/2023\/02\/votos-1200x800.jpg",1200,800,true],"ultp_layout_landscape":["https:\/\/elfederalmendoza.com.ar\/wp-content\/uploads\/2023\/02\/votos-870x570.jpg",870,570,true],"ultp_layout_portrait":["https:\/\/elfederalmendoza.com.ar\/wp-content\/uploads\/2023\/02\/votos-600x853.jpg",600,853,true],"ultp_layout_square":["https:\/\/elfederalmendoza.com.ar\/wp-content\/uploads\/2023\/02\/votos-600x600.jpg",600,600,true],"rpwe-thumbnail":["https:\/\/elfederalmendoza.com.ar\/wp-content\/uploads\/2023\/02\/votos-45x45.jpg",45,45,true],"advps-thumb-one":["https:\/\/elfederalmendoza.com.ar\/wp-content\/uploads\/2023\/02\/votos-1200x420.jpg",1200,420,true]},"rttpg_author":{"display_name":"Redacci\u00f3n El Federal","author_link":"https:\/\/elfederalmendoza.com.ar\/index.php\/author\/angelflores\/"},"rttpg_comment":0,"rttpg_category":"<a href=\"https:\/\/elfederalmendoza.com.ar\/index.php\/category\/mza\/\" rel=\"category tag\">Mendoza<\/a>","rttpg_excerpt":"En la sesi\u00f3n de este martes, la&nbsp;C\u00e1mara de Senadores&nbsp;aprob\u00f3 la ratificaci\u00f3n de la&nbsp;Declaraci\u00f3n de Impacto Ambiental&nbsp;(DIA) para la etapa de exploraci\u00f3n del proyecto minero de&nbsp;Cerro Amarillo en Malarg\u00fce.&nbsp; La inciativa&nbsp;fue aprobada por 29 votos positivos, 4 negativos y 5 abstenciones. Pas\u00f3 a Diputados para su revisi\u00f3n.&nbsp; La exploraci\u00f3n est\u00e1 destinada a determinar el volumen y&hellip;","_links":{"self":[{"href":"https:\/\/elfederalmendoza.com.ar\/index.php\/wp-json\/wp\/v2\/posts\/20377","targetHints":{"allow":["GET"]}}],"collection":[{"href":"https:\/\/elfederalmendoza.com.ar\/index.php\/wp-json\/wp\/v2\/posts"}],"about":[{"href":"https:\/\/elfederalmendoza.com.ar\/index.php\/wp-json\/wp\/v2\/types\/post"}],"author":[{"embeddable":true,"href":"https:\/\/elfederalmendoza.com.ar\/index.php\/wp-json\/wp\/v2\/users\/2"}],"replies":[{"embeddable":true,"href":"https:\/\/elfederalmendoza.com.ar\/index.php\/wp-json\/wp\/v2\/comments?post=20377"}],"version-history":[{"count":2,"href":"https:\/\/elfederalmendoza.com.ar\/index.php\/wp-json\/wp\/v2\/posts\/20377\/revisions"}],"predecessor-version":[{"id":20387,"href":"https:\/\/elfederalmendoza.com.ar\/index.php\/wp-json\/wp\/v2\/posts\/20377\/revisions\/20387"}],"wp:featuredmedia":[{"embeddable":true,"href":"https:\/\/elfederalmendoza.com.ar\/index.php\/wp-json\/wp\/v2\/media\/20381"}],"wp:attachment":[{"href":"https:\/\/elfederalmendoza.com.ar\/index.php\/wp-json\/wp\/v2\/media?parent=20377"}],"wp:term":[{"taxonomy":"category","embeddable":true,"href":"https:\/\/elfederalmendoza.com.ar\/index.php\/wp-json\/wp\/v2\/categories?post=20377"},{"taxonomy":"post_tag","embeddable":true,"href":"https:\/\/elfederalmendoza.com.ar\/index.php\/wp-json\/wp\/v2\/tags?post=20377"}],"curies":[{"name":"wp","href":"https:\/\/api.w.org\/{rel}","templated":true}]}}