{"id":20388,"date":"2023-02-14T17:55:00","date_gmt":"2023-02-14T20:55:00","guid":{"rendered":"https:\/\/elfederalmendoza.com\/?p=20388"},"modified":"2023-02-14T20:17:06","modified_gmt":"2023-02-14T23:17:06","slug":"alivio-entre-productores-mendocinos-argentina-tendra-una-cuota-de-40-mil-toneladas-de-mosto-concentrado-para-exportar-a-eeuu","status":"publish","type":"post","link":"https:\/\/elfederalmendoza.com.ar\/index.php\/2023\/02\/14\/alivio-entre-productores-mendocinos-argentina-tendra-una-cuota-de-40-mil-toneladas-de-mosto-concentrado-para-exportar-a-eeuu\/","title":{"rendered":"Alivio con cautela entre productores mendocinos: Argentina tendr\u00e1 una cuota de 40 mil toneladas de mosto concentrado para exportar a EEUU"},"content":{"rendered":"\n<p>Entre el alivio, pero tambi\u00e9n la cautela, as\u00ed reaccionaron los empresarios mendocinos respecto al acuerdo que este martes&nbsp;<strong>Argentina&nbsp;<\/strong>firm\u00f3 con el departamento de comercio de<strong>&nbsp;Estados Unidos&nbsp;<\/strong>y que permite darle al sector vitivin\u00edcola local una cuota de 40 mil toneladas anuales de<strong>&nbsp;Jugo de Uva Concentrado<\/strong>&nbsp;(JUC) para exportar a ese pa\u00eds, al mismo tiempo que se suspende la investigaci\u00f3n que pesaba sobre la industria y que limitaba su acceso al mercado del norte.<\/p>\n\n\n\n<p>Ambos pa\u00edses\u00a0<mark>establecieron una cuota exportable que ronda las 40 mil toneladas anuales, volumen que refleja los promedios hist\u00f3ricos de exportaci\u00f3n a este destino<\/mark>. <\/p>\n\n\n\n<p>El mosto es un edulcorante natural que parte de procesos industriales en jaleas, gaseosas y panificados. Este producto se exporta en conjunto con San Juan y dependiendo de la disponibilidad de materia prima en a\u00f1os de baja 90.000 toneladas y hasta 150.000, informaron desde la C\u00e1mara de Exportadores de Mosto.<\/p>\n\n\n\n<p>El presidente del INV,&nbsp;<strong>Mart\u00edn Hinojosa,<\/strong>&nbsp;destac\u00f3 a<em>&nbsp;El Sol&nbsp;<\/em>que este acuerdo es in\u00e9dito debido a que el mercado en ese pa\u00eds representa el 40% de la exportaci\u00f3n del mundo y significar\u00e1n&nbsp;<mark>un importe de 50 millones de d\u00f3lares<\/mark>&nbsp;.<\/p>\n\n\n\n<p>\u201cPodemos exportar\u00a0<mark>sin sanciones, aranceles ni restricciones\u00a0<\/mark>y nos permite que el mosto siga siendo comprado por Estados Unidos\u201d, sostuvo el titular del INV.<\/p>\n\n\n\n<p>Este acuerdo se complementa con un acuerdo similar iniciado por el sector privado en la misma fecha, para suspender una&nbsp;<mark>investigaci\u00f3n paralela por supuesto dumping<\/mark>\u2013 pr\u00e1ctica comercial que consiste en vender un producto por debajo de su precio normal-.<\/p>\n\n\n\n<p>\u201cEra muy grave la acusaci\u00f3n que nos hab\u00edan impuesto por el dumping y el subsidio que una empresa estadounidense hab\u00eda impuesto y pod\u00eda afectarnos la exportaci\u00f3n de mosto en Argentina. Por lo tanto, es un alivio que se haya logrado este acuerdo\u201d, sostuvo&nbsp;<strong>Sergio Villanueva<\/strong>, director ejecutivo de la Uni\u00f3n Vitivin\u00edcola Argentina.<\/p>\n\n\n\n<p>Uno de los empresarios vitivin\u00edcolas que se mostraron cautos fue el presidente de la Asociaci\u00f3n de Cooperativas Vitin\u00edcolas (ACOVI),&nbsp;<strong>Fabi\u00e1n Ruggeri,<\/strong>&nbsp;quien se\u00f1al\u00f3 que \u201c<mark>hay que esperar ver la letra chica<\/mark>\u201d que se publicar\u00e1 en el Bolet\u00edn Oficial de Estados Unidos para repirar de alivio.<\/p>\n\n\n\n<p>\u201cNo es 100% tranquilizador, es un buen acuerdo porque si no lo hubieran logrado, tendr\u00edamos mayor porcentaje de recarga para ingresar a ese pa\u00eds. Adem\u00e1s de restringir el volumen y establecer un valor piso a los valores que se pod\u00edan ingresar\u201d, consider\u00f3 Ruggeri, quien se\u00f1al\u00f3 que otra de las consecuencias que tendr\u00edan es que quedar\u00edan fuera del mercado.<\/p>\n\n\n\n<p>Lo mismo sostuvo el gerente de la C\u00e1mara de Exportadores de Mosto,\u00a0<strong>Rodolfo Paolucci,\u00a0<\/strong>quien coment\u00f3 que a\u00fan no pueden comunicar nada oficial porque no cuentan con el mandato de los asociados que deben expresar su postura.<\/p>\n\n\n\n<p><em>Fuente: El Sol<\/em><\/p>\n","protected":false},"excerpt":{"rendered":"<p>Entre el alivio, pero tambi\u00e9n la cautela, as\u00ed reaccionaron los empresarios mendocinos respecto al acuerdo que este martes&nbsp;Argentina&nbsp;firm\u00f3 con el departamento de comercio de&nbsp;Estados Unidos&nbsp;y que permite darle al sector vitivin\u00edcola local una cuota de 40 mil toneladas anuales de&nbsp;Jugo de Uva Concentrado&nbsp;(JUC) para exportar a ese pa\u00eds, al mismo tiempo que se suspende la<a class=\"read-more\" href=\"https:\/\/elfederalmendoza.com.ar\/index.php\/2023\/02\/14\/alivio-entre-productores-mendocinos-argentina-tendra-una-cuota-de-40-mil-toneladas-de-mosto-concentrado-para-exportar-a-eeuu\/\"> [&hellip;]<\/a><\/p>\n","protected":false},"author":2,"featured_media":20390,"comment_status":"open","ping_status":"open","sticky":false,"template":"","format":"standard","meta":{"footnotes":""},"categories":[1],"tags":[],"class_list":["post-20388","post","type-post","status-publish","format-standard","has-post-thumbnail","hentry","category-mza"],"rttpg_featured_image_url":{"full":["https:\/\/elfederalmendoza.com.ar\/wp-content\/uploads\/2023\/02\/8524482c9e4f44ab9d2c9d9af3b413480f279501e4ab9135_840.jpg",840,473,false],"landscape":["https:\/\/elfederalmendoza.com.ar\/wp-content\/uploads\/2023\/02\/8524482c9e4f44ab9d2c9d9af3b413480f279501e4ab9135_840.jpg",840,473,false],"portraits":["https:\/\/elfederalmendoza.com.ar\/wp-content\/uploads\/2023\/02\/8524482c9e4f44ab9d2c9d9af3b413480f279501e4ab9135_840.jpg",840,473,false],"thumbnail":["https:\/\/elfederalmendoza.com.ar\/wp-content\/uploads\/2023\/02\/8524482c9e4f44ab9d2c9d9af3b413480f279501e4ab9135_840-150x150.jpg",150,150,true],"medium":["https:\/\/elfederalmendoza.com.ar\/wp-content\/uploads\/2023\/02\/8524482c9e4f44ab9d2c9d9af3b413480f279501e4ab9135_840-300x169.jpg",300,169,true],"large":["https:\/\/elfederalmendoza.com.ar\/wp-content\/uploads\/2023\/02\/8524482c9e4f44ab9d2c9d9af3b413480f279501e4ab9135_840.jpg",640,360,false],"1536x1536":["https:\/\/elfederalmendoza.com.ar\/wp-content\/uploads\/2023\/02\/8524482c9e4f44ab9d2c9d9af3b413480f279501e4ab9135_840.jpg",840,473,false],"2048x2048":["https:\/\/elfederalmendoza.com.ar\/wp-content\/uploads\/2023\/02\/8524482c9e4f44ab9d2c9d9af3b413480f279501e4ab9135_840.jpg",840,473,false],"ultp_layout_landscape_large":["https:\/\/elfederalmendoza.com.ar\/wp-content\/uploads\/2023\/02\/8524482c9e4f44ab9d2c9d9af3b413480f279501e4ab9135_840.jpg",840,473,false],"ultp_layout_landscape":["https:\/\/elfederalmendoza.com.ar\/wp-content\/uploads\/2023\/02\/8524482c9e4f44ab9d2c9d9af3b413480f279501e4ab9135_840.jpg",840,473,false],"ultp_layout_portrait":["https:\/\/elfederalmendoza.com.ar\/wp-content\/uploads\/2023\/02\/8524482c9e4f44ab9d2c9d9af3b413480f279501e4ab9135_840-600x473.jpg",600,473,true],"ultp_layout_square":["https:\/\/elfederalmendoza.com.ar\/wp-content\/uploads\/2023\/02\/8524482c9e4f44ab9d2c9d9af3b413480f279501e4ab9135_840-600x473.jpg",600,473,true],"rpwe-thumbnail":["https:\/\/elfederalmendoza.com.ar\/wp-content\/uploads\/2023\/02\/8524482c9e4f44ab9d2c9d9af3b413480f279501e4ab9135_840-45x45.jpg",45,45,true],"advps-thumb-one":["https:\/\/elfederalmendoza.com.ar\/wp-content\/uploads\/2023\/02\/8524482c9e4f44ab9d2c9d9af3b413480f279501e4ab9135_840-840x420.jpg",840,420,true]},"rttpg_author":{"display_name":"Redacci\u00f3n El Federal","author_link":"https:\/\/elfederalmendoza.com.ar\/index.php\/author\/angelflores\/"},"rttpg_comment":0,"rttpg_category":"<a href=\"https:\/\/elfederalmendoza.com.ar\/index.php\/category\/mza\/\" rel=\"category tag\">Mendoza<\/a>","rttpg_excerpt":"Entre el alivio, pero tambi\u00e9n la cautela, as\u00ed reaccionaron los empresarios mendocinos respecto al acuerdo que este martes&nbsp;Argentina&nbsp;firm\u00f3 con el departamento de comercio de&nbsp;Estados Unidos&nbsp;y que permite darle al sector vitivin\u00edcola local una cuota de 40 mil toneladas anuales de&nbsp;Jugo de Uva Concentrado&nbsp;(JUC) para exportar a ese pa\u00eds, al mismo tiempo que se suspende la&hellip;","_links":{"self":[{"href":"https:\/\/elfederalmendoza.com.ar\/index.php\/wp-json\/wp\/v2\/posts\/20388","targetHints":{"allow":["GET"]}}],"collection":[{"href":"https:\/\/elfederalmendoza.com.ar\/index.php\/wp-json\/wp\/v2\/posts"}],"about":[{"href":"https:\/\/elfederalmendoza.com.ar\/index.php\/wp-json\/wp\/v2\/types\/post"}],"author":[{"embeddable":true,"href":"https:\/\/elfederalmendoza.com.ar\/index.php\/wp-json\/wp\/v2\/users\/2"}],"replies":[{"embeddable":true,"href":"https:\/\/elfederalmendoza.com.ar\/index.php\/wp-json\/wp\/v2\/comments?post=20388"}],"version-history":[{"count":3,"href":"https:\/\/elfederalmendoza.com.ar\/index.php\/wp-json\/wp\/v2\/posts\/20388\/revisions"}],"predecessor-version":[{"id":20393,"href":"https:\/\/elfederalmendoza.com.ar\/index.php\/wp-json\/wp\/v2\/posts\/20388\/revisions\/20393"}],"wp:featuredmedia":[{"embeddable":true,"href":"https:\/\/elfederalmendoza.com.ar\/index.php\/wp-json\/wp\/v2\/media\/20390"}],"wp:attachment":[{"href":"https:\/\/elfederalmendoza.com.ar\/index.php\/wp-json\/wp\/v2\/media?parent=20388"}],"wp:term":[{"taxonomy":"category","embeddable":true,"href":"https:\/\/elfederalmendoza.com.ar\/index.php\/wp-json\/wp\/v2\/categories?post=20388"},{"taxonomy":"post_tag","embeddable":true,"href":"https:\/\/elfederalmendoza.com.ar\/index.php\/wp-json\/wp\/v2\/tags?post=20388"}],"curies":[{"name":"wp","href":"https:\/\/api.w.org\/{rel}","templated":true}]}}