{"id":20394,"date":"2023-02-14T21:16:25","date_gmt":"2023-02-15T00:16:25","guid":{"rendered":"https:\/\/elfederalmendoza.com\/?p=20394"},"modified":"2023-02-14T21:30:10","modified_gmt":"2023-02-15T00:30:10","slug":"captan-ovnis-en-el-cielo-de-mendoza-fueron-vistos-en-el-carrizal-carrodilla-y-la-impactante-foto-de-un-objeto-volador-no-identificado-en-maipu","status":"publish","type":"post","link":"https:\/\/elfederalmendoza.com.ar\/index.php\/2023\/02\/14\/captan-ovnis-en-el-cielo-de-mendoza-fueron-vistos-en-el-carrizal-carrodilla-y-la-impactante-foto-de-un-objeto-volador-no-identificado-en-maipu\/","title":{"rendered":"Captan ovnis en el cielo de Mendoza: fueron vistos en El Carrizal, Carrodilla y la impactante foto de un objeto volador no identificado en Maip\u00fa"},"content":{"rendered":"\n<p>El mundo se encuentra revolucionado con la aparici\u00f3n de diversos ovnis en distintos lugares del mundo, y sobre todo, por el derribo de tres objetos voladores no identificados en Canad\u00e1 y Alaska. <strong>Una vecina de Carrodilla capt\u00f3 en fotos, extra\u00f1as luces en el cielo de Mendoza.<\/strong><\/p>\n\n\n\n<p>Los objetos voladores no identificados (<strong>ovni<\/strong>) que fueron&nbsp;vistos en el espacio a\u00e9reo norteamericano&nbsp;tiene al mundo en vilo: sin embargo, en las \u00faltimas horas las autoridades canadienses reconocieron que, por tama\u00f1o y caracter\u00edsticas, no han podido seguirlos con los radares.<\/p>\n\n\n\n<figure class=\"wp-block-image size-full is-resized\"><img loading=\"lazy\" decoding=\"async\" src=\"https:\/\/elfederalmendoza.com\/wp-content\/uploads\/2023\/02\/ministro-canada.jpg\" alt=\"\" class=\"wp-image-20395\" width=\"960\" height=\"595\" srcset=\"https:\/\/elfederalmendoza.com.ar\/wp-content\/uploads\/2023\/02\/ministro-canada.jpg 758w, https:\/\/elfederalmendoza.com.ar\/wp-content\/uploads\/2023\/02\/ministro-canada-300x186.jpg 300w\" sizes=\"auto, (max-width: 960px) 100vw, 960px\" \/><\/figure>\n\n\n\n<p>Paul Pr\u00e9vost, director del Estado Mayor Estrat\u00e9gico Conjunto de las Fuerzas Armadas Canadienses, admiti\u00f3 las dificultades para detectar estos objetos:&nbsp;\u00abEstamos estudiando c\u00f3mo podemos responder en el futuro a estas deficiencias\u00bb, declar\u00f3.&nbsp;<\/p>\n\n\n\n<p>El militar admiti\u00f3 que la principal sospecha es que se trate de globos, aunque remarc\u00f3 que &#8211; de momento &#8211; es solo una suposici\u00f3n.&nbsp;De los tres objetos que fueron abatidos desde el viernes en Norteam\u00e9rica, dos cayeron en&nbsp;<strong>Canad\u00e1<\/strong>. <strong>El primero hab\u00eda sido derribado en Alaska.&nbsp;<\/strong><\/p>\n\n\n\n<h2 class=\"wp-block-heading\"><strong>OVNIS EN MENDOZA<\/strong><\/h2>\n\n\n\n<p>Una vecina del barrio EPA en Carrodilla, Luj\u00e1n de Cuyo, <strong>capt\u00f3 en foto el avistamiento de luces extra\u00f1as<\/strong> el 12 de enero desde el patio de su casa a las 3:30 de la madrugada.<\/p>\n\n\n\n<figure class=\"wp-block-image size-large\"><img loading=\"lazy\" decoding=\"async\" width=\"1024\" height=\"576\" src=\"https:\/\/elfederalmendoza.com\/wp-content\/uploads\/2023\/02\/ovnis-mendoza1-1024x576.jpg\" alt=\"\" class=\"wp-image-20396\" srcset=\"https:\/\/elfederalmendoza.com.ar\/wp-content\/uploads\/2023\/02\/ovnis-mendoza1-1024x576.jpg 1024w, https:\/\/elfederalmendoza.com.ar\/wp-content\/uploads\/2023\/02\/ovnis-mendoza1-300x169.jpg 300w, https:\/\/elfederalmendoza.com.ar\/wp-content\/uploads\/2023\/02\/ovnis-mendoza1-768x432.jpg 768w, https:\/\/elfederalmendoza.com.ar\/wp-content\/uploads\/2023\/02\/ovnis-mendoza1-1536x864.jpg 1536w, https:\/\/elfederalmendoza.com.ar\/wp-content\/uploads\/2023\/02\/ovnis-mendoza1.jpg 1600w\" sizes=\"auto, (max-width: 1024px) 100vw, 1024px\" \/><figcaption class=\"wp-element-caption\">Foto captada por una vecina de Carrodilla<\/figcaption><\/figure>\n\n\n\n<p>\u00abEra una hilera de luces que se mov\u00edan a gran velocidad\u00bb, dijo a nuestra redacci\u00f3n. \u00abNo pod\u00eda dormir y sal\u00ed a fumar al patio cuando mirando al cielo vi las extra\u00f1as luces, saqu\u00e9 mi celular y capt\u00e9 esa foto\u00bb, agreg\u00f3.<\/p>\n\n\n\n<figure class=\"wp-block-image size-large\"><img loading=\"lazy\" decoding=\"async\" width=\"1024\" height=\"710\" src=\"https:\/\/elfederalmendoza.com\/wp-content\/uploads\/2023\/02\/zoom-ovni-mendoza-1024x710.jpg\" alt=\"\" class=\"wp-image-20398\" srcset=\"https:\/\/elfederalmendoza.com.ar\/wp-content\/uploads\/2023\/02\/zoom-ovni-mendoza-1024x710.jpg 1024w, https:\/\/elfederalmendoza.com.ar\/wp-content\/uploads\/2023\/02\/zoom-ovni-mendoza-300x208.jpg 300w, https:\/\/elfederalmendoza.com.ar\/wp-content\/uploads\/2023\/02\/zoom-ovni-mendoza-768x533.jpg 768w, https:\/\/elfederalmendoza.com.ar\/wp-content\/uploads\/2023\/02\/zoom-ovni-mendoza.jpg 1028w\" sizes=\"auto, (max-width: 1024px) 100vw, 1024px\" \/><figcaption class=\"wp-element-caption\">Zoom de la foto original<\/figcaption><\/figure>\n\n\n\n<p><strong>El mismo d\u00eda<\/strong>, otra persona que se encontraba de noche pescando en la zona de El Carrizal, alcanz\u00f3 a filmar con su tel\u00e9fono un punto brillante en el cielo nocturno.<\/p>\n\n\n\n<p>\u201cEn un momento llegaron a ser cinco -luces-, que estaban alineadas y estuvieron dando vueltas durante tres horas\u201c, indic\u00f3 el testigo que hab\u00eda ido a pescar al dique.<\/p>\n\n\n\n<p>Seg\u00fan narr\u00f3, estas luces \u201cestaban dando vueltas en c\u00edrculos\u201d. Pero ten\u00edan una conducta err\u00e1tica: \u201cAparec\u00edan y desaparec\u00edan\u201c. El pescador se\u00f1al\u00f3 que se hab\u00edan ubicado sobre el pared\u00f3n del dique y las luces pod\u00edan observarse hacia el sur, a una altura media, descripci\u00f3n similar a lo visto por la vecina de Carrodilla el mismo d\u00eda.<\/p>\n\n\n\n<p>En Facebook el 10 de febrero, se public\u00f3 un impactante avistamiento en la localidad de Maip\u00fa en Mendoza. La p\u00e1gina <a href=\"https:\/\/www.facebook.com\/groups\/1607528189468689\/\">Ovnis y Extraterrestres Maya Ufo JBM<\/a> se dedica a mostrar fen\u00f3menos y avistamientos en todo el mundo. <\/p>\n\n\n\n<figure class=\"wp-block-image size-full is-resized\"><img loading=\"lazy\" decoding=\"async\" src=\"https:\/\/elfederalmendoza.com\/wp-content\/uploads\/2023\/02\/ovni-mendoza.jpg\" alt=\"\" class=\"wp-image-20403\" width=\"962\" height=\"1183\" srcset=\"https:\/\/elfederalmendoza.com.ar\/wp-content\/uploads\/2023\/02\/ovni-mendoza.jpg 496w, https:\/\/elfederalmendoza.com.ar\/wp-content\/uploads\/2023\/02\/ovni-mendoza-244x300.jpg 244w\" sizes=\"auto, (max-width: 962px) 100vw, 962px\" \/><\/figure>\n\n\n\n<h2 class=\"wp-block-heading\"><strong>LAS FOTOS<\/strong><\/h2>\n\n\n\n<figure class=\"wp-block-image size-full is-resized\"><img loading=\"lazy\" decoding=\"async\" src=\"https:\/\/elfederalmendoza.com\/wp-content\/uploads\/2023\/02\/SIN-FECHA.jpg\" alt=\"\" class=\"wp-image-20410\" width=\"964\" height=\"516\" srcset=\"https:\/\/elfederalmendoza.com.ar\/wp-content\/uploads\/2023\/02\/SIN-FECHA.jpg 877w, https:\/\/elfederalmendoza.com.ar\/wp-content\/uploads\/2023\/02\/SIN-FECHA-300x160.jpg 300w, https:\/\/elfederalmendoza.com.ar\/wp-content\/uploads\/2023\/02\/SIN-FECHA-768x411.jpg 768w\" sizes=\"auto, (max-width: 964px) 100vw, 964px\" \/><\/figure>\n\n\n\n<figure class=\"wp-block-image size-large is-resized\"><img loading=\"lazy\" decoding=\"async\" src=\"https:\/\/elfederalmendoza.com\/wp-content\/uploads\/2023\/02\/MAIPU1-858x1024.jpg\" alt=\"\" class=\"wp-image-20405\" width=\"951\" height=\"1135\" srcset=\"https:\/\/elfederalmendoza.com.ar\/wp-content\/uploads\/2023\/02\/MAIPU1-858x1024.jpg 858w, https:\/\/elfederalmendoza.com.ar\/wp-content\/uploads\/2023\/02\/MAIPU1-251x300.jpg 251w, https:\/\/elfederalmendoza.com.ar\/wp-content\/uploads\/2023\/02\/MAIPU1-768x916.jpg 768w, https:\/\/elfederalmendoza.com.ar\/wp-content\/uploads\/2023\/02\/MAIPU1.jpg 989w\" sizes=\"auto, (max-width: 951px) 100vw, 951px\" \/><\/figure>\n\n\n\n<figure class=\"wp-block-image size-full is-resized\"><img loading=\"lazy\" decoding=\"async\" src=\"https:\/\/elfederalmendoza.com\/wp-content\/uploads\/2023\/02\/MAIPU2.jpg\" alt=\"\" class=\"wp-image-20406\" width=\"957\" height=\"1146\" srcset=\"https:\/\/elfederalmendoza.com.ar\/wp-content\/uploads\/2023\/02\/MAIPU2.jpg 802w, https:\/\/elfederalmendoza.com.ar\/wp-content\/uploads\/2023\/02\/MAIPU2-251x300.jpg 251w, https:\/\/elfederalmendoza.com.ar\/wp-content\/uploads\/2023\/02\/MAIPU2-768x919.jpg 768w\" sizes=\"auto, (max-width: 957px) 100vw, 957px\" \/><\/figure>\n\n\n\n<figure class=\"wp-block-image size-large is-resized\"><img loading=\"lazy\" decoding=\"async\" src=\"https:\/\/elfederalmendoza.com\/wp-content\/uploads\/2023\/02\/MAIPU4-877x1024.jpg\" alt=\"\" class=\"wp-image-20407\" width=\"963\" height=\"1124\" srcset=\"https:\/\/elfederalmendoza.com.ar\/wp-content\/uploads\/2023\/02\/MAIPU4-877x1024.jpg 877w, https:\/\/elfederalmendoza.com.ar\/wp-content\/uploads\/2023\/02\/MAIPU4-257x300.jpg 257w, https:\/\/elfederalmendoza.com.ar\/wp-content\/uploads\/2023\/02\/MAIPU4-768x897.jpg 768w, https:\/\/elfederalmendoza.com.ar\/wp-content\/uploads\/2023\/02\/MAIPU4.jpg 1050w\" sizes=\"auto, (max-width: 963px) 100vw, 963px\" \/><\/figure>\n","protected":false},"excerpt":{"rendered":"<p>El mundo se encuentra revolucionado con la aparici\u00f3n de diversos ovnis en distintos lugares del mundo, y sobre todo, por el derribo de tres objetos voladores no identificados en Canad\u00e1 y Alaska. Una vecina de Carrodilla capt\u00f3 en fotos, extra\u00f1as luces en el cielo de Mendoza. Los objetos voladores no identificados (ovni) que fueron&nbsp;vistos en<a class=\"read-more\" href=\"https:\/\/elfederalmendoza.com.ar\/index.php\/2023\/02\/14\/captan-ovnis-en-el-cielo-de-mendoza-fueron-vistos-en-el-carrizal-carrodilla-y-la-impactante-foto-de-un-objeto-volador-no-identificado-en-maipu\/\"> [&hellip;]<\/a><\/p>\n","protected":false},"author":2,"featured_media":20408,"comment_status":"open","ping_status":"open","sticky":false,"template":"","format":"standard","meta":{"footnotes":""},"categories":[1],"tags":[],"class_list":["post-20394","post","type-post","status-publish","format-standard","has-post-thumbnail","hentry","category-mza"],"rttpg_featured_image_url":{"full":["https:\/\/elfederalmendoza.com.ar\/wp-content\/uploads\/2023\/02\/maipu-ovni.jpg",924,581,false],"landscape":["https:\/\/elfederalmendoza.com.ar\/wp-content\/uploads\/2023\/02\/maipu-ovni.jpg",924,581,false],"portraits":["https:\/\/elfederalmendoza.com.ar\/wp-content\/uploads\/2023\/02\/maipu-ovni.jpg",924,581,false],"thumbnail":["https:\/\/elfederalmendoza.com.ar\/wp-content\/uploads\/2023\/02\/maipu-ovni-150x150.jpg",150,150,true],"medium":["https:\/\/elfederalmendoza.com.ar\/wp-content\/uploads\/2023\/02\/maipu-ovni-300x189.jpg",300,189,true],"large":["https:\/\/elfederalmendoza.com.ar\/wp-content\/uploads\/2023\/02\/maipu-ovni.jpg",640,402,false],"1536x1536":["https:\/\/elfederalmendoza.com.ar\/wp-content\/uploads\/2023\/02\/maipu-ovni.jpg",924,581,false],"2048x2048":["https:\/\/elfederalmendoza.com.ar\/wp-content\/uploads\/2023\/02\/maipu-ovni.jpg",924,581,false],"ultp_layout_landscape_large":["https:\/\/elfederalmendoza.com.ar\/wp-content\/uploads\/2023\/02\/maipu-ovni.jpg",924,581,false],"ultp_layout_landscape":["https:\/\/elfederalmendoza.com.ar\/wp-content\/uploads\/2023\/02\/maipu-ovni-870x570.jpg",870,570,true],"ultp_layout_portrait":["https:\/\/elfederalmendoza.com.ar\/wp-content\/uploads\/2023\/02\/maipu-ovni-600x581.jpg",600,581,true],"ultp_layout_square":["https:\/\/elfederalmendoza.com.ar\/wp-content\/uploads\/2023\/02\/maipu-ovni-600x581.jpg",600,581,true],"rpwe-thumbnail":["https:\/\/elfederalmendoza.com.ar\/wp-content\/uploads\/2023\/02\/maipu-ovni-45x45.jpg",45,45,true],"advps-thumb-one":["https:\/\/elfederalmendoza.com.ar\/wp-content\/uploads\/2023\/02\/maipu-ovni-924x420.jpg",924,420,true]},"rttpg_author":{"display_name":"Redacci\u00f3n El Federal","author_link":"https:\/\/elfederalmendoza.com.ar\/index.php\/author\/angelflores\/"},"rttpg_comment":0,"rttpg_category":"<a href=\"https:\/\/elfederalmendoza.com.ar\/index.php\/category\/mza\/\" rel=\"category tag\">Mendoza<\/a>","rttpg_excerpt":"El mundo se encuentra revolucionado con la aparici\u00f3n de diversos ovnis en distintos lugares del mundo, y sobre todo, por el derribo de tres objetos voladores no identificados en Canad\u00e1 y Alaska. Una vecina de Carrodilla capt\u00f3 en fotos, extra\u00f1as luces en el cielo de Mendoza. Los objetos voladores no identificados (ovni) que fueron&nbsp;vistos en&hellip;","_links":{"self":[{"href":"https:\/\/elfederalmendoza.com.ar\/index.php\/wp-json\/wp\/v2\/posts\/20394","targetHints":{"allow":["GET"]}}],"collection":[{"href":"https:\/\/elfederalmendoza.com.ar\/index.php\/wp-json\/wp\/v2\/posts"}],"about":[{"href":"https:\/\/elfederalmendoza.com.ar\/index.php\/wp-json\/wp\/v2\/types\/post"}],"author":[{"embeddable":true,"href":"https:\/\/elfederalmendoza.com.ar\/index.php\/wp-json\/wp\/v2\/users\/2"}],"replies":[{"embeddable":true,"href":"https:\/\/elfederalmendoza.com.ar\/index.php\/wp-json\/wp\/v2\/comments?post=20394"}],"version-history":[{"count":2,"href":"https:\/\/elfederalmendoza.com.ar\/index.php\/wp-json\/wp\/v2\/posts\/20394\/revisions"}],"predecessor-version":[{"id":20412,"href":"https:\/\/elfederalmendoza.com.ar\/index.php\/wp-json\/wp\/v2\/posts\/20394\/revisions\/20412"}],"wp:featuredmedia":[{"embeddable":true,"href":"https:\/\/elfederalmendoza.com.ar\/index.php\/wp-json\/wp\/v2\/media\/20408"}],"wp:attachment":[{"href":"https:\/\/elfederalmendoza.com.ar\/index.php\/wp-json\/wp\/v2\/media?parent=20394"}],"wp:term":[{"taxonomy":"category","embeddable":true,"href":"https:\/\/elfederalmendoza.com.ar\/index.php\/wp-json\/wp\/v2\/categories?post=20394"},{"taxonomy":"post_tag","embeddable":true,"href":"https:\/\/elfederalmendoza.com.ar\/index.php\/wp-json\/wp\/v2\/tags?post=20394"}],"curies":[{"name":"wp","href":"https:\/\/api.w.org\/{rel}","templated":true}]}}