{"id":20413,"date":"2023-02-15T12:51:00","date_gmt":"2023-02-15T15:51:00","guid":{"rendered":"https:\/\/elfederalmendoza.com\/?p=20413"},"modified":"2023-02-15T12:56:33","modified_gmt":"2023-02-15T15:56:33","slug":"murio-una-policia-de-mendoza-en-un-accidente-en-la-pampa-y-el-resto-de-sus-familiares-quedaron-en-grave-estado","status":"publish","type":"post","link":"https:\/\/elfederalmendoza.com.ar\/index.php\/2023\/02\/15\/murio-una-policia-de-mendoza-en-un-accidente-en-la-pampa-y-el-resto-de-sus-familiares-quedaron-en-grave-estado\/","title":{"rendered":"Muri\u00f3 una polic\u00eda de Mendoza en un accidente en La Pampa: su esposo y sus hijos est\u00e1n graves"},"content":{"rendered":"\n<p><strong>Una mujer polic\u00eda de Mendoza muri\u00f3 en un tr\u00e1gico accidente&nbsp;<\/strong>ocurrido junto a su esposo, quien tambi\u00e9n es polic\u00eda, y sus tres hijos, cuando viajaban en camioneta por la Ruta 188 en<strong>&nbsp;La Pampa<\/strong>. La v\u00edctima fatal sali\u00f3 despedida del veh\u00edculo al volcar y dar varios tumbos. Indicaron que su marido est\u00e1 en grave estado y los chicos permanecen internados.<\/p>\n\n\n\n<p>La mujer fue identificada como&nbsp;<strong>Vanina Vizgarra, oriunda de Tunuy\u00e1n<\/strong>, donde se desempe\u00f1aba en la&nbsp;<strong>Polic\u00eda Cient\u00edfica del Valle de Uco<\/strong>. Su marido,&nbsp;<strong>Lucas Carmona, tambi\u00e9n es polic\u00eda de Mendoza<\/strong>&nbsp;y oriundo de Tunuy\u00e1n, donde viv\u00edan junto a sus&nbsp;<strong>tres hijos de 1 a\u00f1o y 7 meses, 7 a\u00f1os y 12 a\u00f1os.<\/strong><\/p>\n\n\n\n<figure class=\"wp-block-image size-large\"><img loading=\"lazy\" decoding=\"async\" width=\"1024\" height=\"576\" src=\"https:\/\/elfederalmendoza.com\/wp-content\/uploads\/2023\/02\/vanina-vizgarra-y-lucas-carmona-policias-accidente-la-pampa-2jpg-1024x576.webp\" alt=\"\" class=\"wp-image-20424\" srcset=\"https:\/\/elfederalmendoza.com.ar\/wp-content\/uploads\/2023\/02\/vanina-vizgarra-y-lucas-carmona-policias-accidente-la-pampa-2jpg-1024x576.webp 1024w, https:\/\/elfederalmendoza.com.ar\/wp-content\/uploads\/2023\/02\/vanina-vizgarra-y-lucas-carmona-policias-accidente-la-pampa-2jpg-300x169.webp 300w, https:\/\/elfederalmendoza.com.ar\/wp-content\/uploads\/2023\/02\/vanina-vizgarra-y-lucas-carmona-policias-accidente-la-pampa-2jpg-768x432.webp 768w, https:\/\/elfederalmendoza.com.ar\/wp-content\/uploads\/2023\/02\/vanina-vizgarra-y-lucas-carmona-policias-accidente-la-pampa-2jpg.webp 1200w\" sizes=\"auto, (max-width: 1024px) 100vw, 1024px\" \/><\/figure>\n\n\n\n<p>Los cinco viajaban en una camioneta<strong>&nbsp;Ford Ranger hacia el Este por la Ruta 188<\/strong>. Pasadas las 4.30 de este martes, estaban a la altura de la&nbsp;<strong>localidad Dami\u00e1n Maisonnave, en La Pampa<\/strong>, donde en el kil\u00f3metro 490 Lucas Carmona, quien manejaba el veh\u00edculo, perdi\u00f3 el control del veh\u00edculo,&nbsp;<strong>volcaron y dio varios tumbos<\/strong>, hasta terminar en la banquina, sobre sus cuatro ruedas y en sentido contrario al que circulaban.<\/p>\n\n\n\n<figure class=\"wp-block-image size-large\"><img loading=\"lazy\" decoding=\"async\" width=\"1024\" height=\"576\" src=\"https:\/\/elfederalmendoza.com\/wp-content\/uploads\/2023\/02\/vanina-vizgarra-y-lucas-carmona-policias-accidente-la-pampa-3jpg-1024x576.webp\" alt=\"\" class=\"wp-image-20425\" srcset=\"https:\/\/elfederalmendoza.com.ar\/wp-content\/uploads\/2023\/02\/vanina-vizgarra-y-lucas-carmona-policias-accidente-la-pampa-3jpg-1024x576.webp 1024w, https:\/\/elfederalmendoza.com.ar\/wp-content\/uploads\/2023\/02\/vanina-vizgarra-y-lucas-carmona-policias-accidente-la-pampa-3jpg-300x169.webp 300w, https:\/\/elfederalmendoza.com.ar\/wp-content\/uploads\/2023\/02\/vanina-vizgarra-y-lucas-carmona-policias-accidente-la-pampa-3jpg-768x432.webp 768w, https:\/\/elfederalmendoza.com.ar\/wp-content\/uploads\/2023\/02\/vanina-vizgarra-y-lucas-carmona-policias-accidente-la-pampa-3jpg.webp 1200w\" sizes=\"auto, (max-width: 1024px) 100vw, 1024px\" \/><\/figure>\n\n\n\n<p>Como consecuencia,&nbsp;<strong>Vizgarra sali\u00f3 despedida de la camioneta y muri\u00f3 en el lugar<\/strong>. Su esposo y sus tres hijos fueron asistidos por ambulancias y&nbsp;<strong>trasladados al Hospital Virgilio Ted\u00edn Uriburu, en Realic\u00f3, La Pampa.<\/strong><\/p>\n\n\n\n<figure class=\"wp-block-image size-large\"><img loading=\"lazy\" decoding=\"async\" width=\"1024\" height=\"576\" src=\"https:\/\/elfederalmendoza.com\/wp-content\/uploads\/2023\/02\/vanina-vizgarra-y-lucas-carmona-policias-accidente-la-pampa-4jpg-1024x576.webp\" alt=\"\" class=\"wp-image-20426\" srcset=\"https:\/\/elfederalmendoza.com.ar\/wp-content\/uploads\/2023\/02\/vanina-vizgarra-y-lucas-carmona-policias-accidente-la-pampa-4jpg-1024x576.webp 1024w, https:\/\/elfederalmendoza.com.ar\/wp-content\/uploads\/2023\/02\/vanina-vizgarra-y-lucas-carmona-policias-accidente-la-pampa-4jpg-300x169.webp 300w, https:\/\/elfederalmendoza.com.ar\/wp-content\/uploads\/2023\/02\/vanina-vizgarra-y-lucas-carmona-policias-accidente-la-pampa-4jpg-768x432.webp 768w, https:\/\/elfederalmendoza.com.ar\/wp-content\/uploads\/2023\/02\/vanina-vizgarra-y-lucas-carmona-policias-accidente-la-pampa-4jpg.webp 1200w\" sizes=\"auto, (max-width: 1024px) 100vw, 1024px\" \/><\/figure>\n\n\n\n<p>Con el correr de las horas y por la gravedad a&nbsp;<strong>Lucas Carmona&nbsp;<\/strong>lo derivaron al Hospital Gobernador Centeno, de General Pico, donde lleg\u00f3 con&nbsp;<strong>asistencia respiratoria mec\u00e1nica.&nbsp;<\/strong>Junto a \u00e9l llevaron a&nbsp;<strong>su hijo de 1 a\u00f1o y 7 meses con traumatismo abdominal.<\/strong><\/p>\n\n\n\n<p>Mientras,&nbsp;<strong>los hermanitos de 7 y 12 a\u00f1os<\/strong>&nbsp;quedaron en el nosocomio de Realic\u00f3 donde son controlados y asistidos por las heridas sufridas.<\/p>\n","protected":false},"excerpt":{"rendered":"<p>Una mujer polic\u00eda de Mendoza muri\u00f3 en un tr\u00e1gico accidente&nbsp;ocurrido junto a su esposo, quien tambi\u00e9n es polic\u00eda, y sus tres hijos, cuando viajaban en camioneta por la Ruta 188 en&nbsp;La Pampa. La v\u00edctima fatal sali\u00f3 despedida del veh\u00edculo al volcar y dar varios tumbos. Indicaron que su marido est\u00e1 en grave estado y los<a class=\"read-more\" href=\"https:\/\/elfederalmendoza.com.ar\/index.php\/2023\/02\/15\/murio-una-policia-de-mendoza-en-un-accidente-en-la-pampa-y-el-resto-de-sus-familiares-quedaron-en-grave-estado\/\"> [&hellip;]<\/a><\/p>\n","protected":false},"author":2,"featured_media":20423,"comment_status":"open","ping_status":"open","sticky":false,"template":"","format":"standard","meta":{"footnotes":""},"categories":[1],"tags":[],"class_list":["post-20413","post","type-post","status-publish","format-standard","has-post-thumbnail","hentry","category-mza"],"rttpg_featured_image_url":{"full":["https:\/\/elfederalmendoza.com.ar\/wp-content\/uploads\/2023\/02\/vanina-vizgarra-y-lucas-carmona-policias-accidente-la-pampajpg.webp",1200,675,false],"landscape":["https:\/\/elfederalmendoza.com.ar\/wp-content\/uploads\/2023\/02\/vanina-vizgarra-y-lucas-carmona-policias-accidente-la-pampajpg.webp",1200,675,false],"portraits":["https:\/\/elfederalmendoza.com.ar\/wp-content\/uploads\/2023\/02\/vanina-vizgarra-y-lucas-carmona-policias-accidente-la-pampajpg.webp",1200,675,false],"thumbnail":["https:\/\/elfederalmendoza.com.ar\/wp-content\/uploads\/2023\/02\/vanina-vizgarra-y-lucas-carmona-policias-accidente-la-pampajpg-150x150.webp",150,150,true],"medium":["https:\/\/elfederalmendoza.com.ar\/wp-content\/uploads\/2023\/02\/vanina-vizgarra-y-lucas-carmona-policias-accidente-la-pampajpg-300x169.webp",300,169,true],"large":["https:\/\/elfederalmendoza.com.ar\/wp-content\/uploads\/2023\/02\/vanina-vizgarra-y-lucas-carmona-policias-accidente-la-pampajpg-1024x576.webp",640,360,true],"1536x1536":["https:\/\/elfederalmendoza.com.ar\/wp-content\/uploads\/2023\/02\/vanina-vizgarra-y-lucas-carmona-policias-accidente-la-pampajpg.webp",1200,675,false],"2048x2048":["https:\/\/elfederalmendoza.com.ar\/wp-content\/uploads\/2023\/02\/vanina-vizgarra-y-lucas-carmona-policias-accidente-la-pampajpg.webp",1200,675,false],"ultp_layout_landscape_large":["https:\/\/elfederalmendoza.com.ar\/wp-content\/uploads\/2023\/02\/vanina-vizgarra-y-lucas-carmona-policias-accidente-la-pampajpg.webp",1200,675,false],"ultp_layout_landscape":["https:\/\/elfederalmendoza.com.ar\/wp-content\/uploads\/2023\/02\/vanina-vizgarra-y-lucas-carmona-policias-accidente-la-pampajpg-870x570.webp",870,570,true],"ultp_layout_portrait":["https:\/\/elfederalmendoza.com.ar\/wp-content\/uploads\/2023\/02\/vanina-vizgarra-y-lucas-carmona-policias-accidente-la-pampajpg-600x675.webp",600,675,true],"ultp_layout_square":["https:\/\/elfederalmendoza.com.ar\/wp-content\/uploads\/2023\/02\/vanina-vizgarra-y-lucas-carmona-policias-accidente-la-pampajpg-600x600.webp",600,600,true],"rpwe-thumbnail":["https:\/\/elfederalmendoza.com.ar\/wp-content\/uploads\/2023\/02\/vanina-vizgarra-y-lucas-carmona-policias-accidente-la-pampajpg-45x45.webp",45,45,true],"advps-thumb-one":["https:\/\/elfederalmendoza.com.ar\/wp-content\/uploads\/2023\/02\/vanina-vizgarra-y-lucas-carmona-policias-accidente-la-pampajpg-1200x420.webp",1200,420,true]},"rttpg_author":{"display_name":"Redacci\u00f3n El Federal","author_link":"https:\/\/elfederalmendoza.com.ar\/index.php\/author\/angelflores\/"},"rttpg_comment":0,"rttpg_category":"<a href=\"https:\/\/elfederalmendoza.com.ar\/index.php\/category\/mza\/\" rel=\"category tag\">Mendoza<\/a>","rttpg_excerpt":"Una mujer polic\u00eda de Mendoza muri\u00f3 en un tr\u00e1gico accidente&nbsp;ocurrido junto a su esposo, quien tambi\u00e9n es polic\u00eda, y sus tres hijos, cuando viajaban en camioneta por la Ruta 188 en&nbsp;La Pampa. La v\u00edctima fatal sali\u00f3 despedida del veh\u00edculo al volcar y dar varios tumbos. Indicaron que su marido est\u00e1 en grave estado y los&hellip;","_links":{"self":[{"href":"https:\/\/elfederalmendoza.com.ar\/index.php\/wp-json\/wp\/v2\/posts\/20413","targetHints":{"allow":["GET"]}}],"collection":[{"href":"https:\/\/elfederalmendoza.com.ar\/index.php\/wp-json\/wp\/v2\/posts"}],"about":[{"href":"https:\/\/elfederalmendoza.com.ar\/index.php\/wp-json\/wp\/v2\/types\/post"}],"author":[{"embeddable":true,"href":"https:\/\/elfederalmendoza.com.ar\/index.php\/wp-json\/wp\/v2\/users\/2"}],"replies":[{"embeddable":true,"href":"https:\/\/elfederalmendoza.com.ar\/index.php\/wp-json\/wp\/v2\/comments?post=20413"}],"version-history":[{"count":3,"href":"https:\/\/elfederalmendoza.com.ar\/index.php\/wp-json\/wp\/v2\/posts\/20413\/revisions"}],"predecessor-version":[{"id":20430,"href":"https:\/\/elfederalmendoza.com.ar\/index.php\/wp-json\/wp\/v2\/posts\/20413\/revisions\/20430"}],"wp:featuredmedia":[{"embeddable":true,"href":"https:\/\/elfederalmendoza.com.ar\/index.php\/wp-json\/wp\/v2\/media\/20423"}],"wp:attachment":[{"href":"https:\/\/elfederalmendoza.com.ar\/index.php\/wp-json\/wp\/v2\/media?parent=20413"}],"wp:term":[{"taxonomy":"category","embeddable":true,"href":"https:\/\/elfederalmendoza.com.ar\/index.php\/wp-json\/wp\/v2\/categories?post=20413"},{"taxonomy":"post_tag","embeddable":true,"href":"https:\/\/elfederalmendoza.com.ar\/index.php\/wp-json\/wp\/v2\/tags?post=20413"}],"curies":[{"name":"wp","href":"https:\/\/api.w.org\/{rel}","templated":true}]}}