{"id":20421,"date":"2023-02-15T12:55:58","date_gmt":"2023-02-15T15:55:58","guid":{"rendered":"https:\/\/elfederalmendoza.com\/?p=20421"},"modified":"2023-02-15T12:55:59","modified_gmt":"2023-02-15T15:55:59","slug":"tensa-reunion-por-zoom-entre-la-posible-intervencion-del-pro-mendoza-y-la-testarudez-de-cornejo","status":"publish","type":"post","link":"https:\/\/elfederalmendoza.com.ar\/index.php\/2023\/02\/15\/tensa-reunion-por-zoom-entre-la-posible-intervencion-del-pro-mendoza-y-la-testarudez-de-cornejo\/","title":{"rendered":"Tensa reuni\u00f3n por Zoom: Entre la posible intervenci\u00f3n del PRO Mendoza y la testarudez de Cornejo"},"content":{"rendered":"\n<p>Con<a href=\"https:\/\/www.perfil.com\/noticias\/politica\/alfredo-cornejo-anuncio-su-candidatura-y-crece-la-tension-de-juntos-por-el-cambio-en-mendoza.phtml\" target=\"_blank\" rel=\"noreferrer noopener\">\u00a0<\/a><strong>Alfredo Cornejo ya lanzado\u00a0para ser nuevamente gobernador de Mendoza,<\/strong>\u00a0el PRO no termina de definir su estrategia para tener protagonismo en la elecci\u00f3n provincial. El candidato\u00a0<strong>Omar de Marchi (PRO)<\/strong>, respaldado principalmente por\u00a0<strong>Rodr\u00edguez Larreta,<\/strong>\u00a0amenaza con romper la coalici\u00f3n<strong>\u00a0Cambia Mendoza<\/strong>, mientras<strong>\u00a0Patricia Bullrich<\/strong>\u00a0propone directamente intervenir el partido en el distrito.<\/p>\n\n\n\n<p>Estas posturas quedaron plasmadas en un <strong>tenso encuentro por zoom<\/strong> el martes por la tarde donde estuvo el jefe de Gobierno, la ex ministra de Seguridad, y tambi\u00e9n\u00a0<strong>De Marchi con los jefes parlamentarios de cada c\u00e1mara del Congreso.<\/strong><\/p>\n\n\n\n<figure class=\"wp-block-image is-resized\"><img loading=\"lazy\" decoding=\"async\" src=\"https:\/\/fotos.perfil.com\/\/2023\/02\/09\/900\/0\/alfredo-cornejo-1506515.jpg\" alt=\"Alfredo Cornejo \" width=\"965\" height=\"541\"\/><figcaption class=\"wp-element-caption\">Alfredo Cronejo<\/figcaption><\/figure>\n\n\n\n<p>Bullrich plante\u00f3 que el riesgo de romper Cambia Mendoza, el reflejo provincial de Juntos por el Cambio, puede dinamitar el funcionamiento de la coalici\u00f3n a nivel nacional. Por eso, sostiene que\u00a0<strong>De Marchi no puede competir por fuera del espacio, e incentiva la interna\u00a0con Cornejo. El senador est\u00e1 dispuesto a ir a una PASO contra el hombre de Rodr\u00edguez Larreta.<\/strong><\/p>\n\n\n\n<p><em>\u00bfY si de Marchi no quiere?&nbsp;<\/em><strong>\u201cHay que intervenir el partido y que el PRO se mantenga dentro\u201d<\/strong>, sostienen cerca de la ex ministra de Seguridad.<\/p>\n\n\n\n<figure class=\"wp-block-image is-resized\"><img loading=\"lazy\" decoding=\"async\" src=\"https:\/\/fotos.perfil.com\/\/2022\/04\/13\/900\/0\/omar-de-marchi-1341213.jpg\" alt=\"Omar De Marchi\" width=\"966\" height=\"542\"\/><figcaption class=\"wp-element-caption\">Omar De Marchi<\/figcaption><\/figure>\n\n\n\n<p>En el radicalismo est\u00e1n convencidos que Cornejo le gana la interna en Mendoza a&nbsp;<strong>De Marchi.&nbsp;<\/strong>El diputado incluso ya perdi\u00f3 en 2019 contra el actual gobernador Rodolfo Suarez, que ten\u00eda un perfil mucho m\u00e1s bajo. Adem\u00e1s, remarcan que&nbsp;<strong>De Marchi nunca gan\u00f3 una elecci\u00f3n y que cuando lleg\u00f3 a ser diputado fue porque iba en la misma lista que Cornejo.<\/strong><\/p>\n\n\n\n<p>Una mirada opuesta a la de Bullrich es la de Horacio Rodr\u00edguez Larreta.\u00a0<strong>El jefe de Gobierno de la Ciudad propone que las diferencias internas entre cada candidato las resuelvan los propios dirigentes en sus provincias.<\/strong>\u00a0Apuesta\u00a0a que no se metan en la discusi\u00f3n los l\u00edderes de las provincias, y que se federalice el debate pol\u00edtico.<\/p>\n\n\n\n<p>Con la tensi\u00f3n en escala, los dirigentes acordaron definir la semana que viene en un nuevo encuentro qu\u00e9 pasar\u00e1 en esta elecci\u00f3n (que tendr\u00e1 PASO el 11 de junio y la general el 24 de septiembre). Por ahora se mantiene la tensi\u00f3n entre las dos l\u00edneas del<strong>&nbsp;PRO, y la posibilidad de romper Cambia Mendoza, sigue firme.<\/strong><\/p>\n\n\n\n<p>AR\/fl<\/p>\n","protected":false},"excerpt":{"rendered":"<p>Con\u00a0Alfredo Cornejo ya lanzado\u00a0para ser nuevamente gobernador de Mendoza,\u00a0el PRO no termina de definir su estrategia para tener protagonismo en la elecci\u00f3n provincial. El candidato\u00a0Omar de Marchi (PRO), respaldado principalmente por\u00a0Rodr\u00edguez Larreta,\u00a0amenaza con romper la coalici\u00f3n\u00a0Cambia Mendoza, mientras\u00a0Patricia Bullrich\u00a0propone directamente intervenir el partido en el distrito. Estas posturas quedaron plasmadas en un tenso encuentro por<a class=\"read-more\" href=\"https:\/\/elfederalmendoza.com.ar\/index.php\/2023\/02\/15\/tensa-reunion-por-zoom-entre-la-posible-intervencion-del-pro-mendoza-y-la-testarudez-de-cornejo\/\"> [&hellip;]<\/a><\/p>\n","protected":false},"author":2,"featured_media":20428,"comment_status":"open","ping_status":"open","sticky":false,"template":"","format":"standard","meta":{"footnotes":""},"categories":[1],"tags":[],"class_list":["post-20421","post","type-post","status-publish","format-standard","has-post-thumbnail","hentry","category-mza"],"rttpg_featured_image_url":{"full":["https:\/\/elfederalmendoza.com.ar\/wp-content\/uploads\/2023\/02\/cornejo-de-marchi1.jpg",1062,642,false],"landscape":["https:\/\/elfederalmendoza.com.ar\/wp-content\/uploads\/2023\/02\/cornejo-de-marchi1.jpg",1062,642,false],"portraits":["https:\/\/elfederalmendoza.com.ar\/wp-content\/uploads\/2023\/02\/cornejo-de-marchi1.jpg",1062,642,false],"thumbnail":["https:\/\/elfederalmendoza.com.ar\/wp-content\/uploads\/2023\/02\/cornejo-de-marchi1-150x150.jpg",150,150,true],"medium":["https:\/\/elfederalmendoza.com.ar\/wp-content\/uploads\/2023\/02\/cornejo-de-marchi1-300x181.jpg",300,181,true],"large":["https:\/\/elfederalmendoza.com.ar\/wp-content\/uploads\/2023\/02\/cornejo-de-marchi1-1024x619.jpg",640,387,true],"1536x1536":["https:\/\/elfederalmendoza.com.ar\/wp-content\/uploads\/2023\/02\/cornejo-de-marchi1.jpg",1062,642,false],"2048x2048":["https:\/\/elfederalmendoza.com.ar\/wp-content\/uploads\/2023\/02\/cornejo-de-marchi1.jpg",1062,642,false],"ultp_layout_landscape_large":["https:\/\/elfederalmendoza.com.ar\/wp-content\/uploads\/2023\/02\/cornejo-de-marchi1.jpg",1062,642,false],"ultp_layout_landscape":["https:\/\/elfederalmendoza.com.ar\/wp-content\/uploads\/2023\/02\/cornejo-de-marchi1-870x570.jpg",870,570,true],"ultp_layout_portrait":["https:\/\/elfederalmendoza.com.ar\/wp-content\/uploads\/2023\/02\/cornejo-de-marchi1-600x642.jpg",600,642,true],"ultp_layout_square":["https:\/\/elfederalmendoza.com.ar\/wp-content\/uploads\/2023\/02\/cornejo-de-marchi1-600x600.jpg",600,600,true],"rpwe-thumbnail":["https:\/\/elfederalmendoza.com.ar\/wp-content\/uploads\/2023\/02\/cornejo-de-marchi1-45x45.jpg",45,45,true],"advps-thumb-one":["https:\/\/elfederalmendoza.com.ar\/wp-content\/uploads\/2023\/02\/cornejo-de-marchi1-1062x420.jpg",1062,420,true]},"rttpg_author":{"display_name":"Redacci\u00f3n El Federal","author_link":"https:\/\/elfederalmendoza.com.ar\/index.php\/author\/angelflores\/"},"rttpg_comment":0,"rttpg_category":"<a href=\"https:\/\/elfederalmendoza.com.ar\/index.php\/category\/mza\/\" rel=\"category tag\">Mendoza<\/a>","rttpg_excerpt":"Con\u00a0Alfredo Cornejo ya lanzado\u00a0para ser nuevamente gobernador de Mendoza,\u00a0el PRO no termina de definir su estrategia para tener protagonismo en la elecci\u00f3n provincial. El candidato\u00a0Omar de Marchi (PRO), respaldado principalmente por\u00a0Rodr\u00edguez Larreta,\u00a0amenaza con romper la coalici\u00f3n\u00a0Cambia Mendoza, mientras\u00a0Patricia Bullrich\u00a0propone directamente intervenir el partido en el distrito. Estas posturas quedaron plasmadas en un tenso encuentro por&hellip;","_links":{"self":[{"href":"https:\/\/elfederalmendoza.com.ar\/index.php\/wp-json\/wp\/v2\/posts\/20421","targetHints":{"allow":["GET"]}}],"collection":[{"href":"https:\/\/elfederalmendoza.com.ar\/index.php\/wp-json\/wp\/v2\/posts"}],"about":[{"href":"https:\/\/elfederalmendoza.com.ar\/index.php\/wp-json\/wp\/v2\/types\/post"}],"author":[{"embeddable":true,"href":"https:\/\/elfederalmendoza.com.ar\/index.php\/wp-json\/wp\/v2\/users\/2"}],"replies":[{"embeddable":true,"href":"https:\/\/elfederalmendoza.com.ar\/index.php\/wp-json\/wp\/v2\/comments?post=20421"}],"version-history":[{"count":1,"href":"https:\/\/elfederalmendoza.com.ar\/index.php\/wp-json\/wp\/v2\/posts\/20421\/revisions"}],"predecessor-version":[{"id":20429,"href":"https:\/\/elfederalmendoza.com.ar\/index.php\/wp-json\/wp\/v2\/posts\/20421\/revisions\/20429"}],"wp:featuredmedia":[{"embeddable":true,"href":"https:\/\/elfederalmendoza.com.ar\/index.php\/wp-json\/wp\/v2\/media\/20428"}],"wp:attachment":[{"href":"https:\/\/elfederalmendoza.com.ar\/index.php\/wp-json\/wp\/v2\/media?parent=20421"}],"wp:term":[{"taxonomy":"category","embeddable":true,"href":"https:\/\/elfederalmendoza.com.ar\/index.php\/wp-json\/wp\/v2\/categories?post=20421"},{"taxonomy":"post_tag","embeddable":true,"href":"https:\/\/elfederalmendoza.com.ar\/index.php\/wp-json\/wp\/v2\/tags?post=20421"}],"curies":[{"name":"wp","href":"https:\/\/api.w.org\/{rel}","templated":true}]}}