{"id":20431,"date":"2023-02-15T13:08:05","date_gmt":"2023-02-15T16:08:05","guid":{"rendered":"https:\/\/elfederalmendoza.com\/?p=20431"},"modified":"2023-02-15T13:08:06","modified_gmt":"2023-02-15T16:08:06","slug":"en-la-ciudad-de-mendoza-las-infracciones-al-codigo-de-convivencia-seran-juzgadas-por-un-jurado-vecinal","status":"publish","type":"post","link":"https:\/\/elfederalmendoza.com.ar\/index.php\/2023\/02\/15\/en-la-ciudad-de-mendoza-las-infracciones-al-codigo-de-convivencia-seran-juzgadas-por-un-jurado-vecinal\/","title":{"rendered":"En la Ciudad de Mendoza, las infracciones al C\u00f3digo de Convivencia ser\u00e1n juzgadas por un Jurado Vecinal"},"content":{"rendered":"\n<p>Tras largas jornadas de debate, el\u00a0Honorable Concejo Deliberante\u00a0de\u00a0Ciudad\u00a0aprob\u00f3 el proyecto de ordenanza que envi\u00f3 el intendente\u00a0<strong>Ulpiano Suarez<\/strong>\u00a0y por el cual se formar\u00e1 un\u00a0<strong>Jurado Vecinal<\/strong>. Esta iniciativa permitir\u00e1 que los propios vecinos sean los que puedan juzgar determinadas conductas que representen una infracci\u00f3n contra el\u00a0C\u00f3digo de Convivencia\u00a0en temas relacionados con el\u00a0vandalismo, la limpieza y la pirotecnia, entre otros.<\/p>\n\n\n\n<p>El proyecto cont\u00f3 con el\u00a0acompa\u00f1amiento en general\u00a0de\u00a0todas las fuerzas pol\u00edticas\u00a0representadas en el Concejo Deliberante, incluidos el\u00a0<strong>Partido Verde<\/strong>, el\u00a0<strong>Frente de Todos<\/strong>\u00a0y el PRO. \u00abSe constituye como una\u00a0herramienta\u00a0que acerca a la ciudadan\u00eda, involucr\u00e1ndola en forma directa en la toma de decisiones fundamentales que hacen a la convivencia en la Ciudad y, tambi\u00e9n, permitiendo una\u00a0participaci\u00f3n activa\u00a0ante conductas que atentan contra la paz social y la convivencia ciudadana dentro del ejido municipal\u00bb, indicaron desde la comuna.<\/p>\n\n\n\n<p>En ese sentido,\u00a0<strong>Ulpiano Suarez<\/strong>\u00a0destac\u00f3: \u201cEntendemos que el\u00a0<strong>Jurado Vecinal\u00a0<\/strong>es un mensaje en s\u00ed mismo. Es un mensaje en el sentido de la necesidad de que todos participen para blindar a la Ciudad frente a quienes no cumplen las normas de convivencia.\u00a0Cuidar la Ciudad\u00a0es cuidar lo que le pertenece a cada vecino, a cada mendocino que trabaja, estudia o encuentra su esparcimiento aqu\u00ed\u201d.<\/p>\n\n\n\n<p>El jefe comunal tambi\u00e9n manifest\u00f3: \u201cEstoy convencido que somos m\u00e1s los que\u00a0queremos una Ciudad ordenada, limpia, donde la convivencia y el respeto sea la norma, y no una Ciudad donde cada cual rompe las reglas sin consecuencias, donde se arruinan bienes p\u00fablicos y privados y se muestra como un logro en las redes sociales. Por eso, la incorporaci\u00f3n de pruebas, videos, testimonios y dem\u00e1s, que contempla la norma, enriquece el proceso y suma herramientas para el efectivo cumplimiento del C\u00f3digo de Convivencia y de las ordenanzas vigentes\u201d.<\/p>\n\n\n\n<p>Y finaliz\u00f3: \u201cEl mayor incentivo para los vecinos ser\u00e1 el de participar para que lo que se juzgue no vuelva a suceder. Quien da\u00f1a el espacio p\u00fablico, o incurre en otra de las faltas contenidas en la normativa, tiene que saber que ser\u00e1 juzgado por vecinos que determinar\u00e1n la responsabilidad en la falta. Quien las hace las paga. El&nbsp;<strong>Jurado Vecinal&nbsp;<\/strong>marcar\u00e1 un camino que seguramente sea continuado por otros departamentos, y est\u00e1 muy bueno que as\u00ed sea. De esta manera, con herramientas innovadoras y abiertas es como se&nbsp;mejora la calidad de vida de los vecinos\u201d.<\/p>\n\n\n\n<p>Seg\u00fan la gesti\u00f3n capitalina, \u00abse trata&nbsp;de una&nbsp;novedosa herramienta&nbsp;que podr\u00eda emplearse con el fin de producir mayor impacto en los ciudadanos ante conductas reprochables que puedan ser sancionadas por una multa seg\u00fan la normativa vigente. La finalidad es provocar un mayor compromiso en la poblaci\u00f3n, tanto a la hora de respetar los derechos de los dem\u00e1s, como a fomentar el&nbsp;mantenimiento del espacio p\u00fablico&nbsp;en condiciones adecuadas.<\/p>\n\n\n\n<h2 class=\"wp-block-heading\">Detalles del Jurado Vecinal<\/h2>\n\n\n\n<p>El&nbsp;<strong>Jurado Vecinal&nbsp;<\/strong>tendr\u00e1 por objeto juzgar infracciones al&nbsp;C\u00f3digo de Convivencia Ciudadana&nbsp;relacionadas a temas como la&nbsp;pirotecnia y el vandalismo, entre otros.<\/p>\n\n\n\n<p>De esta manera, a trav\u00e9s de este procedimiento, ser\u00e1 el vecino quien determine si ciertas conductas son&nbsp;admisibles o no&nbsp;en su ciudad, respecto a diferentes tipos de contravenciones que puedan provocarse en la comunidad a la que pertenecen. Asimismo, pretende ser una herramienta que no solo sancione, sino que fomente la convivencia y la solidaridad entre los vecinos, fortaleciendo los lazos comunitarios de la Ciudad.<\/p>\n\n\n\n<p>La actuaci\u00f3n como miembro del Jurado ser\u00e1 voluntaria y gratuita. A su vez, existir\u00e1 la posibilidad de recusaci\u00f3n y excusaci\u00f3n de los Jurados, ofrecimiento de prueba y acuerdos conciliatorios.&nbsp;Entre las conductas&nbsp;que ingresar\u00e1n al&nbsp;<strong>Jurado vecinal<\/strong>, previstas en el C\u00f3digo de Convivencia, se encuentran:<\/p>\n\n\n\n<ul class=\"wp-block-list\">\n<li>\u2013 Art. 14. Actividades pirot\u00e9cnicas.<\/li>\n\n\n\n<li>\u2013 Art. 21 a 23. Degradaci\u00f3n visual del entorno urbano. Grafitos, pintadas y otras expresiones gr\u00e1ficas en lugares no autorizados. Vandalismo.<\/li>\n\n\n\n<li>\u2013 Art. 31 a 34. Uso inadecuado del espacio p\u00fablico para juegos de pat\u00edn, bike, skate, deportes extremos o similares en lugares no autorizados.<\/li>\n\n\n\n<li>\u2013 Art. 49 ap.3. Limpieza de la ciudad en general: micciones y\/o deposiciones de animales en la v\u00eda p\u00fablica, suciedad en espacios p\u00fablicos, mantenimiento de espacios de acceso p\u00fablico en comercios, mantenimiento de limpieza en v\u00eda p\u00fablica por parte de edificios en construcci\u00f3n o cualquier tipo de obra.<\/li>\n<\/ul>\n\n\n\n<p><em>Fuente: MDZ<\/em><\/p>\n","protected":false},"excerpt":{"rendered":"<p>Tras largas jornadas de debate, el\u00a0Honorable Concejo Deliberante\u00a0de\u00a0Ciudad\u00a0aprob\u00f3 el proyecto de ordenanza que envi\u00f3 el intendente\u00a0Ulpiano Suarez\u00a0y por el cual se formar\u00e1 un\u00a0Jurado Vecinal. Esta iniciativa permitir\u00e1 que los propios vecinos sean los que puedan juzgar determinadas conductas que representen una infracci\u00f3n contra el\u00a0C\u00f3digo de Convivencia\u00a0en temas relacionados con el\u00a0vandalismo, la limpieza y la pirotecnia,<a class=\"read-more\" href=\"https:\/\/elfederalmendoza.com.ar\/index.php\/2023\/02\/15\/en-la-ciudad-de-mendoza-las-infracciones-al-codigo-de-convivencia-seran-juzgadas-por-un-jurado-vecinal\/\"> [&hellip;]<\/a><\/p>\n","protected":false},"author":2,"featured_media":20432,"comment_status":"open","ping_status":"open","sticky":false,"template":"","format":"standard","meta":{"footnotes":""},"categories":[1],"tags":[],"class_list":["post-20431","post","type-post","status-publish","format-standard","has-post-thumbnail","hentry","category-mza"],"rttpg_featured_image_url":{"full":["https:\/\/elfederalmendoza.com.ar\/wp-content\/uploads\/2023\/02\/centro-comercial-a-cielo-abierto.jpg",1200,802,false],"landscape":["https:\/\/elfederalmendoza.com.ar\/wp-content\/uploads\/2023\/02\/centro-comercial-a-cielo-abierto.jpg",1200,802,false],"portraits":["https:\/\/elfederalmendoza.com.ar\/wp-content\/uploads\/2023\/02\/centro-comercial-a-cielo-abierto.jpg",1200,802,false],"thumbnail":["https:\/\/elfederalmendoza.com.ar\/wp-content\/uploads\/2023\/02\/centro-comercial-a-cielo-abierto-150x150.jpg",150,150,true],"medium":["https:\/\/elfederalmendoza.com.ar\/wp-content\/uploads\/2023\/02\/centro-comercial-a-cielo-abierto-300x201.jpg",300,201,true],"large":["https:\/\/elfederalmendoza.com.ar\/wp-content\/uploads\/2023\/02\/centro-comercial-a-cielo-abierto-1024x684.jpg",640,428,true],"1536x1536":["https:\/\/elfederalmendoza.com.ar\/wp-content\/uploads\/2023\/02\/centro-comercial-a-cielo-abierto.jpg",1200,802,false],"2048x2048":["https:\/\/elfederalmendoza.com.ar\/wp-content\/uploads\/2023\/02\/centro-comercial-a-cielo-abierto.jpg",1200,802,false],"ultp_layout_landscape_large":["https:\/\/elfederalmendoza.com.ar\/wp-content\/uploads\/2023\/02\/centro-comercial-a-cielo-abierto-1200x800.jpg",1200,800,true],"ultp_layout_landscape":["https:\/\/elfederalmendoza.com.ar\/wp-content\/uploads\/2023\/02\/centro-comercial-a-cielo-abierto-870x570.jpg",870,570,true],"ultp_layout_portrait":["https:\/\/elfederalmendoza.com.ar\/wp-content\/uploads\/2023\/02\/centro-comercial-a-cielo-abierto-600x802.jpg",600,802,true],"ultp_layout_square":["https:\/\/elfederalmendoza.com.ar\/wp-content\/uploads\/2023\/02\/centro-comercial-a-cielo-abierto-600x600.jpg",600,600,true],"rpwe-thumbnail":["https:\/\/elfederalmendoza.com.ar\/wp-content\/uploads\/2023\/02\/centro-comercial-a-cielo-abierto-45x45.jpg",45,45,true],"advps-thumb-one":["https:\/\/elfederalmendoza.com.ar\/wp-content\/uploads\/2023\/02\/centro-comercial-a-cielo-abierto-1200x420.jpg",1200,420,true]},"rttpg_author":{"display_name":"Redacci\u00f3n El Federal","author_link":"https:\/\/elfederalmendoza.com.ar\/index.php\/author\/angelflores\/"},"rttpg_comment":0,"rttpg_category":"<a href=\"https:\/\/elfederalmendoza.com.ar\/index.php\/category\/mza\/\" rel=\"category tag\">Mendoza<\/a>","rttpg_excerpt":"Tras largas jornadas de debate, el\u00a0Honorable Concejo Deliberante\u00a0de\u00a0Ciudad\u00a0aprob\u00f3 el proyecto de ordenanza que envi\u00f3 el intendente\u00a0Ulpiano Suarez\u00a0y por el cual se formar\u00e1 un\u00a0Jurado Vecinal. Esta iniciativa permitir\u00e1 que los propios vecinos sean los que puedan juzgar determinadas conductas que representen una infracci\u00f3n contra el\u00a0C\u00f3digo de Convivencia\u00a0en temas relacionados con el\u00a0vandalismo, la limpieza y la pirotecnia,&hellip;","_links":{"self":[{"href":"https:\/\/elfederalmendoza.com.ar\/index.php\/wp-json\/wp\/v2\/posts\/20431","targetHints":{"allow":["GET"]}}],"collection":[{"href":"https:\/\/elfederalmendoza.com.ar\/index.php\/wp-json\/wp\/v2\/posts"}],"about":[{"href":"https:\/\/elfederalmendoza.com.ar\/index.php\/wp-json\/wp\/v2\/types\/post"}],"author":[{"embeddable":true,"href":"https:\/\/elfederalmendoza.com.ar\/index.php\/wp-json\/wp\/v2\/users\/2"}],"replies":[{"embeddable":true,"href":"https:\/\/elfederalmendoza.com.ar\/index.php\/wp-json\/wp\/v2\/comments?post=20431"}],"version-history":[{"count":1,"href":"https:\/\/elfederalmendoza.com.ar\/index.php\/wp-json\/wp\/v2\/posts\/20431\/revisions"}],"predecessor-version":[{"id":20433,"href":"https:\/\/elfederalmendoza.com.ar\/index.php\/wp-json\/wp\/v2\/posts\/20431\/revisions\/20433"}],"wp:featuredmedia":[{"embeddable":true,"href":"https:\/\/elfederalmendoza.com.ar\/index.php\/wp-json\/wp\/v2\/media\/20432"}],"wp:attachment":[{"href":"https:\/\/elfederalmendoza.com.ar\/index.php\/wp-json\/wp\/v2\/media?parent=20431"}],"wp:term":[{"taxonomy":"category","embeddable":true,"href":"https:\/\/elfederalmendoza.com.ar\/index.php\/wp-json\/wp\/v2\/categories?post=20431"},{"taxonomy":"post_tag","embeddable":true,"href":"https:\/\/elfederalmendoza.com.ar\/index.php\/wp-json\/wp\/v2\/tags?post=20431"}],"curies":[{"name":"wp","href":"https:\/\/api.w.org\/{rel}","templated":true}]}}