{"id":20445,"date":"2023-02-16T09:59:16","date_gmt":"2023-02-16T12:59:16","guid":{"rendered":"https:\/\/elfederalmendoza.com\/?p=20445"},"modified":"2023-02-16T09:59:19","modified_gmt":"2023-02-16T12:59:19","slug":"ulpiano-suarez-el-gobierno-nacional-de-alberto-fernandez-genera-esta-postal-en-todo-el-pais","status":"publish","type":"post","link":"https:\/\/elfederalmendoza.com.ar\/index.php\/2023\/02\/16\/ulpiano-suarez-el-gobierno-nacional-de-alberto-fernandez-genera-esta-postal-en-todo-el-pais\/","title":{"rendered":"Ulpiano Suarez: \u00abEl gobierno nacional de Alberto Fern\u00e1ndez genera esta postal en todo el pa\u00eds\u00bb"},"content":{"rendered":"\n<p>El intendente de la Ciudad de Mendoza,\u00a0<strong>Ulpiano Suarez, apunt\u00f3 contra las pol\u00edticas del Gobierno nacional<\/strong>\u00a0por las protestas que se dieron durante este mi\u00e9rcoles en el centro provincial y en distintos puntos del pa\u00eds que derivaron en un\u00a0<strong>acampe en la Plaza Independencia<\/strong>\u00a0que contin\u00faa hasta la ma\u00f1ana de este jueves.<\/p>\n\n\n\n<p>\u00abEl Gobierno nacional de Alberto Fern\u00e1ndez quiere y genera esta postal en todo el pa\u00eds. La inflaci\u00f3n imparable y la pobreza, no se combaten con planes, sino con trabajo genuino\u00bb, escribi\u00f3 el jefe comunal junto con una foto de las carpas ocupando el espacio verde del microcentro.<\/p>\n\n\n\n<p>\u00ab<strong>No vamos a dejar que Mendoza se convierta en lo mismo que ese pa\u00eds inviable con el que sue\u00f1a el Kirchnerismo<\/strong>\u00ab, dijo Suarez, dando muestras de medidas que ya viene tomando en el \u00faltimo a\u00f1o multando a agrupaciones que cortan las calles sin permiso y realizando denuncias ante este tipo de actos.<\/p>\n\n\n\n<blockquote class=\"twitter-tweet\"><p lang=\"es\" dir=\"ltr\">El gobierno nacional de <a href=\"https:\/\/twitter.com\/alferdez?ref_src=twsrc%5Etfw\">@alferdez<\/a> quiere y genera esta postal en todo el pa\u00eds. La inflaci\u00f3n imparable y la pobreza, no se combaten con planes, sino con trabajo genuino.<br>No vamos a dejar que Mendoza se convierta en lo mismo que ese pa\u00eds inviable con el que sue\u00f1a el Kirchnerismo. <a href=\"https:\/\/t.co\/RotFRHmfBE\">pic.twitter.com\/RotFRHmfBE<\/a><\/p>&mdash; Ulpiano Suarez (@UlpianoSuarez) <a href=\"https:\/\/twitter.com\/UlpianoSuarez\/status\/1626176611841105921?ref_src=twsrc%5Etfw\">February 16, 2023<\/a><\/blockquote> <script async src=\"https:\/\/platform.twitter.com\/widgets.js\" charset=\"utf-8\"><\/script>\n\n\n\n<p>En horas de la noche,\u00a0el Municipio denunci\u00f3 al Polo Obrero\u00a0y a las otras organizaciones que conforman la Unidad Piquetera por la \u00abocupaci\u00f3n ilegal de la Plaza Independencia\u00bb. El acampe comenz\u00f3 cerca de las 18 horas y todav\u00eda, promediando la ma\u00f1ana del jueves, contin\u00faa. Seg\u00fan los organizadores, son\u00a0<strong>cerca de 3.000 personas las que pasaron la noche<\/strong>\u00a0junto a la fuente de la plaza.<\/p>\n\n\n\n<p>\u00abLos manifestantes<strong>&nbsp;entorpecen y\/o directamente impiden el libre tr\u00e1nsito<\/strong>&nbsp;(incluyendo al espacio de la fuente central y prados aleda\u00f1os) de los cientos de ciudadanos y turistas que diariamente circulan y permanecen en dicho espacio p\u00fablico\u00bb, expresaron en la denuncia impuesta en las \u00faltimas horas.<\/p>\n\n\n\n<figure class=\"wp-block-image is-resized\"><img loading=\"lazy\" decoding=\"async\" src=\"https:\/\/www.mendozapost.com\/files\/image\/458\/458757\/63ee16bd7333a_570_337!.jpg?s=9f2964973fdc95c9bb58ad62ebcb5aad&amp;d=1676547776\" alt=\"\" width=\"963\" height=\"569\"\/><\/figure>\n\n\n\n<p>Siguiendo con esa pol\u00edtica, en la ma\u00f1ana del mi\u00e9rcoles la comuna hab\u00eda multado a las agrupaciones que tomaron el Nudo Vial y que marcharon luego hasta Casa de Gobierno para realizar un \u00abverdurazo\u00bb.&nbsp;<\/p>\n\n\n\n<p>Esa movilizaci\u00f3n fue gestada por la APePro Cuyo (Asociaci\u00f3n de Peque\u00f1os Productores), pero empujada por la Corriente Clasista y Combativa. A las organizaciones se les impuso una&nbsp;<strong>multa que podr\u00eda alcanzar las 20.000 UTM, es decir $313.200<\/strong>.<\/p>\n","protected":false},"excerpt":{"rendered":"<p>El intendente de la Ciudad de Mendoza,\u00a0Ulpiano Suarez, apunt\u00f3 contra las pol\u00edticas del Gobierno nacional\u00a0por las protestas que se dieron durante este mi\u00e9rcoles en el centro provincial y en distintos puntos del pa\u00eds que derivaron en un\u00a0acampe en la Plaza Independencia\u00a0que contin\u00faa hasta la ma\u00f1ana de este jueves. \u00abEl Gobierno nacional de Alberto Fern\u00e1ndez quiere<a class=\"read-more\" href=\"https:\/\/elfederalmendoza.com.ar\/index.php\/2023\/02\/16\/ulpiano-suarez-el-gobierno-nacional-de-alberto-fernandez-genera-esta-postal-en-todo-el-pais\/\"> [&hellip;]<\/a><\/p>\n","protected":false},"author":2,"featured_media":20446,"comment_status":"open","ping_status":"open","sticky":false,"template":"","format":"standard","meta":{"footnotes":""},"categories":[1],"tags":[],"class_list":["post-20445","post","type-post","status-publish","format-standard","has-post-thumbnail","hentry","category-mza"],"rttpg_featured_image_url":{"full":["https:\/\/elfederalmendoza.com.ar\/wp-content\/uploads\/2023\/02\/acampe-independencia.jpg",1024,683,false],"landscape":["https:\/\/elfederalmendoza.com.ar\/wp-content\/uploads\/2023\/02\/acampe-independencia.jpg",1024,683,false],"portraits":["https:\/\/elfederalmendoza.com.ar\/wp-content\/uploads\/2023\/02\/acampe-independencia.jpg",1024,683,false],"thumbnail":["https:\/\/elfederalmendoza.com.ar\/wp-content\/uploads\/2023\/02\/acampe-independencia-150x150.jpg",150,150,true],"medium":["https:\/\/elfederalmendoza.com.ar\/wp-content\/uploads\/2023\/02\/acampe-independencia-300x200.jpg",300,200,true],"large":["https:\/\/elfederalmendoza.com.ar\/wp-content\/uploads\/2023\/02\/acampe-independencia.jpg",640,427,false],"1536x1536":["https:\/\/elfederalmendoza.com.ar\/wp-content\/uploads\/2023\/02\/acampe-independencia.jpg",1024,683,false],"2048x2048":["https:\/\/elfederalmendoza.com.ar\/wp-content\/uploads\/2023\/02\/acampe-independencia.jpg",1024,683,false],"ultp_layout_landscape_large":["https:\/\/elfederalmendoza.com.ar\/wp-content\/uploads\/2023\/02\/acampe-independencia.jpg",1024,683,false],"ultp_layout_landscape":["https:\/\/elfederalmendoza.com.ar\/wp-content\/uploads\/2023\/02\/acampe-independencia-870x570.jpg",870,570,true],"ultp_layout_portrait":["https:\/\/elfederalmendoza.com.ar\/wp-content\/uploads\/2023\/02\/acampe-independencia-600x683.jpg",600,683,true],"ultp_layout_square":["https:\/\/elfederalmendoza.com.ar\/wp-content\/uploads\/2023\/02\/acampe-independencia-600x600.jpg",600,600,true],"rpwe-thumbnail":["https:\/\/elfederalmendoza.com.ar\/wp-content\/uploads\/2023\/02\/acampe-independencia-45x45.jpg",45,45,true],"advps-thumb-one":["https:\/\/elfederalmendoza.com.ar\/wp-content\/uploads\/2023\/02\/acampe-independencia-1024x420.jpg",1024,420,true]},"rttpg_author":{"display_name":"Redacci\u00f3n El Federal","author_link":"https:\/\/elfederalmendoza.com.ar\/index.php\/author\/angelflores\/"},"rttpg_comment":0,"rttpg_category":"<a href=\"https:\/\/elfederalmendoza.com.ar\/index.php\/category\/mza\/\" rel=\"category tag\">Mendoza<\/a>","rttpg_excerpt":"El intendente de la Ciudad de Mendoza,\u00a0Ulpiano Suarez, apunt\u00f3 contra las pol\u00edticas del Gobierno nacional\u00a0por las protestas que se dieron durante este mi\u00e9rcoles en el centro provincial y en distintos puntos del pa\u00eds que derivaron en un\u00a0acampe en la Plaza Independencia\u00a0que contin\u00faa hasta la ma\u00f1ana de este jueves. \u00abEl Gobierno nacional de Alberto Fern\u00e1ndez quiere&hellip;","_links":{"self":[{"href":"https:\/\/elfederalmendoza.com.ar\/index.php\/wp-json\/wp\/v2\/posts\/20445","targetHints":{"allow":["GET"]}}],"collection":[{"href":"https:\/\/elfederalmendoza.com.ar\/index.php\/wp-json\/wp\/v2\/posts"}],"about":[{"href":"https:\/\/elfederalmendoza.com.ar\/index.php\/wp-json\/wp\/v2\/types\/post"}],"author":[{"embeddable":true,"href":"https:\/\/elfederalmendoza.com.ar\/index.php\/wp-json\/wp\/v2\/users\/2"}],"replies":[{"embeddable":true,"href":"https:\/\/elfederalmendoza.com.ar\/index.php\/wp-json\/wp\/v2\/comments?post=20445"}],"version-history":[{"count":1,"href":"https:\/\/elfederalmendoza.com.ar\/index.php\/wp-json\/wp\/v2\/posts\/20445\/revisions"}],"predecessor-version":[{"id":20447,"href":"https:\/\/elfederalmendoza.com.ar\/index.php\/wp-json\/wp\/v2\/posts\/20445\/revisions\/20447"}],"wp:featuredmedia":[{"embeddable":true,"href":"https:\/\/elfederalmendoza.com.ar\/index.php\/wp-json\/wp\/v2\/media\/20446"}],"wp:attachment":[{"href":"https:\/\/elfederalmendoza.com.ar\/index.php\/wp-json\/wp\/v2\/media?parent=20445"}],"wp:term":[{"taxonomy":"category","embeddable":true,"href":"https:\/\/elfederalmendoza.com.ar\/index.php\/wp-json\/wp\/v2\/categories?post=20445"},{"taxonomy":"post_tag","embeddable":true,"href":"https:\/\/elfederalmendoza.com.ar\/index.php\/wp-json\/wp\/v2\/tags?post=20445"}],"curies":[{"name":"wp","href":"https:\/\/api.w.org\/{rel}","templated":true}]}}