{"id":20450,"date":"2023-02-16T12:58:22","date_gmt":"2023-02-16T15:58:22","guid":{"rendered":"https:\/\/elfederalmendoza.com\/?p=20450"},"modified":"2023-02-16T12:58:24","modified_gmt":"2023-02-16T15:58:24","slug":"un-hombre-ebrio-quiso-atacar-a-su-esposa-y-el-hijo-lo-apunalo","status":"publish","type":"post","link":"https:\/\/elfederalmendoza.com.ar\/index.php\/2023\/02\/16\/un-hombre-ebrio-quiso-atacar-a-su-esposa-y-el-hijo-lo-apunalo\/","title":{"rendered":"Un hombre ebrio quiso atacar a su esposa y el hijo lo apu\u00f1al\u00f3"},"content":{"rendered":"\n<p><strong>Un hombre de 39 a\u00f1os termin\u00f3\u00a0apu\u00f1alado\u00a0este mi\u00e9rcoles por la noche luego de querer atacar a su esposa en una casa de Luj\u00e1n.<\/strong>\u00a0El sujeto lleg\u00f3 en estado de ebriedad y se puso violento contra la mujer. En la vivienda estaba\u00a0<strong>el hijo, de 17 a\u00f1os, quien tom\u00f3 un cuchillo y la defendi\u00f3. Le clav\u00f3 el arma blanca en el abdomen.<\/strong>\u00a0El herido qued\u00f3 hospitalizado.<\/p>\n\n\n\n<p>Todo se inici\u00f3 pasadas las 21 en el momento que\u00a0<strong>el hombre lleg\u00f3 en estado de ebriedad a la vivienda que est\u00e1 ubicada en el interior del barrio Villa Potrerillos de Luj\u00e1n<\/strong>.<\/p>\n\n\n\n<p><strong>Una vez adentro comenz\u00f3 a discutir con la mujer, de 33 a\u00f1os,<\/strong>&nbsp;y se torn\u00f3 violento intentando agredirla con sus manos. En ese instante tambi\u00e9n estaba el hijo, de 17 a\u00f1os, quien intervino en la pelea.<\/p>\n\n\n\n<p>Por esa raz\u00f3n, para defender a su mam\u00e1, agarr\u00f3 un cuchillo y arremeti\u00f3 contra el hombre.&nbsp;<strong>Lo apu\u00f1al\u00f3 en la zona del abdomen y qued\u00f3 malherido en la propiedad de la manzana A.<\/strong><\/p>\n\n\n\n<p><strong>Inmediatamente llamaron al 911 para denunciar lo ocurrido y pedir asistencia m\u00e9dica. Una ambulancia lo traslad\u00f3 hasta la guardia del Hospital Lagomaggiore<\/strong>. Le diagnosticaron herida punzo cortante y qued\u00f3 internado a la espera de su evoluci\u00f3n.<\/p>\n\n\n\n<p>En tanto, las actuaciones quedaron a cargo de las autoridades judiciales de la&nbsp;<strong>dependencia ubicada en la Comisar\u00eda 11\u00b0 de Luj\u00e1n.<\/strong><\/p>\n","protected":false},"excerpt":{"rendered":"<p>Un hombre de 39 a\u00f1os termin\u00f3\u00a0apu\u00f1alado\u00a0este mi\u00e9rcoles por la noche luego de querer atacar a su esposa en una casa de Luj\u00e1n.\u00a0El sujeto lleg\u00f3 en estado de ebriedad y se puso violento contra la mujer. En la vivienda estaba\u00a0el hijo, de 17 a\u00f1os, quien tom\u00f3 un cuchillo y la defendi\u00f3. Le clav\u00f3 el arma blanca<a class=\"read-more\" href=\"https:\/\/elfederalmendoza.com.ar\/index.php\/2023\/02\/16\/un-hombre-ebrio-quiso-atacar-a-su-esposa-y-el-hijo-lo-apunalo\/\"> [&hellip;]<\/a><\/p>\n","protected":false},"author":2,"featured_media":20451,"comment_status":"open","ping_status":"open","sticky":false,"template":"","format":"standard","meta":{"footnotes":""},"categories":[1],"tags":[],"class_list":["post-20450","post","type-post","status-publish","format-standard","has-post-thumbnail","hentry","category-mza"],"rttpg_featured_image_url":{"full":["https:\/\/elfederalmendoza.com.ar\/wp-content\/uploads\/2023\/02\/apunalado-lujan.jpg",1190,669,false],"landscape":["https:\/\/elfederalmendoza.com.ar\/wp-content\/uploads\/2023\/02\/apunalado-lujan.jpg",1190,669,false],"portraits":["https:\/\/elfederalmendoza.com.ar\/wp-content\/uploads\/2023\/02\/apunalado-lujan.jpg",1190,669,false],"thumbnail":["https:\/\/elfederalmendoza.com.ar\/wp-content\/uploads\/2023\/02\/apunalado-lujan-150x150.jpg",150,150,true],"medium":["https:\/\/elfederalmendoza.com.ar\/wp-content\/uploads\/2023\/02\/apunalado-lujan-300x169.jpg",300,169,true],"large":["https:\/\/elfederalmendoza.com.ar\/wp-content\/uploads\/2023\/02\/apunalado-lujan-1024x576.jpg",640,360,true],"1536x1536":["https:\/\/elfederalmendoza.com.ar\/wp-content\/uploads\/2023\/02\/apunalado-lujan.jpg",1190,669,false],"2048x2048":["https:\/\/elfederalmendoza.com.ar\/wp-content\/uploads\/2023\/02\/apunalado-lujan.jpg",1190,669,false],"ultp_layout_landscape_large":["https:\/\/elfederalmendoza.com.ar\/wp-content\/uploads\/2023\/02\/apunalado-lujan.jpg",1190,669,false],"ultp_layout_landscape":["https:\/\/elfederalmendoza.com.ar\/wp-content\/uploads\/2023\/02\/apunalado-lujan-870x570.jpg",870,570,true],"ultp_layout_portrait":["https:\/\/elfederalmendoza.com.ar\/wp-content\/uploads\/2023\/02\/apunalado-lujan-600x669.jpg",600,669,true],"ultp_layout_square":["https:\/\/elfederalmendoza.com.ar\/wp-content\/uploads\/2023\/02\/apunalado-lujan-600x600.jpg",600,600,true],"rpwe-thumbnail":["https:\/\/elfederalmendoza.com.ar\/wp-content\/uploads\/2023\/02\/apunalado-lujan-45x45.jpg",45,45,true],"advps-thumb-one":["https:\/\/elfederalmendoza.com.ar\/wp-content\/uploads\/2023\/02\/apunalado-lujan-1190x420.jpg",1190,420,true]},"rttpg_author":{"display_name":"Redacci\u00f3n El Federal","author_link":"https:\/\/elfederalmendoza.com.ar\/index.php\/author\/angelflores\/"},"rttpg_comment":0,"rttpg_category":"<a href=\"https:\/\/elfederalmendoza.com.ar\/index.php\/category\/mza\/\" rel=\"category tag\">Mendoza<\/a>","rttpg_excerpt":"Un hombre de 39 a\u00f1os termin\u00f3\u00a0apu\u00f1alado\u00a0este mi\u00e9rcoles por la noche luego de querer atacar a su esposa en una casa de Luj\u00e1n.\u00a0El sujeto lleg\u00f3 en estado de ebriedad y se puso violento contra la mujer. En la vivienda estaba\u00a0el hijo, de 17 a\u00f1os, quien tom\u00f3 un cuchillo y la defendi\u00f3. Le clav\u00f3 el arma blanca&hellip;","_links":{"self":[{"href":"https:\/\/elfederalmendoza.com.ar\/index.php\/wp-json\/wp\/v2\/posts\/20450","targetHints":{"allow":["GET"]}}],"collection":[{"href":"https:\/\/elfederalmendoza.com.ar\/index.php\/wp-json\/wp\/v2\/posts"}],"about":[{"href":"https:\/\/elfederalmendoza.com.ar\/index.php\/wp-json\/wp\/v2\/types\/post"}],"author":[{"embeddable":true,"href":"https:\/\/elfederalmendoza.com.ar\/index.php\/wp-json\/wp\/v2\/users\/2"}],"replies":[{"embeddable":true,"href":"https:\/\/elfederalmendoza.com.ar\/index.php\/wp-json\/wp\/v2\/comments?post=20450"}],"version-history":[{"count":1,"href":"https:\/\/elfederalmendoza.com.ar\/index.php\/wp-json\/wp\/v2\/posts\/20450\/revisions"}],"predecessor-version":[{"id":20452,"href":"https:\/\/elfederalmendoza.com.ar\/index.php\/wp-json\/wp\/v2\/posts\/20450\/revisions\/20452"}],"wp:featuredmedia":[{"embeddable":true,"href":"https:\/\/elfederalmendoza.com.ar\/index.php\/wp-json\/wp\/v2\/media\/20451"}],"wp:attachment":[{"href":"https:\/\/elfederalmendoza.com.ar\/index.php\/wp-json\/wp\/v2\/media?parent=20450"}],"wp:term":[{"taxonomy":"category","embeddable":true,"href":"https:\/\/elfederalmendoza.com.ar\/index.php\/wp-json\/wp\/v2\/categories?post=20450"},{"taxonomy":"post_tag","embeddable":true,"href":"https:\/\/elfederalmendoza.com.ar\/index.php\/wp-json\/wp\/v2\/tags?post=20450"}],"curies":[{"name":"wp","href":"https:\/\/api.w.org\/{rel}","templated":true}]}}