{"id":20472,"date":"2023-02-16T10:05:00","date_gmt":"2023-02-16T13:05:00","guid":{"rendered":"https:\/\/elfederalmendoza.com\/?p=20472"},"modified":"2023-02-16T15:06:18","modified_gmt":"2023-02-16T18:06:18","slug":"los-limpiavidrios-coparon-la-costanera-y-los-municipios-no-encuentran-la-forma-de-sacarlos","status":"publish","type":"post","link":"https:\/\/elfederalmendoza.com.ar\/index.php\/2023\/02\/16\/los-limpiavidrios-coparon-la-costanera-y-los-municipios-no-encuentran-la-forma-de-sacarlos\/","title":{"rendered":"Los limpiavidrios coparon la Costanera y los municipios no encuentran la forma de sacarlos"},"content":{"rendered":"\n<p>Como en otras \u00e9pocas, los limpiavidrios han vuelto a posicionarse en cada esquina de la&nbsp;<strong>Costanera<\/strong>, desafiando el c\u00f3digo contravencional de la Provincia y el de Convivencia ciudadana de&nbsp;<strong>Ciudad<\/strong>, que<strong>&nbsp;<\/strong>los proh\u00edbe. Y, en algunos casos, tambi\u00e9n han vuelto con las tensiones urbanas que se disparaban en cuesti\u00f3n de segundos, lo que dura un sem\u00e1foro en rojo.<\/p>\n\n\n\n<p>El caso m\u00e1s emblem\u00e1tico fue el enfrentamiento entre un limpiviadrio y\u00a0<mark>un conductor en enero, una situaci\u00f3n que termin\u00f3 en la Justicia provincial. El primero termin\u00f3 agrediendo al segundo y lo dej\u00f3 con fractura en el maxilar y hundimiento de p\u00f3mulo en enero<\/mark>. Todo comenz\u00f3 cuando la v\u00edctima se neg\u00f3 a que le limpiaran el parabrisas.<\/p>\n\n\n\n<p>A lo largo de la transitada arteria que costea el canal y que divide a&nbsp;<strong>Ciudad<\/strong>&nbsp;de&nbsp;<strong>Guaymall\u00e9n<\/strong>&nbsp;se pueden ver a varios hombres j\u00f3venes con una botella que contiene detergente, agua y el cepillo para que, una vez que el sem\u00e1foro frene los veh\u00edculos, puedan hacer su trabajo y recoger unos billetes al paso.&nbsp;<\/p>\n\n\n\n<p>\u00a0Algunos se quedan en un costado y preguntan mediante se\u00f1as si quieren el servicio expr\u00e9s, pero otros directamente sin consultar realizan la tarea y exigen que les paguen, a pesar de la negativa de los conductores.<\/p>\n\n\n\n<figure class=\"wp-block-image size-full\"><img loading=\"lazy\" decoding=\"async\" width=\"1024\" height=\"764\" src=\"https:\/\/elfederalmendoza.com\/wp-content\/uploads\/2023\/02\/image-16.png\" alt=\"\" class=\"wp-image-20473\" srcset=\"https:\/\/elfederalmendoza.com.ar\/wp-content\/uploads\/2023\/02\/image-16.png 1024w, https:\/\/elfederalmendoza.com.ar\/wp-content\/uploads\/2023\/02\/image-16-300x224.png 300w, https:\/\/elfederalmendoza.com.ar\/wp-content\/uploads\/2023\/02\/image-16-768x573.png 768w\" sizes=\"auto, (max-width: 1024px) 100vw, 1024px\" \/><\/figure>\n\n\n\n<p><strong>Mario Campos<\/strong>, secretario de Seguridad Ciudadana de la Municipalidad de Mendoza se\u00f1al\u00f3 a\u00a0<em>El So<\/em>l que, a diario,\u00a0<mark>la polic\u00eda detiene a cerca de siete j\u00f3venes,<\/mark>\u00a0que son detectados realizando esta actividad prohibida a trav\u00e9s de las c\u00e1maras de videovigilancia.\u00a0<\/p>\n\n\n\n<p>\u201cLos llevan a la comisar\u00eda m\u00e1s cercana y ah\u00ed se hace cargo el juez de faltas quien determina si los liberan o no, de acuerdo a los antecedentes que tengan. Adem\u00e1s,&nbsp;<mark>el municipio los multa por infringir el c\u00f3digo de convivencia ciudadana<\/mark>. Sin embargo,&nbsp;<mark>muy pocos las pagan<\/mark>\u201d, coment\u00f3.<\/p>\n\n\n\n<p>&nbsp;<em>La multa por realizar esta actividad tiene un valor de $7.830<\/em>. Aun as\u00ed, la mayor\u00eda son ejecutadas porque no fueron pagadas y quedan en apremio. Es decir, quedar\u00e1n en el olvido.<\/p>\n\n\n\n<p>\u201cAlgunos son muy pesados y por eso se los lleva la Polic\u00eda, pero si preguntas con respeto no te pasa nada y&nbsp; te dejan trabajar tranquilo\u201d, explic\u00f3 un joven de 23 a\u00f1os que busc\u00f3 tomar distancia de otros limpiavidrios. El muchacho se\u00f1al\u00f3 que son los mismos conductores los que llaman al 911 para denunciarlos por agresiones.<\/p>\n\n\n\n<p>Sin embargo, hay estrategias b\u00e1sicas para evitar la ley. Una vez que se acerca el m\u00f3vil policial, los j\u00f3venes cruzan hac\u00eda el lado de&nbsp;<strong>Guaymall\u00e9n&nbsp;<\/strong>y simulan estar en una parada o esperando a alguien.<\/p>\n\n\n\n<p><strong>Jorge Carrizo<\/strong>, director de Servicios Comunitarios, Seguridad Vial y Defensa Civil de Guaymall\u00e9n sostiene que&nbsp;<mark>es un problema que tienen en la Costanera y en los alrededores del municipio.<\/mark>&nbsp;Sin embargo, la comuna los sanciona siguiendo el C\u00f3digo de Contravenciones de la provincia, ya que no tienen ninguna ordenanza que los multe.<\/p>\n\n\n\n<p>\u201cNo es diario, pero si es algo que ocurre que provocan&nbsp; a la gente o les rayan el auto, sino les pagan. Es por eso que trabajamos con la Polic\u00eda que se los llevan\u201d, sostuvo Carrizo, quien se\u00f1al\u00f3 que no es la soluci\u00f3n sancionarlos.<\/p>\n\n\n\n<p>El director de Servicios Comunitarios sostuvo que no pueden tener un m\u00f3vil apostado en los lugares que est\u00e1n los limpiavidrios y se\u00f1al\u00f3 que&nbsp; \u201clas multas quedan en la nada\u201d. Es por eso que desde el municipio decidieron ayudarlos para evitar que hagan esa actividad.<\/p>\n\n\n\n<p>En esa misma l\u00ednea, explic\u00f3 que&nbsp;<mark>la comuna ha trabajado con ONGs y les han otorgado subsidio de alquileres<\/mark>, ya que sostiene que muchos est\u00e1n en situaci\u00f3n de calle.&nbsp;<\/p>\n\n\n\n<p>\u201cDebemos ver c\u00f3mo podemos ayudarlos porque muchos tienen problemas y sobre exceden&nbsp; lo municipal\u201d, sostuvo.<\/p>\n\n\n\n<h2 class=\"wp-block-heading\" id=\"h-el-dia-a-dia-de-los-limpiavidrios\"><strong>El d\u00eda a d\u00eda de los limpiavidrios<\/strong><\/h2>\n\n\n\n<p>Las edades de los limpiavidrios rondan desde los 20&nbsp; a los 40 a\u00f1os. La mayor\u00eda decidi\u00f3 realizar esa labor porque no consigui\u00f3 trabajo y asgeguran que lo hacen porque deben alimentar a su familia.&nbsp;<\/p>\n\n\n\n<p>En ese sentido, varios se\u00f1alan que\u00a0<mark>ganan m\u00e1s dinero de esa forma que en otros trabajos<\/mark>, a pesar de que est\u00e9 prohibido realizarla, deciden de igual manera estar ah\u00ed. \u201c<em>Todos los d\u00edas me llevan a la comisar\u00eda, pero vuelvo porque necesito la plata<\/em>\u201c, coment\u00f3 un limpiavidrios.<\/p>\n\n\n\n<figure class=\"wp-block-image size-full\"><img loading=\"lazy\" decoding=\"async\" width=\"1024\" height=\"764\" src=\"https:\/\/elfederalmendoza.com\/wp-content\/uploads\/2023\/02\/image-17.png\" alt=\"\" class=\"wp-image-20474\" srcset=\"https:\/\/elfederalmendoza.com.ar\/wp-content\/uploads\/2023\/02\/image-17.png 1024w, https:\/\/elfederalmendoza.com.ar\/wp-content\/uploads\/2023\/02\/image-17-300x224.png 300w, https:\/\/elfederalmendoza.com.ar\/wp-content\/uploads\/2023\/02\/image-17-768x573.png 768w\" sizes=\"auto, (max-width: 1024px) 100vw, 1024px\" \/><\/figure>\n\n\n\n<p>La escasa oferta laboral y los estudios incompletos son algunos de los aspectos que los complica a la hora de buscar un trabajo. Pero tambi\u00e9n los conflictos con la ley.<\/p>\n\n\n\n<p>\u201c<em>Tengo seis hijos y no consigo trabajo porque tengo antecedentes penales<\/em>\u201d, coment\u00f3 un hombre de 39 a\u00f1os, que trabaja desde hace tres a\u00f1os limpiando vidrios.&nbsp;<\/p>\n\n\n\n<p>La mayor\u00eda asegura que&nbsp;<mark>no perciben planes sociales ni ning\u00fan tipo de ayuda del Gobierno<\/mark>&nbsp;y s\u00f3lo viven de lo que puedan sacar de la calle.<\/p>\n\n\n\n<p>&nbsp;\u201c<em>Por d\u00eda saco cuatro mil pesos y como le\u00f1ero me quer\u00edan pagar menos, entonces no me conviene<\/em>. Cuando consiga algo mejor lo har\u00e9, pero hasta el momento no lo he encontrado\u201d, sostuvo uno de los j\u00f3venes que estaba en la Costanera.<\/p>\n","protected":false},"excerpt":{"rendered":"<p>Como en otras \u00e9pocas, los limpiavidrios han vuelto a posicionarse en cada esquina de la&nbsp;Costanera, desafiando el c\u00f3digo contravencional de la Provincia y el de Convivencia ciudadana de&nbsp;Ciudad, que&nbsp;los proh\u00edbe. Y, en algunos casos, tambi\u00e9n han vuelto con las tensiones urbanas que se disparaban en cuesti\u00f3n de segundos, lo que dura un sem\u00e1foro en rojo.<a class=\"read-more\" href=\"https:\/\/elfederalmendoza.com.ar\/index.php\/2023\/02\/16\/los-limpiavidrios-coparon-la-costanera-y-los-municipios-no-encuentran-la-forma-de-sacarlos\/\"> [&hellip;]<\/a><\/p>\n","protected":false},"author":2,"featured_media":20475,"comment_status":"open","ping_status":"open","sticky":false,"template":"","format":"standard","meta":{"footnotes":""},"categories":[1],"tags":[],"class_list":["post-20472","post","type-post","status-publish","format-standard","has-post-thumbnail","hentry","category-mza"],"rttpg_featured_image_url":{"full":["https:\/\/elfederalmendoza.com.ar\/wp-content\/uploads\/2023\/02\/Limpiavidrios-3.webp",1200,895,false],"landscape":["https:\/\/elfederalmendoza.com.ar\/wp-content\/uploads\/2023\/02\/Limpiavidrios-3.webp",1200,895,false],"portraits":["https:\/\/elfederalmendoza.com.ar\/wp-content\/uploads\/2023\/02\/Limpiavidrios-3.webp",1200,895,false],"thumbnail":["https:\/\/elfederalmendoza.com.ar\/wp-content\/uploads\/2023\/02\/Limpiavidrios-3-150x150.webp",150,150,true],"medium":["https:\/\/elfederalmendoza.com.ar\/wp-content\/uploads\/2023\/02\/Limpiavidrios-3-300x224.webp",300,224,true],"large":["https:\/\/elfederalmendoza.com.ar\/wp-content\/uploads\/2023\/02\/Limpiavidrios-3-1024x764.webp",640,478,true],"1536x1536":["https:\/\/elfederalmendoza.com.ar\/wp-content\/uploads\/2023\/02\/Limpiavidrios-3.webp",1200,895,false],"2048x2048":["https:\/\/elfederalmendoza.com.ar\/wp-content\/uploads\/2023\/02\/Limpiavidrios-3.webp",1200,895,false],"ultp_layout_landscape_large":["https:\/\/elfederalmendoza.com.ar\/wp-content\/uploads\/2023\/02\/Limpiavidrios-3-1200x800.webp",1200,800,true],"ultp_layout_landscape":["https:\/\/elfederalmendoza.com.ar\/wp-content\/uploads\/2023\/02\/Limpiavidrios-3-870x570.webp",870,570,true],"ultp_layout_portrait":["https:\/\/elfederalmendoza.com.ar\/wp-content\/uploads\/2023\/02\/Limpiavidrios-3-600x895.webp",600,895,true],"ultp_layout_square":["https:\/\/elfederalmendoza.com.ar\/wp-content\/uploads\/2023\/02\/Limpiavidrios-3-600x600.webp",600,600,true],"rpwe-thumbnail":["https:\/\/elfederalmendoza.com.ar\/wp-content\/uploads\/2023\/02\/Limpiavidrios-3-45x45.webp",45,45,true],"advps-thumb-one":["https:\/\/elfederalmendoza.com.ar\/wp-content\/uploads\/2023\/02\/Limpiavidrios-3-1200x420.webp",1200,420,true]},"rttpg_author":{"display_name":"Redacci\u00f3n El Federal","author_link":"https:\/\/elfederalmendoza.com.ar\/index.php\/author\/angelflores\/"},"rttpg_comment":0,"rttpg_category":"<a href=\"https:\/\/elfederalmendoza.com.ar\/index.php\/category\/mza\/\" rel=\"category tag\">Mendoza<\/a>","rttpg_excerpt":"Como en otras \u00e9pocas, los limpiavidrios han vuelto a posicionarse en cada esquina de la&nbsp;Costanera, desafiando el c\u00f3digo contravencional de la Provincia y el de Convivencia ciudadana de&nbsp;Ciudad, que&nbsp;los proh\u00edbe. Y, en algunos casos, tambi\u00e9n han vuelto con las tensiones urbanas que se disparaban en cuesti\u00f3n de segundos, lo que dura un sem\u00e1foro en rojo.&hellip;","_links":{"self":[{"href":"https:\/\/elfederalmendoza.com.ar\/index.php\/wp-json\/wp\/v2\/posts\/20472","targetHints":{"allow":["GET"]}}],"collection":[{"href":"https:\/\/elfederalmendoza.com.ar\/index.php\/wp-json\/wp\/v2\/posts"}],"about":[{"href":"https:\/\/elfederalmendoza.com.ar\/index.php\/wp-json\/wp\/v2\/types\/post"}],"author":[{"embeddable":true,"href":"https:\/\/elfederalmendoza.com.ar\/index.php\/wp-json\/wp\/v2\/users\/2"}],"replies":[{"embeddable":true,"href":"https:\/\/elfederalmendoza.com.ar\/index.php\/wp-json\/wp\/v2\/comments?post=20472"}],"version-history":[{"count":1,"href":"https:\/\/elfederalmendoza.com.ar\/index.php\/wp-json\/wp\/v2\/posts\/20472\/revisions"}],"predecessor-version":[{"id":20476,"href":"https:\/\/elfederalmendoza.com.ar\/index.php\/wp-json\/wp\/v2\/posts\/20472\/revisions\/20476"}],"wp:featuredmedia":[{"embeddable":true,"href":"https:\/\/elfederalmendoza.com.ar\/index.php\/wp-json\/wp\/v2\/media\/20475"}],"wp:attachment":[{"href":"https:\/\/elfederalmendoza.com.ar\/index.php\/wp-json\/wp\/v2\/media?parent=20472"}],"wp:term":[{"taxonomy":"category","embeddable":true,"href":"https:\/\/elfederalmendoza.com.ar\/index.php\/wp-json\/wp\/v2\/categories?post=20472"},{"taxonomy":"post_tag","embeddable":true,"href":"https:\/\/elfederalmendoza.com.ar\/index.php\/wp-json\/wp\/v2\/tags?post=20472"}],"curies":[{"name":"wp","href":"https:\/\/api.w.org\/{rel}","templated":true}]}}