{"id":20484,"date":"2023-02-17T09:30:33","date_gmt":"2023-02-17T12:30:33","guid":{"rendered":"https:\/\/elfederalmendoza.com\/?p=20484"},"modified":"2023-02-17T09:30:34","modified_gmt":"2023-02-17T12:30:34","slug":"guaymallen-zona-liberada-los-detalles-de-otro-asesinato-que-conmociona-a-los-vecinos","status":"publish","type":"post","link":"https:\/\/elfederalmendoza.com.ar\/index.php\/2023\/02\/17\/guaymallen-zona-liberada-los-detalles-de-otro-asesinato-que-conmociona-a-los-vecinos\/","title":{"rendered":"Guaymall\u00e9n zona liberada: Los detalles de otro asesinato que conmociona a los vecinos"},"content":{"rendered":"\n<p>Guaymall\u00e9n ha sido noticia en los \u00faltimos meses por los distintos robos y asesinatos a comerciantes, y que preocupa a las autoridades de la polic\u00eda que reconocieron el crecimiento de los robos con armas de fuego.<\/p>\n\n\n\n<p>El\u00a0<strong>crimen de Norberto Mart\u00edn Salzmann (51),<\/strong>\u00a0due\u00f1o de un lubricentro en Guaymall\u00e9n, conmocion\u00f3 a los vecinos de la esquina de Mitre y Mathus Hoyos, en San Jos\u00e9.<\/p>\n\n\n\n<p>Una vez concretado el asesinato durante un asalto y en medio de las tareas de los investigadores judiciales, comenzaron a salir a la luz algunos\u00a0<strong>datos que ser\u00e1n de suma importancia para el esclarecimiento del hecho.<\/strong><a href=\"https:\/\/www.sitioandino.com.ar\/policiales\/lucho-moreno-perpetua-al-acusado-matar-al-periodista-n5646655\"><\/a><\/p>\n\n\n\n<p>Y es que<strong>\u00a0los ladrones hab\u00edan realizado una especie de inteligencia previa para perpetrar el asalto.<\/strong>\u00a0Es decir: ten\u00edan el dato de que en la casa hab\u00eda dinero.<\/p>\n\n\n\n<figure class=\"wp-block-image size-full is-resized\"><img loading=\"lazy\" decoding=\"async\" src=\"https:\/\/elfederalmendoza.com\/wp-content\/uploads\/2023\/02\/guayma1.jpg\" alt=\"\" class=\"wp-image-20486\" width=\"966\" height=\"645\" srcset=\"https:\/\/elfederalmendoza.com.ar\/wp-content\/uploads\/2023\/02\/guayma1.jpg 650w, https:\/\/elfederalmendoza.com.ar\/wp-content\/uploads\/2023\/02\/guayma1-300x200.jpg 300w\" sizes=\"auto, (max-width: 966px) 100vw, 966px\" \/><\/figure>\n\n\n\n<p>Fuentes policiales aseguraron que&nbsp;<strong>al menos dos de los tres delincuentes que perpetraron el asalto habr\u00edan visitado el lubricentro, por lo menos, dos veces en las \u00faltimas horas.<\/strong><\/p>\n\n\n\n<p>En ese sentido, algunos testigos dijeron que&nbsp;<strong>los maleantes fueron al local a hacer \u201cconsultas\u201d este mi\u00e9rcoles, como as\u00ed tambi\u00e9n este jueves por la ma\u00f1ana.<\/strong><\/p>\n\n\n\n<figure class=\"wp-block-image is-resized\"><img loading=\"lazy\" decoding=\"async\" src=\"https:\/\/media.sitioandino.com.ar\/p\/853017aa5da1052bdd6784954243310d\/adjuntos\/335\/imagenes\/000\/619\/0000619052\/790x0\/smart\/homicidio-guaymallen-norberto-martin-salzmann.jpg\" alt=\"La escena del crimen, en Mitre al 2.100 de San Jos\u00e9, Guaymall\u00e9n. \" width=\"963\" height=\"642\"\/><figcaption class=\"wp-element-caption\">La escena del crimen, en Mitre al 2.100 de San Jos\u00e9, Guaymall\u00e9n. Foto: Cristian Lozano<\/figcaption><\/figure>\n\n\n\n<p>Entonces,<strong>&nbsp;cerca de las 15.20 estos individuos volvieron al local<\/strong>. Como ya hab\u00edan ido al lubricentro, los encargados nunca sospecharon de un asalto.<\/p>\n\n\n\n<p>Sin embargo, a los pocos segundos de llegar al lugar, los individuos atacaron directamente a la hija del due\u00f1o, que estaba a cargo de la caja.&nbsp;<strong>Le exigieron dinero y acto seguido comenzaron a agredirla.<\/strong><\/p>\n\n\n\n<p>Al ver esto,&nbsp;<strong>Salzmann la defendi\u00f3 y recibi\u00f3 un cachazo en la cabeza<\/strong>. Como el hombre continu\u00f3 con su resistencia,<strong>&nbsp;uno de los ladrones le dispar\u00f3 en el pecho<\/strong>. Para los pesquisas, el disparo se realiz\u00f3 a corta distancia.<\/p>\n\n\n\n<figure class=\"wp-block-image is-resized\"><img loading=\"lazy\" decoding=\"async\" src=\"https:\/\/media.sitioandino.com.ar\/p\/e71d33367c3728e8b7e6df7247aa48e1\/adjuntos\/335\/imagenes\/000\/619\/0000619051\/790x0\/smart\/homicidio-guaymallen-norberto-martin-salzmann.jpg\" alt=\"La v\u00edctima ten\u00eda 51 a\u00f1os. Fue ejecutada de un disparo en el pecho. \" width=\"964\" height=\"643\"\/><figcaption class=\"wp-element-caption\">La v\u00edctima ten\u00eda 51 a\u00f1os. Fue ejecutada de un disparo en el pecho. Foto: Cristian Lozano<\/figcaption><\/figure>\n\n\n\n<p>Luego de esto, los delincuentes robaron la caja registradora y escaparon corriendo hacia la calle.&nbsp;<strong>Se cree que en ese lugar abordaron una camioneta Chevrolet S10 y completaron la huida.<\/strong><\/p>\n\n\n\n<p>Minutos despu\u00e9s,&nbsp;<strong>esa camioneta apareci\u00f3 incendiada en un descampado del barrio Capilla de Nieve, en Guaymall\u00e9n<\/strong>. Al verificar los datos, se detect\u00f3 que hab\u00eda sido robada este mismo jueves.<\/p>\n\n\n\n<p>Con estos datos, la justicia comenz\u00f3 a investigar el homicidio.\u00a0<strong>Por ahora no hay detenidos<\/strong>, pero los detectives son optimistas en hallar pruebas para identificar a los responsables.<\/p>\n\n\n\n<figure class=\"wp-block-image size-full is-resized\"><img loading=\"lazy\" decoding=\"async\" src=\"https:\/\/elfederalmendoza.com\/wp-content\/uploads\/2023\/02\/guayma2.jpg\" alt=\"\" class=\"wp-image-20487\" width=\"961\" height=\"643\" srcset=\"https:\/\/elfederalmendoza.com.ar\/wp-content\/uploads\/2023\/02\/guayma2.jpg 650w, https:\/\/elfederalmendoza.com.ar\/wp-content\/uploads\/2023\/02\/guayma2-300x201.jpg 300w\" sizes=\"auto, (max-width: 961px) 100vw, 961px\" \/><\/figure>\n\n\n\n<p>El caso es investigado por la fiscal <strong>Claudia R\u00edos<\/strong>, quien junto a personal de la Divisi\u00f3n de Homicidios ya comenz\u00f3 a realizar medidas para esclarecer el crimen.<\/p>\n","protected":false},"excerpt":{"rendered":"<p>Guaymall\u00e9n ha sido noticia en los \u00faltimos meses por los distintos robos y asesinatos a comerciantes, y que preocupa a las autoridades de la polic\u00eda que reconocieron el crecimiento de los robos con armas de fuego. El\u00a0crimen de Norberto Mart\u00edn Salzmann (51),\u00a0due\u00f1o de un lubricentro en Guaymall\u00e9n, conmocion\u00f3 a los vecinos de la esquina de<a class=\"read-more\" href=\"https:\/\/elfederalmendoza.com.ar\/index.php\/2023\/02\/17\/guaymallen-zona-liberada-los-detalles-de-otro-asesinato-que-conmociona-a-los-vecinos\/\"> [&hellip;]<\/a><\/p>\n","protected":false},"author":2,"featured_media":20485,"comment_status":"open","ping_status":"open","sticky":false,"template":"","format":"standard","meta":{"footnotes":""},"categories":[1],"tags":[],"class_list":["post-20484","post","type-post","status-publish","format-standard","has-post-thumbnail","hentry","category-mza"],"rttpg_featured_image_url":{"full":["https:\/\/elfederalmendoza.com.ar\/wp-content\/uploads\/2023\/02\/guayma.jpg",993,626,false],"landscape":["https:\/\/elfederalmendoza.com.ar\/wp-content\/uploads\/2023\/02\/guayma.jpg",993,626,false],"portraits":["https:\/\/elfederalmendoza.com.ar\/wp-content\/uploads\/2023\/02\/guayma.jpg",993,626,false],"thumbnail":["https:\/\/elfederalmendoza.com.ar\/wp-content\/uploads\/2023\/02\/guayma-150x150.jpg",150,150,true],"medium":["https:\/\/elfederalmendoza.com.ar\/wp-content\/uploads\/2023\/02\/guayma-300x189.jpg",300,189,true],"large":["https:\/\/elfederalmendoza.com.ar\/wp-content\/uploads\/2023\/02\/guayma.jpg",640,403,false],"1536x1536":["https:\/\/elfederalmendoza.com.ar\/wp-content\/uploads\/2023\/02\/guayma.jpg",993,626,false],"2048x2048":["https:\/\/elfederalmendoza.com.ar\/wp-content\/uploads\/2023\/02\/guayma.jpg",993,626,false],"ultp_layout_landscape_large":["https:\/\/elfederalmendoza.com.ar\/wp-content\/uploads\/2023\/02\/guayma.jpg",993,626,false],"ultp_layout_landscape":["https:\/\/elfederalmendoza.com.ar\/wp-content\/uploads\/2023\/02\/guayma-870x570.jpg",870,570,true],"ultp_layout_portrait":["https:\/\/elfederalmendoza.com.ar\/wp-content\/uploads\/2023\/02\/guayma-600x626.jpg",600,626,true],"ultp_layout_square":["https:\/\/elfederalmendoza.com.ar\/wp-content\/uploads\/2023\/02\/guayma-600x600.jpg",600,600,true],"rpwe-thumbnail":["https:\/\/elfederalmendoza.com.ar\/wp-content\/uploads\/2023\/02\/guayma-45x45.jpg",45,45,true],"advps-thumb-one":["https:\/\/elfederalmendoza.com.ar\/wp-content\/uploads\/2023\/02\/guayma-993x420.jpg",993,420,true]},"rttpg_author":{"display_name":"Redacci\u00f3n El Federal","author_link":"https:\/\/elfederalmendoza.com.ar\/index.php\/author\/angelflores\/"},"rttpg_comment":0,"rttpg_category":"<a href=\"https:\/\/elfederalmendoza.com.ar\/index.php\/category\/mza\/\" rel=\"category tag\">Mendoza<\/a>","rttpg_excerpt":"Guaymall\u00e9n ha sido noticia en los \u00faltimos meses por los distintos robos y asesinatos a comerciantes, y que preocupa a las autoridades de la polic\u00eda que reconocieron el crecimiento de los robos con armas de fuego. El\u00a0crimen de Norberto Mart\u00edn Salzmann (51),\u00a0due\u00f1o de un lubricentro en Guaymall\u00e9n, conmocion\u00f3 a los vecinos de la esquina de&hellip;","_links":{"self":[{"href":"https:\/\/elfederalmendoza.com.ar\/index.php\/wp-json\/wp\/v2\/posts\/20484","targetHints":{"allow":["GET"]}}],"collection":[{"href":"https:\/\/elfederalmendoza.com.ar\/index.php\/wp-json\/wp\/v2\/posts"}],"about":[{"href":"https:\/\/elfederalmendoza.com.ar\/index.php\/wp-json\/wp\/v2\/types\/post"}],"author":[{"embeddable":true,"href":"https:\/\/elfederalmendoza.com.ar\/index.php\/wp-json\/wp\/v2\/users\/2"}],"replies":[{"embeddable":true,"href":"https:\/\/elfederalmendoza.com.ar\/index.php\/wp-json\/wp\/v2\/comments?post=20484"}],"version-history":[{"count":1,"href":"https:\/\/elfederalmendoza.com.ar\/index.php\/wp-json\/wp\/v2\/posts\/20484\/revisions"}],"predecessor-version":[{"id":20488,"href":"https:\/\/elfederalmendoza.com.ar\/index.php\/wp-json\/wp\/v2\/posts\/20484\/revisions\/20488"}],"wp:featuredmedia":[{"embeddable":true,"href":"https:\/\/elfederalmendoza.com.ar\/index.php\/wp-json\/wp\/v2\/media\/20485"}],"wp:attachment":[{"href":"https:\/\/elfederalmendoza.com.ar\/index.php\/wp-json\/wp\/v2\/media?parent=20484"}],"wp:term":[{"taxonomy":"category","embeddable":true,"href":"https:\/\/elfederalmendoza.com.ar\/index.php\/wp-json\/wp\/v2\/categories?post=20484"},{"taxonomy":"post_tag","embeddable":true,"href":"https:\/\/elfederalmendoza.com.ar\/index.php\/wp-json\/wp\/v2\/tags?post=20484"}],"curies":[{"name":"wp","href":"https:\/\/api.w.org\/{rel}","templated":true}]}}