{"id":20489,"date":"2023-02-17T09:53:02","date_gmt":"2023-02-17T12:53:02","guid":{"rendered":"https:\/\/elfederalmendoza.com\/?p=20489"},"modified":"2023-02-17T09:53:05","modified_gmt":"2023-02-17T12:53:05","slug":"guaymallen-zona-liberada-asaltantes-con-armas-robaron-mas-de-14-000-000-de-una-distribuidora-de-cigarrillos-de-guaymallen","status":"publish","type":"post","link":"https:\/\/elfederalmendoza.com.ar\/index.php\/2023\/02\/17\/guaymallen-zona-liberada-asaltantes-con-armas-robaron-mas-de-14-000-000-de-una-distribuidora-de-cigarrillos-de-guaymallen\/","title":{"rendered":"Guaymall\u00e9n zona liberada: Asaltantes con armas robaron m\u00e1s de $14.000.000 de una distribuidora de cigarrillos de Guaymall\u00e9n"},"content":{"rendered":"\n<p>El gerente de una distribuidora de Guaymall\u00e9n, fue\u00a0<strong>asaltado por dos delincuentes con armas de fuego<\/strong>\u00a0y sus caras tapadas. Bajo amenazas, le robaron el auto donde ten\u00eda dos bolsos con\u00a0<strong>$14.000.000 de recaudaci\u00f3n, adem\u00e1s $170.000 en la puerta del conductor y otra mochila con m\u00e1s dinero.<\/strong>\u00a0Adem\u00e1s, le robaron el celular y otros elementos, y escaparon r\u00e1pidamente del lugar en un veh\u00edculo que los esperaba a pocos metros. A pesar de contar con c\u00e1maras de seguridad, fue imposible identificar a los asaltantes y\u00a0<strong>no hay detenidos.<\/strong><\/p>\n\n\n\n<p>Ocurri\u00f3 alrededor de las 11 del jueves en la empresa ubicada en&nbsp;<strong>calle Zapiola 238, entre calles 25 de Mayo y Adolfo Calle, en Guaymall\u00e9n<\/strong>. All\u00ed estaba el gerente, de 42 a\u00f1os, quien en su Citro\u00ebn C4 ten\u00eda dos bolsos.<\/p>\n\n\n\n<figure class=\"wp-block-image\"><img decoding=\"async\" src=\"https:\/\/media.diariouno.com.ar\/p\/dd34b8b2592f210d5a1db60ded245d73\/adjuntos\/298\/imagenes\/009\/116\/0009116266\/1200x0\/smart\/inseguridad-mendoza-nobleza-piccardo-guaymallenjpg.jpg\" alt=\"El millonario asalto ocurri\u00f3 en calle Zapiola 242, entre calles 25 de Mayo y Adolfo Calle, en Guaymall\u00e9n.\"\/><\/figure>\n\n\n\n<p>El millonario asalto ocurri\u00f3 en calle Zapiola 242, entre calles 25 de Mayo y Adolfo Calle, en Guaymall\u00e9n.<\/p>\n\n\n\n<p>Los ladrones llegaron en&nbsp;<strong>un Renault Kangoo gris con el parabrisas trizado<\/strong>&nbsp;y estaban preparados para el golpe, ya que adem\u00e1s de armas de fuego,<strong>&nbsp;ten\u00edan sus caras tapadas<\/strong>&nbsp;y usaban lentes para que la v\u00edctima no los pueda ver, y no sean captados por las c\u00e1maras de seguridad del lugar.<\/p>\n\n\n\n<p>De esa manera, amenazaron a punta de pistola al gerente, lo golpearon y le robaron el Citro\u00ebn C4 blanco donde en el ba\u00fal ten\u00eda dos bolsos con $14.000.000, en la puerta del conductor otros $170.000 y otra mochila tambi\u00e9n con dinero, pero se desconoce el monto, adem\u00e1s del celular de la v\u00edctima.<\/p>\n\n\n\n<p>Los asaltantes escaparon r\u00e1pidamente en el Citro\u00ebn y la Kangoo por calle Zapiola hacia el Sur. La Polic\u00eda lleg\u00f3 a la empresa luego de un llamado al 911, hicieron un rastrillaje por las inmediaciones pero no encontraron a los asaltantes.<\/p>\n\n\n\n<p>Alrededor de las 23.50 del jueves, encontraron el auto de la v\u00edctima abandonado en calle Pedro del Castillo 1.725, a metros de calle Fader, de Godoy Cruz, pero a\u00fan no tienen datos de los ladrones.<\/p>\n\n\n\n<p>La causa qued\u00f3 a cargo de la Oficina Fiscal N\u00ba 8.<\/p>\n","protected":false},"excerpt":{"rendered":"<p>El gerente de una distribuidora de Guaymall\u00e9n, fue\u00a0asaltado por dos delincuentes con armas de fuego\u00a0y sus caras tapadas. Bajo amenazas, le robaron el auto donde ten\u00eda dos bolsos con\u00a0$14.000.000 de recaudaci\u00f3n, adem\u00e1s $170.000 en la puerta del conductor y otra mochila con m\u00e1s dinero.\u00a0Adem\u00e1s, le robaron el celular y otros elementos, y escaparon r\u00e1pidamente del<a class=\"read-more\" href=\"https:\/\/elfederalmendoza.com.ar\/index.php\/2023\/02\/17\/guaymallen-zona-liberada-asaltantes-con-armas-robaron-mas-de-14-000-000-de-una-distribuidora-de-cigarrillos-de-guaymallen\/\"> [&hellip;]<\/a><\/p>\n","protected":false},"author":2,"featured_media":20490,"comment_status":"open","ping_status":"open","sticky":false,"template":"","format":"standard","meta":{"footnotes":""},"categories":[1],"tags":[],"class_list":["post-20489","post","type-post","status-publish","format-standard","has-post-thumbnail","hentry","category-mza"],"rttpg_featured_image_url":{"full":["https:\/\/elfederalmendoza.com.ar\/wp-content\/uploads\/2023\/02\/policia-mendoza2.jpg",1049,554,false],"landscape":["https:\/\/elfederalmendoza.com.ar\/wp-content\/uploads\/2023\/02\/policia-mendoza2.jpg",1049,554,false],"portraits":["https:\/\/elfederalmendoza.com.ar\/wp-content\/uploads\/2023\/02\/policia-mendoza2.jpg",1049,554,false],"thumbnail":["https:\/\/elfederalmendoza.com.ar\/wp-content\/uploads\/2023\/02\/policia-mendoza2-150x150.jpg",150,150,true],"medium":["https:\/\/elfederalmendoza.com.ar\/wp-content\/uploads\/2023\/02\/policia-mendoza2-300x158.jpg",300,158,true],"large":["https:\/\/elfederalmendoza.com.ar\/wp-content\/uploads\/2023\/02\/policia-mendoza2-1024x541.jpg",640,338,true],"1536x1536":["https:\/\/elfederalmendoza.com.ar\/wp-content\/uploads\/2023\/02\/policia-mendoza2.jpg",1049,554,false],"2048x2048":["https:\/\/elfederalmendoza.com.ar\/wp-content\/uploads\/2023\/02\/policia-mendoza2.jpg",1049,554,false],"ultp_layout_landscape_large":["https:\/\/elfederalmendoza.com.ar\/wp-content\/uploads\/2023\/02\/policia-mendoza2.jpg",1049,554,false],"ultp_layout_landscape":["https:\/\/elfederalmendoza.com.ar\/wp-content\/uploads\/2023\/02\/policia-mendoza2-870x554.jpg",870,554,true],"ultp_layout_portrait":["https:\/\/elfederalmendoza.com.ar\/wp-content\/uploads\/2023\/02\/policia-mendoza2-600x554.jpg",600,554,true],"ultp_layout_square":["https:\/\/elfederalmendoza.com.ar\/wp-content\/uploads\/2023\/02\/policia-mendoza2-600x554.jpg",600,554,true],"rpwe-thumbnail":["https:\/\/elfederalmendoza.com.ar\/wp-content\/uploads\/2023\/02\/policia-mendoza2-45x45.jpg",45,45,true],"advps-thumb-one":["https:\/\/elfederalmendoza.com.ar\/wp-content\/uploads\/2023\/02\/policia-mendoza2-1049x420.jpg",1049,420,true]},"rttpg_author":{"display_name":"Redacci\u00f3n El Federal","author_link":"https:\/\/elfederalmendoza.com.ar\/index.php\/author\/angelflores\/"},"rttpg_comment":0,"rttpg_category":"<a href=\"https:\/\/elfederalmendoza.com.ar\/index.php\/category\/mza\/\" rel=\"category tag\">Mendoza<\/a>","rttpg_excerpt":"El gerente de una distribuidora de Guaymall\u00e9n, fue\u00a0asaltado por dos delincuentes con armas de fuego\u00a0y sus caras tapadas. Bajo amenazas, le robaron el auto donde ten\u00eda dos bolsos con\u00a0$14.000.000 de recaudaci\u00f3n, adem\u00e1s $170.000 en la puerta del conductor y otra mochila con m\u00e1s dinero.\u00a0Adem\u00e1s, le robaron el celular y otros elementos, y escaparon r\u00e1pidamente del&hellip;","_links":{"self":[{"href":"https:\/\/elfederalmendoza.com.ar\/index.php\/wp-json\/wp\/v2\/posts\/20489","targetHints":{"allow":["GET"]}}],"collection":[{"href":"https:\/\/elfederalmendoza.com.ar\/index.php\/wp-json\/wp\/v2\/posts"}],"about":[{"href":"https:\/\/elfederalmendoza.com.ar\/index.php\/wp-json\/wp\/v2\/types\/post"}],"author":[{"embeddable":true,"href":"https:\/\/elfederalmendoza.com.ar\/index.php\/wp-json\/wp\/v2\/users\/2"}],"replies":[{"embeddable":true,"href":"https:\/\/elfederalmendoza.com.ar\/index.php\/wp-json\/wp\/v2\/comments?post=20489"}],"version-history":[{"count":1,"href":"https:\/\/elfederalmendoza.com.ar\/index.php\/wp-json\/wp\/v2\/posts\/20489\/revisions"}],"predecessor-version":[{"id":20491,"href":"https:\/\/elfederalmendoza.com.ar\/index.php\/wp-json\/wp\/v2\/posts\/20489\/revisions\/20491"}],"wp:featuredmedia":[{"embeddable":true,"href":"https:\/\/elfederalmendoza.com.ar\/index.php\/wp-json\/wp\/v2\/media\/20490"}],"wp:attachment":[{"href":"https:\/\/elfederalmendoza.com.ar\/index.php\/wp-json\/wp\/v2\/media?parent=20489"}],"wp:term":[{"taxonomy":"category","embeddable":true,"href":"https:\/\/elfederalmendoza.com.ar\/index.php\/wp-json\/wp\/v2\/categories?post=20489"},{"taxonomy":"post_tag","embeddable":true,"href":"https:\/\/elfederalmendoza.com.ar\/index.php\/wp-json\/wp\/v2\/tags?post=20489"}],"curies":[{"name":"wp","href":"https:\/\/api.w.org\/{rel}","templated":true}]}}