{"id":20494,"date":"2023-02-17T09:58:26","date_gmt":"2023-02-17T12:58:26","guid":{"rendered":"https:\/\/elfederalmendoza.com\/?p=20494"},"modified":"2023-02-17T10:09:21","modified_gmt":"2023-02-17T13:09:21","slug":"buscan-intensamente-al-policia-mendocino-detenido-por-violencia-de-genero-que-escapo-de-la-comisaria","status":"publish","type":"post","link":"https:\/\/elfederalmendoza.com.ar\/index.php\/2023\/02\/17\/buscan-intensamente-al-policia-mendocino-detenido-por-violencia-de-genero-que-escapo-de-la-comisaria\/","title":{"rendered":"Buscan intensamente al polic\u00eda mendocino detenido por violencia de g\u00e9nero que escap\u00f3 de una comisar\u00eda de Guaymall\u00e9n"},"content":{"rendered":"\n<p>Desde este mi\u00e9rcoles 15 de febrero a las 13:15 horas, el inspector de polic\u00eda&nbsp;<strong>Jorge Diego Finnemore, de 43 a\u00f1os,&nbsp;se encuentra pr\u00f3fugo&nbsp;de la comisar\u00eda N\u00b045 de Dorrego<\/strong>, Guaymall\u00e9n, y<strong>&nbsp;se lo busca intensamente<\/strong>. El efectivo policial estaba aprehendido tras ser acusado por violencia de g\u00e9nero.<\/p>\n\n\n\n<p>El sospechoso&nbsp;<strong>estaba detenido por maltrato f\u00edsico y verbal<\/strong>&nbsp;hacia su ex pareja, quien lo hab\u00eda denunciado previamente, y est\u00e1 a disposici\u00f3n de la Oficina Fiscal N\u00b019. C\u00f3mo medida preventiva,&nbsp;<strong>ya se envi\u00f3 un efectivo policial a la casa de la v\u00edctima<\/strong>.<\/p>\n\n\n\n<h2 class=\"wp-block-heading\">C\u00d3MO ESCAP\u00d3 DE LA COMISAR\u00cdA EL POLIC\u00cdA MENDOCINO<\/h2>\n\n\n\n<p>Seg\u00fan&nbsp;<em>Diario Uno<\/em>, el oficial&nbsp;<strong>Jorge Diego Finnemore<\/strong>&nbsp;<strong>es un inspector muy conocido por su larga trayectoria en la Polic\u00eda Vial<\/strong>&nbsp;y, a pesar de lo que se lo acusa,&nbsp;<strong>tiene a\u00fan la lealtad de sus colegas<\/strong>.<\/p>\n\n\n\n<p>Cuentan los testigos que&nbsp;<strong>el pr\u00f3fugo hab\u00eda pedido ir al ba\u00f1o, lo dejaron, y en el momento en que sali\u00f3, empuj\u00f3 al efectivo que lo custodiaba y aprovech\u00f3 para huir<\/strong>.<\/p>\n\n\n\n<p>Testigos dijeron que&nbsp;<strong>el acusado sali\u00f3 por calle Dorrego hacia el norte y r\u00e1pidamente dobl\u00f3 por V\u00e9lez Sarsfield,<\/strong>&nbsp;en el departamento mendocino de Guaymall\u00e9n. Desde ese momento no se lo volvi\u00f3 a ver.<\/p>\n\n\n\n<p>Actualmente,&nbsp;<strong>se lo busca de manera intensa&nbsp;<\/strong>y se inform\u00f3 que&nbsp;<strong>al momento de fugarse&nbsp;<\/strong>ten\u00eda un<strong>&nbsp;brazo enyesado&nbsp;<\/strong>y vest\u00eda un&nbsp;<strong>pantal\u00f3n rosa.<\/strong><\/p>\n\n\n\n<p>Mientras tanto, la justicia inici\u00f3 una causa por evasi\u00f3n, en tanto que la<strong>&nbsp;Inspecci\u00f3n General de Seguridad<\/strong>&nbsp;fue informada de lo ocurrido y decidi\u00f3&nbsp;<strong>investigar el accionar de los polic\u00edas que estaban de turno en la Comisar\u00eda al momento de la fuga<\/strong>.<\/p>\n","protected":false},"excerpt":{"rendered":"<p>Desde este mi\u00e9rcoles 15 de febrero a las 13:15 horas, el inspector de polic\u00eda&nbsp;Jorge Diego Finnemore, de 43 a\u00f1os,&nbsp;se encuentra pr\u00f3fugo&nbsp;de la comisar\u00eda N\u00b045 de Dorrego, Guaymall\u00e9n, y&nbsp;se lo busca intensamente. El efectivo policial estaba aprehendido tras ser acusado por violencia de g\u00e9nero. El sospechoso&nbsp;estaba detenido por maltrato f\u00edsico y verbal&nbsp;hacia su ex pareja, quien<a class=\"read-more\" href=\"https:\/\/elfederalmendoza.com.ar\/index.php\/2023\/02\/17\/buscan-intensamente-al-policia-mendocino-detenido-por-violencia-de-genero-que-escapo-de-la-comisaria\/\"> [&hellip;]<\/a><\/p>\n","protected":false},"author":2,"featured_media":20495,"comment_status":"open","ping_status":"open","sticky":false,"template":"","format":"standard","meta":{"footnotes":""},"categories":[1],"tags":[],"class_list":["post-20494","post","type-post","status-publish","format-standard","has-post-thumbnail","hentry","category-mza"],"rttpg_featured_image_url":{"full":["https:\/\/elfederalmendoza.com.ar\/wp-content\/uploads\/2023\/02\/UUOGKEL6H5HNNOB2HZDUP27XHQ.webp",1023,1023,false],"landscape":["https:\/\/elfederalmendoza.com.ar\/wp-content\/uploads\/2023\/02\/UUOGKEL6H5HNNOB2HZDUP27XHQ.webp",1023,1023,false],"portraits":["https:\/\/elfederalmendoza.com.ar\/wp-content\/uploads\/2023\/02\/UUOGKEL6H5HNNOB2HZDUP27XHQ.webp",1023,1023,false],"thumbnail":["https:\/\/elfederalmendoza.com.ar\/wp-content\/uploads\/2023\/02\/UUOGKEL6H5HNNOB2HZDUP27XHQ-150x150.webp",150,150,true],"medium":["https:\/\/elfederalmendoza.com.ar\/wp-content\/uploads\/2023\/02\/UUOGKEL6H5HNNOB2HZDUP27XHQ-300x300.webp",300,300,true],"large":["https:\/\/elfederalmendoza.com.ar\/wp-content\/uploads\/2023\/02\/UUOGKEL6H5HNNOB2HZDUP27XHQ.webp",640,640,false],"1536x1536":["https:\/\/elfederalmendoza.com.ar\/wp-content\/uploads\/2023\/02\/UUOGKEL6H5HNNOB2HZDUP27XHQ.webp",1023,1023,false],"2048x2048":["https:\/\/elfederalmendoza.com.ar\/wp-content\/uploads\/2023\/02\/UUOGKEL6H5HNNOB2HZDUP27XHQ.webp",1023,1023,false],"ultp_layout_landscape_large":["https:\/\/elfederalmendoza.com.ar\/wp-content\/uploads\/2023\/02\/UUOGKEL6H5HNNOB2HZDUP27XHQ-1023x800.webp",1023,800,true],"ultp_layout_landscape":["https:\/\/elfederalmendoza.com.ar\/wp-content\/uploads\/2023\/02\/UUOGKEL6H5HNNOB2HZDUP27XHQ-870x570.webp",870,570,true],"ultp_layout_portrait":["https:\/\/elfederalmendoza.com.ar\/wp-content\/uploads\/2023\/02\/UUOGKEL6H5HNNOB2HZDUP27XHQ-600x900.webp",600,900,true],"ultp_layout_square":["https:\/\/elfederalmendoza.com.ar\/wp-content\/uploads\/2023\/02\/UUOGKEL6H5HNNOB2HZDUP27XHQ-600x600.webp",600,600,true],"rpwe-thumbnail":["https:\/\/elfederalmendoza.com.ar\/wp-content\/uploads\/2023\/02\/UUOGKEL6H5HNNOB2HZDUP27XHQ-45x45.webp",45,45,true],"advps-thumb-one":["https:\/\/elfederalmendoza.com.ar\/wp-content\/uploads\/2023\/02\/UUOGKEL6H5HNNOB2HZDUP27XHQ-1023x420.webp",1023,420,true]},"rttpg_author":{"display_name":"Redacci\u00f3n El Federal","author_link":"https:\/\/elfederalmendoza.com.ar\/index.php\/author\/angelflores\/"},"rttpg_comment":0,"rttpg_category":"<a href=\"https:\/\/elfederalmendoza.com.ar\/index.php\/category\/mza\/\" rel=\"category tag\">Mendoza<\/a>","rttpg_excerpt":"Desde este mi\u00e9rcoles 15 de febrero a las 13:15 horas, el inspector de polic\u00eda&nbsp;Jorge Diego Finnemore, de 43 a\u00f1os,&nbsp;se encuentra pr\u00f3fugo&nbsp;de la comisar\u00eda N\u00b045 de Dorrego, Guaymall\u00e9n, y&nbsp;se lo busca intensamente. El efectivo policial estaba aprehendido tras ser acusado por violencia de g\u00e9nero. El sospechoso&nbsp;estaba detenido por maltrato f\u00edsico y verbal&nbsp;hacia su ex pareja, quien&hellip;","_links":{"self":[{"href":"https:\/\/elfederalmendoza.com.ar\/index.php\/wp-json\/wp\/v2\/posts\/20494","targetHints":{"allow":["GET"]}}],"collection":[{"href":"https:\/\/elfederalmendoza.com.ar\/index.php\/wp-json\/wp\/v2\/posts"}],"about":[{"href":"https:\/\/elfederalmendoza.com.ar\/index.php\/wp-json\/wp\/v2\/types\/post"}],"author":[{"embeddable":true,"href":"https:\/\/elfederalmendoza.com.ar\/index.php\/wp-json\/wp\/v2\/users\/2"}],"replies":[{"embeddable":true,"href":"https:\/\/elfederalmendoza.com.ar\/index.php\/wp-json\/wp\/v2\/comments?post=20494"}],"version-history":[{"count":3,"href":"https:\/\/elfederalmendoza.com.ar\/index.php\/wp-json\/wp\/v2\/posts\/20494\/revisions"}],"predecessor-version":[{"id":20498,"href":"https:\/\/elfederalmendoza.com.ar\/index.php\/wp-json\/wp\/v2\/posts\/20494\/revisions\/20498"}],"wp:featuredmedia":[{"embeddable":true,"href":"https:\/\/elfederalmendoza.com.ar\/index.php\/wp-json\/wp\/v2\/media\/20495"}],"wp:attachment":[{"href":"https:\/\/elfederalmendoza.com.ar\/index.php\/wp-json\/wp\/v2\/media?parent=20494"}],"wp:term":[{"taxonomy":"category","embeddable":true,"href":"https:\/\/elfederalmendoza.com.ar\/index.php\/wp-json\/wp\/v2\/categories?post=20494"},{"taxonomy":"post_tag","embeddable":true,"href":"https:\/\/elfederalmendoza.com.ar\/index.php\/wp-json\/wp\/v2\/tags?post=20494"}],"curies":[{"name":"wp","href":"https:\/\/api.w.org\/{rel}","templated":true}]}}