{"id":20503,"date":"2023-02-17T10:57:29","date_gmt":"2023-02-17T13:57:29","guid":{"rendered":"https:\/\/elfederalmendoza.com\/?p=20503"},"modified":"2023-02-17T10:57:30","modified_gmt":"2023-02-17T13:57:30","slug":"avanza-el-proyecto-hierro-indio-que-aspira-a-abastecer-el-30-del-hierro-que-se-importa-desde-el-exterior","status":"publish","type":"post","link":"https:\/\/elfederalmendoza.com.ar\/index.php\/2023\/02\/17\/avanza-el-proyecto-hierro-indio-que-aspira-a-abastecer-el-30-del-hierro-que-se-importa-desde-el-exterior\/","title":{"rendered":"Avanza el proyecto Hierro Indio, que aspira a abastecer el 30% del hierro que se importa desde el exterior"},"content":{"rendered":"\n<p><strong>Hierro Indio<\/strong>,\u00a0la<strong>\u00a0mina de hierro que marca un hito<\/strong>\u00a0para Mendoza, comenz\u00f3 con la\u00a0<strong>etapa de perforaciones y culmin\u00f3 la construcci\u00f3n y reparaci\u00f3n de nuevos caminos de acceso<\/strong>\u00a0a un yacimiento con potencial para abastecer a un pa\u00eds que hoy importa este material.<\/p>\n\n\n\n<p><strong>Hasta esa zona de Malarg\u00fce lleg\u00f3 hoy el\u00a0gobernador Rodolfo Suarez<\/strong><a href=\"https:\/\/jornadaonline.com\/mendoza\/suarez-anuncio-una-inversion-de-1-000-millones-en-rutas-turisticas-de-mendoza--202321610450\" target=\"_blank\" rel=\"noreferrer noopener\">,<\/a>\u00a0quien realiz\u00f3 un recorrido acompa\u00f1ado del ministro de Econom\u00eda y Energ\u00eda Enrique Vaqui\u00e9; el intendente de Malarg\u00fce, Juan Manuel Ojeda, e inversores privados de Hierro Indio, como Guillermo Re Kuhl, propietario del yacimiento minero. En la visita tambi\u00e9n participaron gerente general de Potasio R\u00edo Colorado, Emilio Gui\u00f1az\u00fa; el titular de la Direcci\u00f3n Provincial de Vialidad, Osvaldo Romagnoli; el secretario de Ambiente, Humberto Mingorance; la directora de Ambiente y Control Ambiental, Miriam Skalany, y el coordinador de la Jefatura de Gabinete, Claudio Romano.<\/p>\n\n\n\n<p>\u201cEstamos en el lugar donde se est\u00e1 llevando adelante la exploraci\u00f3n con muy buenos resultados y vemos el excelente trabajo que se est\u00e1 realizando a trav\u00e9s de la empresa\u201d, remarc\u00f3 Suarez, y agreg\u00f3 que es una gran oportunidad para Mendoza este tipo de emprendimientos que generar\u00e1n empleo genuino y un importante crecimiento. \u201cEs un aporte m\u00e1s a este camino que hemos emprendido para la diversificaci\u00f3n de la econom\u00eda de la provincia\u201d,\u00a0afirm\u00f3 el mandatario.<\/p>\n\n\n\n<p>Adem\u00e1s de terminar 5 kil\u00f3metros nuevos de caminos y 29 kil\u00f3metros de reparaciones, gracias a un convenio con Vialidad Provincial, ya se perforaron 6 de los 45 pozos proyectados, lo que suma un total de 354 metros.<\/p>\n\n\n\n<p>Estas perforaciones, que deben hacerse en \u00e9poca estival, son un paso clave para el yacimiento de Malarg\u00fce, ya que sirven para tomar muestras y determinar la factibilidad econ\u00f3mica.\u00a0<\/p>\n\n\n<div class=\"wp-block-image\">\n<figure class=\"aligncenter size-full\"><img loading=\"lazy\" decoding=\"async\" width=\"807\" height=\"538\" src=\"https:\/\/elfederalmendoza.com\/wp-content\/uploads\/2023\/02\/image-18.png\" alt=\"\" class=\"wp-image-20504\" srcset=\"https:\/\/elfederalmendoza.com.ar\/wp-content\/uploads\/2023\/02\/image-18.png 807w, https:\/\/elfederalmendoza.com.ar\/wp-content\/uploads\/2023\/02\/image-18-300x200.png 300w, https:\/\/elfederalmendoza.com.ar\/wp-content\/uploads\/2023\/02\/image-18-768x512.png 768w\" sizes=\"auto, (max-width: 807px) 100vw, 807px\" \/><\/figure><\/div>\n\n\n<p>En la oportunidad,&nbsp;<strong>el intendente de Malarg\u00fce felicit\u00f3 una vez m\u00e1s al Gobernador por sostener su posici\u00f3n acerca de contar con pol\u00edticas activas de desarrollo en base a la miner\u00eda posible<\/strong>, a pesar de los permanentes ataques que recibe de parte de quienes no aceptan la miner\u00eda de ning\u00fan tipo.<\/p>\n\n\n\n<p>Ojeda dijo que&nbsp;<strong>\u201cel futuro de Malarg\u00fce es con miner\u00eda y record\u00f3 que existe esa vocaci\u00f3n territorial en el departamento\u201d.&nbsp;<\/strong>Adem\u00e1s, dijo que \u201clas inversiones en Malarg\u00fce permitir\u00e1n m\u00e1s crecimiento, Mendoza despegar\u00e1 y se podr\u00e1 dar una verdadera lucha contra la pobreza, generada por un p\u00e9simo contexto macroecon\u00f3mico a nivel nacional\u201d.<\/p>\n\n\n\n<p>Finalmente, Ojeda sostuvo que hay una tarea decidida del Gobierno y la Municipalidad para apoyar Hierro Indio: \u201cSi se dan las previsiones que esperamos, Hierro Indio podr\u00eda remplazar hasta 30% de las importaciones de hierro de Argentina. Igualmente, debemos ser cautos y esperarse los resultados de esta etapa\u201d.<\/p>\n\n\n\n<p>Durante el recorrido, visitaron los pozos \u201ctestigo\u201d ya perforados, de los cuales los resultados han sido altamente positivos y auguran un promedio de producci\u00f3n capaz de abastecer al menos al 30% del mercado en la Argentina, que hoy importa este material.<\/p>\n\n\n\n<p>Cabe recordar que esta exploraci\u00f3n y su&nbsp;Declaraci\u00f3n de Impacto Ambiental (DIA) fue aprobado por la Legislatura en el marco de la Ley 7722. Previo a la obtenci\u00f3n de la declaraci\u00f3n, el proyecto fue sometido a la evaluaci\u00f3n ambiental, que contempl\u00f3 el dictamen t\u00e9cnico por parte de un equipo de la Facultad de Ciencias Aplicadas a la Industria de la Universidad Nacional de Cuyo.<\/p>\n\n\n\n<p>En 2022 se firm\u00f3 un acuerdo entre la estatal Potasio R\u00edo Colorado e HISA (Hierro Indio SA) para poner en marcha la mina, sin actividad desde la d\u00e9cada de los 70. La empresa estatal, hoy a cargo de la mina de potasio tambi\u00e9n en Malarg\u00fce, asume parte del riesgo exploratorio y se queda con el derecho a comprar la propiedad en el futuro.<\/p>\n\n\n\n<p>Por su parte,<strong>&nbsp;Gui\u00f1az\u00fa tambi\u00e9n resalt\u00f3 el trabajo y la importancia de estos emprendimientos para la provincia<\/strong>, los cuales permiten observar que existen otros proyectos que se pueden desarrollar de forma tal que comience a dinamizar la econom\u00eda de Malarg\u00fce y de la provincia:&nbsp;<strong>\u201cCon Hierro Indio hemos apostado a un proyecto que nos traer\u00e1 buenos resultados y lo que vemos en la primera etapa nos deja muy conformes\u201d.<\/strong><\/p>\n\n\n\n<p>Adem\u00e1s, afirm\u00f3 que en el caso de Cerro Amarillo se trata de una inversi\u00f3n 100 por ciento privada que est\u00e1 \u201capostando por la provincia, ya que han visto un cambio de actitud en este gobierno para lograr un mayor crecimiento\u201d.<\/p>\n\n\n\n<p><strong>Ambiente<\/strong><\/p>\n\n\n\n<p>Antes de comenzar con las tareas de exploraci\u00f3n, se realizaron estudios superficiales de terreno, relevamientos geoqu\u00edmicos, geof\u00edsicos y relevamiento espectral, entre otros estudios que ya perfilan la presencia de un excelente mineral.<\/p>\n\n\n\n<p>Con respecto a las obras que se est\u00e1n realizando en Hierro Indio, Mingorance asegur\u00f3 que, por el momento, se est\u00e1 realizando la parte de perforaci\u00f3n para corroborar que potencial tiene la cantera y agreg\u00f3 que todo se est\u00e1 realizando en el marco de las normas que exige la Ley 7722.<\/p>\n\n\n\n<p>\u201cDesde que se dio inicio a este proceso de exploraci\u00f3n, en los primeros d\u00edas de enero, hemos realizado reiteradas inspecciones. Esta visita nos sirve como un control m\u00e1s, no tan solo para que el Gobernador vea la dimensi\u00f3n de lo que puede ser esta obra a futuro\u201d,\u00a0remarc\u00f3 Mingorance. Adem\u00e1s, explic\u00f3 que, en principio, estas exploraciones son lo que se denomina una locaci\u00f3n seca, donde toda el agua que se utiliza es reciclada para realizar nuevas perforaciones.<\/p>\n\n\n<div class=\"wp-block-image\">\n<figure class=\"aligncenter size-full\"><img loading=\"lazy\" decoding=\"async\" width=\"807\" height=\"538\" src=\"https:\/\/elfederalmendoza.com\/wp-content\/uploads\/2023\/02\/image-20.png\" alt=\"\" class=\"wp-image-20506\" srcset=\"https:\/\/elfederalmendoza.com.ar\/wp-content\/uploads\/2023\/02\/image-20.png 807w, https:\/\/elfederalmendoza.com.ar\/wp-content\/uploads\/2023\/02\/image-20-300x200.png 300w, https:\/\/elfederalmendoza.com.ar\/wp-content\/uploads\/2023\/02\/image-20-768x512.png 768w\" sizes=\"auto, (max-width: 807px) 100vw, 807px\" \/><\/figure><\/div>\n\n\n<p>Adem\u00e1s, el funcionario sostuvo que \u201cHierro Indio es una clara muestra de que la miner\u00eda puede avanzar dentro del marco de la ley vigente. Actualmente, en la Legislatura se le ha dado media sanci\u00f3n a Cerro Amarillo, que es otra obra en la que hay mucha expectativa en la provincia de Mendoza, en la que tambi\u00e9n se cumplir\u00e1 con todas las normativos ambientales\u201d.<\/p>\n\n\n\n<p>Por su parte, el director de Miner\u00eda, Roberto Zenobi, explic\u00f3 que \u201ctodo esto demuestra que se puede trabajar en la miner\u00eda, generando puestos de empleos para los mendocinos\u201d.<\/p>\n\n\n\n<p><strong>Un hito para Mendoza<\/strong><\/p>\n\n\n\n<p><strong>El presupuesto de exploraci\u00f3n en esta etapa es de 1 mill\u00f3n de d\u00f3lares,<\/strong>&nbsp;entre caminos, perforaciones, campamentos y an\u00e1lisis de laboratorio. Estos fondos, aportados por PRC no comprometen la sustentabilidad econ\u00f3mica y financiera de la empresa: las perspectivas auguran que, en la etapa de explotaci\u00f3n, la mina produzca 30% del hierro que hoy importa Argentina desde pa\u00edses como Brasil o Bolivia.<\/p>\n\n\n\n<p>La mina, adem\u00e1s de permitir la diversificaci\u00f3n de la matriz productiva, la creaci\u00f3n de puestos de trabajo y la reactivaci\u00f3n de un yacimiento abandonado, se posicionar\u00e1 como un eje fundamental para el polo log\u00edstico y de servicios que requiere Malarg\u00fce.<\/p>\n\n\n\n<p><em>Fuente: Diario Jornada<\/em><\/p>\n","protected":false},"excerpt":{"rendered":"<p>Hierro Indio,\u00a0la\u00a0mina de hierro que marca un hito\u00a0para Mendoza, comenz\u00f3 con la\u00a0etapa de perforaciones y culmin\u00f3 la construcci\u00f3n y reparaci\u00f3n de nuevos caminos de acceso\u00a0a un yacimiento con potencial para abastecer a un pa\u00eds que hoy importa este material. Hasta esa zona de Malarg\u00fce lleg\u00f3 hoy el\u00a0gobernador Rodolfo Suarez,\u00a0quien realiz\u00f3 un recorrido acompa\u00f1ado del ministro<a class=\"read-more\" href=\"https:\/\/elfederalmendoza.com.ar\/index.php\/2023\/02\/17\/avanza-el-proyecto-hierro-indio-que-aspira-a-abastecer-el-30-del-hierro-que-se-importa-desde-el-exterior\/\"> [&hellip;]<\/a><\/p>\n","protected":false},"author":2,"featured_media":20505,"comment_status":"open","ping_status":"open","sticky":false,"template":"","format":"standard","meta":{"footnotes":""},"categories":[1],"tags":[],"class_list":["post-20503","post","type-post","status-publish","format-standard","has-post-thumbnail","hentry","category-mza"],"rttpg_featured_image_url":{"full":["https:\/\/elfederalmendoza.com.ar\/wp-content\/uploads\/2023\/02\/image-19.png",807,538,false],"landscape":["https:\/\/elfederalmendoza.com.ar\/wp-content\/uploads\/2023\/02\/image-19.png",807,538,false],"portraits":["https:\/\/elfederalmendoza.com.ar\/wp-content\/uploads\/2023\/02\/image-19.png",807,538,false],"thumbnail":["https:\/\/elfederalmendoza.com.ar\/wp-content\/uploads\/2023\/02\/image-19-150x150.png",150,150,true],"medium":["https:\/\/elfederalmendoza.com.ar\/wp-content\/uploads\/2023\/02\/image-19-300x200.png",300,200,true],"large":["https:\/\/elfederalmendoza.com.ar\/wp-content\/uploads\/2023\/02\/image-19.png",640,427,false],"1536x1536":["https:\/\/elfederalmendoza.com.ar\/wp-content\/uploads\/2023\/02\/image-19.png",807,538,false],"2048x2048":["https:\/\/elfederalmendoza.com.ar\/wp-content\/uploads\/2023\/02\/image-19.png",807,538,false],"ultp_layout_landscape_large":["https:\/\/elfederalmendoza.com.ar\/wp-content\/uploads\/2023\/02\/image-19.png",807,538,false],"ultp_layout_landscape":["https:\/\/elfederalmendoza.com.ar\/wp-content\/uploads\/2023\/02\/image-19.png",807,538,false],"ultp_layout_portrait":["https:\/\/elfederalmendoza.com.ar\/wp-content\/uploads\/2023\/02\/image-19-600x538.png",600,538,true],"ultp_layout_square":["https:\/\/elfederalmendoza.com.ar\/wp-content\/uploads\/2023\/02\/image-19-600x538.png",600,538,true],"rpwe-thumbnail":["https:\/\/elfederalmendoza.com.ar\/wp-content\/uploads\/2023\/02\/image-19-45x45.png",45,45,true],"advps-thumb-one":["https:\/\/elfederalmendoza.com.ar\/wp-content\/uploads\/2023\/02\/image-19-807x420.png",807,420,true]},"rttpg_author":{"display_name":"Redacci\u00f3n El Federal","author_link":"https:\/\/elfederalmendoza.com.ar\/index.php\/author\/angelflores\/"},"rttpg_comment":0,"rttpg_category":"<a href=\"https:\/\/elfederalmendoza.com.ar\/index.php\/category\/mza\/\" rel=\"category tag\">Mendoza<\/a>","rttpg_excerpt":"Hierro Indio,\u00a0la\u00a0mina de hierro que marca un hito\u00a0para Mendoza, comenz\u00f3 con la\u00a0etapa de perforaciones y culmin\u00f3 la construcci\u00f3n y reparaci\u00f3n de nuevos caminos de acceso\u00a0a un yacimiento con potencial para abastecer a un pa\u00eds que hoy importa este material. Hasta esa zona de Malarg\u00fce lleg\u00f3 hoy el\u00a0gobernador Rodolfo Suarez,\u00a0quien realiz\u00f3 un recorrido acompa\u00f1ado del ministro&hellip;","_links":{"self":[{"href":"https:\/\/elfederalmendoza.com.ar\/index.php\/wp-json\/wp\/v2\/posts\/20503","targetHints":{"allow":["GET"]}}],"collection":[{"href":"https:\/\/elfederalmendoza.com.ar\/index.php\/wp-json\/wp\/v2\/posts"}],"about":[{"href":"https:\/\/elfederalmendoza.com.ar\/index.php\/wp-json\/wp\/v2\/types\/post"}],"author":[{"embeddable":true,"href":"https:\/\/elfederalmendoza.com.ar\/index.php\/wp-json\/wp\/v2\/users\/2"}],"replies":[{"embeddable":true,"href":"https:\/\/elfederalmendoza.com.ar\/index.php\/wp-json\/wp\/v2\/comments?post=20503"}],"version-history":[{"count":2,"href":"https:\/\/elfederalmendoza.com.ar\/index.php\/wp-json\/wp\/v2\/posts\/20503\/revisions"}],"predecessor-version":[{"id":20508,"href":"https:\/\/elfederalmendoza.com.ar\/index.php\/wp-json\/wp\/v2\/posts\/20503\/revisions\/20508"}],"wp:featuredmedia":[{"embeddable":true,"href":"https:\/\/elfederalmendoza.com.ar\/index.php\/wp-json\/wp\/v2\/media\/20505"}],"wp:attachment":[{"href":"https:\/\/elfederalmendoza.com.ar\/index.php\/wp-json\/wp\/v2\/media?parent=20503"}],"wp:term":[{"taxonomy":"category","embeddable":true,"href":"https:\/\/elfederalmendoza.com.ar\/index.php\/wp-json\/wp\/v2\/categories?post=20503"},{"taxonomy":"post_tag","embeddable":true,"href":"https:\/\/elfederalmendoza.com.ar\/index.php\/wp-json\/wp\/v2\/tags?post=20503"}],"curies":[{"name":"wp","href":"https:\/\/api.w.org\/{rel}","templated":true}]}}