{"id":20509,"date":"2023-02-17T11:30:17","date_gmt":"2023-02-17T14:30:17","guid":{"rendered":"https:\/\/elfederalmendoza.com\/?p=20509"},"modified":"2023-02-17T11:43:04","modified_gmt":"2023-02-17T14:43:04","slug":"videos-vecinos-de-guaymallen-explotaron-pidiendo-mas-seguridad-y-justicia-por-el-asesinato-del-comerciante-martin-salzmann","status":"publish","type":"post","link":"https:\/\/elfederalmendoza.com.ar\/index.php\/2023\/02\/17\/videos-vecinos-de-guaymallen-explotaron-pidiendo-mas-seguridad-y-justicia-por-el-asesinato-del-comerciante-martin-salzmann\/","title":{"rendered":"-VIDEOS- Vecinos de Guaymall\u00e9n explotaron pidiendo m\u00e1s seguridad y justicia por el asesinato del comerciante Mart\u00edn Salzmann"},"content":{"rendered":"\n<p><a href=\"https:\/\/elfederalmendoza.com\/index.php\/2023\/02\/17\/guaymallen-zona-liberada-los-detalles-de-otro-asesinato-que-conmociona-a-los-vecinos\/\">El&nbsp;<strong>asesinato de Mart\u00edn Salzmann<\/strong><\/a>, el comerciante que fue ultimado durante la siesta de este jueves en su negocio de la calle Mitre de Guaymall\u00e9n, gener\u00f3&nbsp;<strong>conmoci\u00f3n y dolor en la comunidad<\/strong>&nbsp;y sobre todo en sus vecinos, quienes por la noche reclamaron por seguridad y pidieron justicia, seg\u00fan inform\u00f3 Mendoza Post<\/p>\n\n\n\n<p>Fue cerca de las 22 horas cuando&nbsp;<strong>amigos, compa\u00f1eros y vecinos del barrio<\/strong>, apostados en la esquina de Mitre y Figueroa Alcorta, a 200 metros de donde ocurri\u00f3 el crimen, protestaron y dialogaron con autoridades policiales.<\/p>\n\n\n\n<p>El reclamo, adem\u00e1s de pedir por justicia por el&nbsp;asesinato de Mart\u00edn Salzmann, apunt\u00f3 contra distintos estratos municipales y provinciales pidiendo por seguridad en la zona.&nbsp;<\/p>\n\n\n\n<figure class=\"wp-block-image is-resized\"><img loading=\"lazy\" decoding=\"async\" src=\"https:\/\/www.mendozapost.com\/files\/image\/459\/459103\/63ef72654497b_570_316!.jpg?s=61c6366c464aea78902ae22782b1cbf1&amp;d=1676636775\" alt=\"\" width=\"964\" height=\"534\"\/><\/figure>\n\n\n\n<p>Salzmann fue ultimado alrededor de las 15 horas de este jueves, cuando dos delincuentes armados le robaron mientras atend\u00eda el Lubricentro Penta, ubicado en Mitre al 2.118, a metros del carril Mathus Hoyos.&nbsp;<\/p>\n\n\n\n<figure class=\"wp-block-image is-resized\"><img loading=\"lazy\" decoding=\"async\" src=\"https:\/\/www.mendozapost.com\/files\/image\/459\/459109\/63ef783d3af4d_570_404!.jpg?s=daaaf4760c9271266cb826948b525e12&amp;d=1676638272\" alt=\"\" width=\"961\" height=\"681\"\/><figcaption class=\"wp-element-caption\"><a href=\"https:\/\/elfederalmendoza.com\/index.php\/2023\/02\/17\/guaymallen-zona-liberada-los-detalles-de-otro-asesinato-que-conmociona-a-los-vecinos\/\"><strong>Mart\u00edn Salzmann<\/strong><\/a><\/figcaption><\/figure>\n\n\n\n<p>Los ladrones amenazaron a la hija del due\u00f1o del lugar, le pidieron el dinero de la caja de seguridad, pero&nbsp;<strong>Salzmann se resisti\u00f3, lo golpearon y le dispararon en el pecho,<\/strong>&nbsp;y se fugaron con la caja. Horas m\u00e1s tarde, polic\u00edas encontraron la camioneta en la que hab\u00edan escapado los malvivientes en el barrio Capilla de Nieve,<strong>&nbsp;el veh\u00edculo hab\u00eda sido robado el pasado mi\u00e9rcoles<\/strong>.<\/p>\n\n\n\n<p>Aunque en un momento surgi\u00f3 la informaci\u00f3n sobre que la v\u00edctima compraba y vend\u00eda moneda extranjera, sus familiares desmintieron eso este viernes y en declaraciones radiales aseguraron que <strong>compraba d\u00f3lares para realizar un viaje con su familia.<\/strong><\/p>\n\n\n\n<figure class=\"wp-block-video\"><video controls src=\"https:\/\/elfederalmendoza.com\/wp-content\/uploads\/2023\/02\/10000000_724870172651939_3719032701217565768_n.mp4\"><\/video><figcaption class=\"wp-element-caption\">Video gentileza Rafa Moyano<\/figcaption><\/figure>\n\n\n\n<h2 class=\"wp-block-heading\" id=\"Dolor_en_la_comunidad\"><strong>Dolor en la comunidad<\/strong><\/h2>\n\n\n\n<p>Salzmann era deportista, jugador de rugby y tambi\u00e9n aficionado al ciclismo, muy querido por sus compa\u00f1eros de club (en Mendoza jugaba habitualmente en la&nbsp;agrupaci\u00f3n Tortugas de Cuyo), amigos y familiares. Pero adem\u00e1s, era afectuoso con sus vecinos y clientes, por lo que al conocerse la noticia, cientos de mensajes espont\u00e1neos pudieron verse en las redes sociales.<\/p>\n\n\n\n<p>\u00abBuen amigo, mejor persona, excelente vecino y deportista siempre dispuesto de coraz\u00f3n enorme\u00bb, escribieron sus amigos. Esa fue la t\u00f3nica de todos los mensajes que se replicaron en diferentes plataformas.<\/p>\n\n\n\n<figure class=\"wp-block-embed is-type-video is-provider-youtube wp-block-embed-youtube wp-embed-aspect-16-9 wp-has-aspect-ratio\"><div class=\"wp-block-embed__wrapper\">\n<iframe loading=\"lazy\" title=\"asda\" width=\"640\" height=\"360\" src=\"https:\/\/www.youtube.com\/embed\/csr7XRZj-hE?feature=oembed\" frameborder=\"0\" allow=\"accelerometer; autoplay; clipboard-write; encrypted-media; gyroscope; picture-in-picture; web-share\" referrerpolicy=\"strict-origin-when-cross-origin\" allowfullscreen><\/iframe>\n<\/div><\/figure>\n\n\n\n<iframe loading=\"lazy\" src=\"https:\/\/www.facebook.com\/plugins\/video.php?height=314&#038;href=https%3A%2F%2Fwww.facebook.com%2FRafaMoyanoSenador%2Fvideos%2F1645918852478189%2F&#038;show_text=true&#038;width=560&#038;t=0\" width=\"560\" height=\"429\" style=\"border:none;overflow:hidden\" scrolling=\"no\" frameborder=\"0\" allowfullscreen=\"true\" allow=\"autoplay; clipboard-write; encrypted-media; picture-in-picture; web-share\" allowFullScreen=\"true\"><\/iframe>\n","protected":false},"excerpt":{"rendered":"<p>El&nbsp;asesinato de Mart\u00edn Salzmann, el comerciante que fue ultimado durante la siesta de este jueves en su negocio de la calle Mitre de Guaymall\u00e9n, gener\u00f3&nbsp;conmoci\u00f3n y dolor en la comunidad&nbsp;y sobre todo en sus vecinos, quienes por la noche reclamaron por seguridad y pidieron justicia, seg\u00fan inform\u00f3 Mendoza Post Fue cerca de las 22 horas<a class=\"read-more\" href=\"https:\/\/elfederalmendoza.com.ar\/index.php\/2023\/02\/17\/videos-vecinos-de-guaymallen-explotaron-pidiendo-mas-seguridad-y-justicia-por-el-asesinato-del-comerciante-martin-salzmann\/\"> [&hellip;]<\/a><\/p>\n","protected":false},"author":2,"featured_media":20511,"comment_status":"open","ping_status":"open","sticky":false,"template":"","format":"standard","meta":{"footnotes":""},"categories":[1],"tags":[],"class_list":["post-20509","post","type-post","status-publish","format-standard","has-post-thumbnail","hentry","category-mza"],"rttpg_featured_image_url":{"full":["https:\/\/elfederalmendoza.com.ar\/wp-content\/uploads\/2023\/02\/vecinos-guaymallen1.jpg",949,524,false],"landscape":["https:\/\/elfederalmendoza.com.ar\/wp-content\/uploads\/2023\/02\/vecinos-guaymallen1.jpg",949,524,false],"portraits":["https:\/\/elfederalmendoza.com.ar\/wp-content\/uploads\/2023\/02\/vecinos-guaymallen1.jpg",949,524,false],"thumbnail":["https:\/\/elfederalmendoza.com.ar\/wp-content\/uploads\/2023\/02\/vecinos-guaymallen1-150x150.jpg",150,150,true],"medium":["https:\/\/elfederalmendoza.com.ar\/wp-content\/uploads\/2023\/02\/vecinos-guaymallen1-300x166.jpg",300,166,true],"large":["https:\/\/elfederalmendoza.com.ar\/wp-content\/uploads\/2023\/02\/vecinos-guaymallen1.jpg",640,353,false],"1536x1536":["https:\/\/elfederalmendoza.com.ar\/wp-content\/uploads\/2023\/02\/vecinos-guaymallen1.jpg",949,524,false],"2048x2048":["https:\/\/elfederalmendoza.com.ar\/wp-content\/uploads\/2023\/02\/vecinos-guaymallen1.jpg",949,524,false],"ultp_layout_landscape_large":["https:\/\/elfederalmendoza.com.ar\/wp-content\/uploads\/2023\/02\/vecinos-guaymallen1.jpg",949,524,false],"ultp_layout_landscape":["https:\/\/elfederalmendoza.com.ar\/wp-content\/uploads\/2023\/02\/vecinos-guaymallen1-870x524.jpg",870,524,true],"ultp_layout_portrait":["https:\/\/elfederalmendoza.com.ar\/wp-content\/uploads\/2023\/02\/vecinos-guaymallen1-600x524.jpg",600,524,true],"ultp_layout_square":["https:\/\/elfederalmendoza.com.ar\/wp-content\/uploads\/2023\/02\/vecinos-guaymallen1-600x524.jpg",600,524,true],"rpwe-thumbnail":["https:\/\/elfederalmendoza.com.ar\/wp-content\/uploads\/2023\/02\/vecinos-guaymallen1-45x45.jpg",45,45,true],"advps-thumb-one":["https:\/\/elfederalmendoza.com.ar\/wp-content\/uploads\/2023\/02\/vecinos-guaymallen1-949x420.jpg",949,420,true]},"rttpg_author":{"display_name":"Redacci\u00f3n El Federal","author_link":"https:\/\/elfederalmendoza.com.ar\/index.php\/author\/angelflores\/"},"rttpg_comment":0,"rttpg_category":"<a href=\"https:\/\/elfederalmendoza.com.ar\/index.php\/category\/mza\/\" rel=\"category tag\">Mendoza<\/a>","rttpg_excerpt":"El&nbsp;asesinato de Mart\u00edn Salzmann, el comerciante que fue ultimado durante la siesta de este jueves en su negocio de la calle Mitre de Guaymall\u00e9n, gener\u00f3&nbsp;conmoci\u00f3n y dolor en la comunidad&nbsp;y sobre todo en sus vecinos, quienes por la noche reclamaron por seguridad y pidieron justicia, seg\u00fan inform\u00f3 Mendoza Post Fue cerca de las 22 horas&hellip;","_links":{"self":[{"href":"https:\/\/elfederalmendoza.com.ar\/index.php\/wp-json\/wp\/v2\/posts\/20509","targetHints":{"allow":["GET"]}}],"collection":[{"href":"https:\/\/elfederalmendoza.com.ar\/index.php\/wp-json\/wp\/v2\/posts"}],"about":[{"href":"https:\/\/elfederalmendoza.com.ar\/index.php\/wp-json\/wp\/v2\/types\/post"}],"author":[{"embeddable":true,"href":"https:\/\/elfederalmendoza.com.ar\/index.php\/wp-json\/wp\/v2\/users\/2"}],"replies":[{"embeddable":true,"href":"https:\/\/elfederalmendoza.com.ar\/index.php\/wp-json\/wp\/v2\/comments?post=20509"}],"version-history":[{"count":2,"href":"https:\/\/elfederalmendoza.com.ar\/index.php\/wp-json\/wp\/v2\/posts\/20509\/revisions"}],"predecessor-version":[{"id":20513,"href":"https:\/\/elfederalmendoza.com.ar\/index.php\/wp-json\/wp\/v2\/posts\/20509\/revisions\/20513"}],"wp:featuredmedia":[{"embeddable":true,"href":"https:\/\/elfederalmendoza.com.ar\/index.php\/wp-json\/wp\/v2\/media\/20511"}],"wp:attachment":[{"href":"https:\/\/elfederalmendoza.com.ar\/index.php\/wp-json\/wp\/v2\/media?parent=20509"}],"wp:term":[{"taxonomy":"category","embeddable":true,"href":"https:\/\/elfederalmendoza.com.ar\/index.php\/wp-json\/wp\/v2\/categories?post=20509"},{"taxonomy":"post_tag","embeddable":true,"href":"https:\/\/elfederalmendoza.com.ar\/index.php\/wp-json\/wp\/v2\/tags?post=20509"}],"curies":[{"name":"wp","href":"https:\/\/api.w.org\/{rel}","templated":true}]}}