{"id":20522,"date":"2023-02-17T02:59:00","date_gmt":"2023-02-17T05:59:00","guid":{"rendered":"https:\/\/elfederalmendoza.com\/?p=20522"},"modified":"2023-02-17T15:34:14","modified_gmt":"2023-02-17T18:34:14","slug":"este-es-el-rockero-mendocino-que-suena-cada-vez-mas-en-todo-el-pais-hoy-viernes-lo-podes-verlo-gratis-en-un-bar-del-centro","status":"publish","type":"post","link":"https:\/\/elfederalmendoza.com.ar\/index.php\/2023\/02\/17\/este-es-el-rockero-mendocino-que-suena-cada-vez-mas-en-todo-el-pais-hoy-viernes-lo-podes-verlo-gratis-en-un-bar-del-centro\/","title":{"rendered":"Este es el rockero mendocino que suena cada vez m\u00e1s en todo el pa\u00eds: Hoy viernes pod\u00e9s verlo gratis en un bar del centro"},"content":{"rendered":"\n<p>Se trata del <strong><a href=\"https:\/\/www.instagram.com\/flacokev_\/\">Flaco Kev<\/a><\/strong>. El canta autor mendocino de rock es considerado como el de mejor proyecci\u00f3n en el pa\u00eds. En el verano estuvo tocando en playas de la costa y <strong>hoy lo pod\u00e9s ver gratis en un bar del centro de la capital mendocina<\/strong>.<\/p>\n\n\n\n<p>Sus comienzos comenzaron a los 15 a\u00f1os y a partir de su primera guitarra inici\u00f3 a perseguir el sue\u00f1o de tocar y componer m\u00fasica dentro del rock. Bares y eventos lo vieron tocar y cantar en Mendoza, siendo cada vez m\u00e1s conocido por el calor de sus temas y letras bien rockeras.<\/p>\n\n\n\n<p>Su popularidad fue del gusto de todos, y comenzaron las entrevistas en los<strong> principales canales de televisi\u00f3n de Mendoza y diarios<\/strong>, que impulsaron su llegada a su primera gira por la costa durante este verano.<\/p>\n\n\n\n<p>El artista ya suena en todas las plataformas digitales como<strong> Spotify y YouTube<\/strong>, y aqu\u00ed ten\u00e9s un adelanto:<\/p>\n\n\n\n<figure class=\"wp-block-embed is-type-video is-provider-youtube wp-block-embed-youtube wp-embed-aspect-16-9 wp-has-aspect-ratio\"><div class=\"wp-block-embed__wrapper\">\nhttps:\/\/www.youtube.com\/watch?v=HwFNsF1VZ_s\n<\/div><\/figure>\n\n\n\n<p>De regreso en Mendoza, el Flaco Kev realiz\u00f3 presentaciones en tradicionales bares de rock como Willys Bar en Chacras de Coria, y esta noche (viernes 17 de febrero), lo pod\u00e9s ver con entrada totalmente gratuita en<strong> Valhalla<\/strong>, tienda de cervezas artesanales en <strong>calle Mitre y Coronel Plaza de la ciudad Capital de Mendoza.<\/strong> Imperdible.<\/p>\n\n\n\n<figure class=\"wp-block-image size-large\"><img loading=\"lazy\" decoding=\"async\" width=\"1024\" height=\"1024\" src=\"https:\/\/elfederalmendoza.com\/wp-content\/uploads\/2023\/02\/valhalla-1024x1024.jpg\" alt=\"\" class=\"wp-image-20523\" srcset=\"https:\/\/elfederalmendoza.com.ar\/wp-content\/uploads\/2023\/02\/valhalla-1024x1024.jpg 1024w, https:\/\/elfederalmendoza.com.ar\/wp-content\/uploads\/2023\/02\/valhalla-300x300.jpg 300w, https:\/\/elfederalmendoza.com.ar\/wp-content\/uploads\/2023\/02\/valhalla-150x150.jpg 150w, https:\/\/elfederalmendoza.com.ar\/wp-content\/uploads\/2023\/02\/valhalla-768x768.jpg 768w, https:\/\/elfederalmendoza.com.ar\/wp-content\/uploads\/2023\/02\/valhalla-600x600.jpg 600w, https:\/\/elfederalmendoza.com.ar\/wp-content\/uploads\/2023\/02\/valhalla-45x45.jpg 45w, https:\/\/elfederalmendoza.com.ar\/wp-content\/uploads\/2023\/02\/valhalla.jpg 1080w\" sizes=\"auto, (max-width: 1024px) 100vw, 1024px\" \/><\/figure>\n","protected":false},"excerpt":{"rendered":"<p>Se trata del Flaco Kev. El canta autor mendocino de rock es considerado como el de mejor proyecci\u00f3n en el pa\u00eds. En el verano estuvo tocando en playas de la costa y hoy lo pod\u00e9s ver gratis en un bar del centro de la capital mendocina. Sus comienzos comenzaron a los 15 a\u00f1os y a<a class=\"read-more\" href=\"https:\/\/elfederalmendoza.com.ar\/index.php\/2023\/02\/17\/este-es-el-rockero-mendocino-que-suena-cada-vez-mas-en-todo-el-pais-hoy-viernes-lo-podes-verlo-gratis-en-un-bar-del-centro\/\"> [&hellip;]<\/a><\/p>\n","protected":false},"author":2,"featured_media":20524,"comment_status":"open","ping_status":"open","sticky":false,"template":"","format":"standard","meta":{"footnotes":""},"categories":[1],"tags":[],"class_list":["post-20522","post","type-post","status-publish","format-standard","has-post-thumbnail","hentry","category-mza"],"rttpg_featured_image_url":{"full":["https:\/\/elfederalmendoza.com.ar\/wp-content\/uploads\/2023\/02\/flaco-kev-portada.jpg",845,559,false],"landscape":["https:\/\/elfederalmendoza.com.ar\/wp-content\/uploads\/2023\/02\/flaco-kev-portada.jpg",845,559,false],"portraits":["https:\/\/elfederalmendoza.com.ar\/wp-content\/uploads\/2023\/02\/flaco-kev-portada.jpg",845,559,false],"thumbnail":["https:\/\/elfederalmendoza.com.ar\/wp-content\/uploads\/2023\/02\/flaco-kev-portada-150x150.jpg",150,150,true],"medium":["https:\/\/elfederalmendoza.com.ar\/wp-content\/uploads\/2023\/02\/flaco-kev-portada-300x198.jpg",300,198,true],"large":["https:\/\/elfederalmendoza.com.ar\/wp-content\/uploads\/2023\/02\/flaco-kev-portada.jpg",640,423,false],"1536x1536":["https:\/\/elfederalmendoza.com.ar\/wp-content\/uploads\/2023\/02\/flaco-kev-portada.jpg",845,559,false],"2048x2048":["https:\/\/elfederalmendoza.com.ar\/wp-content\/uploads\/2023\/02\/flaco-kev-portada.jpg",845,559,false],"ultp_layout_landscape_large":["https:\/\/elfederalmendoza.com.ar\/wp-content\/uploads\/2023\/02\/flaco-kev-portada.jpg",845,559,false],"ultp_layout_landscape":["https:\/\/elfederalmendoza.com.ar\/wp-content\/uploads\/2023\/02\/flaco-kev-portada.jpg",845,559,false],"ultp_layout_portrait":["https:\/\/elfederalmendoza.com.ar\/wp-content\/uploads\/2023\/02\/flaco-kev-portada-600x559.jpg",600,559,true],"ultp_layout_square":["https:\/\/elfederalmendoza.com.ar\/wp-content\/uploads\/2023\/02\/flaco-kev-portada-600x559.jpg",600,559,true],"rpwe-thumbnail":["https:\/\/elfederalmendoza.com.ar\/wp-content\/uploads\/2023\/02\/flaco-kev-portada-45x45.jpg",45,45,true],"advps-thumb-one":["https:\/\/elfederalmendoza.com.ar\/wp-content\/uploads\/2023\/02\/flaco-kev-portada-845x420.jpg",845,420,true]},"rttpg_author":{"display_name":"Redacci\u00f3n El Federal","author_link":"https:\/\/elfederalmendoza.com.ar\/index.php\/author\/angelflores\/"},"rttpg_comment":0,"rttpg_category":"<a href=\"https:\/\/elfederalmendoza.com.ar\/index.php\/category\/mza\/\" rel=\"category tag\">Mendoza<\/a>","rttpg_excerpt":"Se trata del Flaco Kev. El canta autor mendocino de rock es considerado como el de mejor proyecci\u00f3n en el pa\u00eds. En el verano estuvo tocando en playas de la costa y hoy lo pod\u00e9s ver gratis en un bar del centro de la capital mendocina. Sus comienzos comenzaron a los 15 a\u00f1os y a&hellip;","_links":{"self":[{"href":"https:\/\/elfederalmendoza.com.ar\/index.php\/wp-json\/wp\/v2\/posts\/20522","targetHints":{"allow":["GET"]}}],"collection":[{"href":"https:\/\/elfederalmendoza.com.ar\/index.php\/wp-json\/wp\/v2\/posts"}],"about":[{"href":"https:\/\/elfederalmendoza.com.ar\/index.php\/wp-json\/wp\/v2\/types\/post"}],"author":[{"embeddable":true,"href":"https:\/\/elfederalmendoza.com.ar\/index.php\/wp-json\/wp\/v2\/users\/2"}],"replies":[{"embeddable":true,"href":"https:\/\/elfederalmendoza.com.ar\/index.php\/wp-json\/wp\/v2\/comments?post=20522"}],"version-history":[{"count":3,"href":"https:\/\/elfederalmendoza.com.ar\/index.php\/wp-json\/wp\/v2\/posts\/20522\/revisions"}],"predecessor-version":[{"id":20527,"href":"https:\/\/elfederalmendoza.com.ar\/index.php\/wp-json\/wp\/v2\/posts\/20522\/revisions\/20527"}],"wp:featuredmedia":[{"embeddable":true,"href":"https:\/\/elfederalmendoza.com.ar\/index.php\/wp-json\/wp\/v2\/media\/20524"}],"wp:attachment":[{"href":"https:\/\/elfederalmendoza.com.ar\/index.php\/wp-json\/wp\/v2\/media?parent=20522"}],"wp:term":[{"taxonomy":"category","embeddable":true,"href":"https:\/\/elfederalmendoza.com.ar\/index.php\/wp-json\/wp\/v2\/categories?post=20522"},{"taxonomy":"post_tag","embeddable":true,"href":"https:\/\/elfederalmendoza.com.ar\/index.php\/wp-json\/wp\/v2\/tags?post=20522"}],"curies":[{"name":"wp","href":"https:\/\/api.w.org\/{rel}","templated":true}]}}