{"id":20532,"date":"2023-02-18T01:45:00","date_gmt":"2023-02-18T04:45:00","guid":{"rendered":"https:\/\/elfederalmendoza.com\/?p=20532"},"modified":"2023-02-18T13:59:29","modified_gmt":"2023-02-18T16:59:29","slug":"video-una-camara-de-seguridad-graba-a-un-supuesto-fantasma-en-pleno-centro-de-salta","status":"publish","type":"post","link":"https:\/\/elfederalmendoza.com.ar\/index.php\/2023\/02\/18\/video-una-camara-de-seguridad-graba-a-un-supuesto-fantasma-en-pleno-centro-de-salta\/","title":{"rendered":"-VIDEO- Una c\u00e1mara de seguridad graba a un supuesto fantasma en pleno centro de Salta"},"content":{"rendered":"\n<p>En los \u00faltimos meses una serie de hechos extra\u00f1os se sucedieron en&nbsp;<strong>Salta&nbsp;<\/strong>y llenaron de interrogantes a la&nbsp;<strong>opini\u00f3n p\u00fablica<\/strong>. Desde la&nbsp;<strong>\u201cLlorona\u201d<\/strong>&nbsp;que habr\u00eda aparecido a un grupo de vecinos desprevenidos en&nbsp;<strong>Chicoana&nbsp;<\/strong>y en el paraje cerrillano de&nbsp;<strong>Las Blancas<\/strong>, a la vera de la&nbsp;<strong>ruta 23<\/strong>, hasta&nbsp;<strong>ovnis<\/strong>&nbsp;que obnubilaron a un profesor de filosof\u00eda camino a&nbsp;<strong>Cafayate<\/strong>.&nbsp;<\/p>\n\n\n\n<p>Tal vez estas experiencias quedar\u00edan solo en marco de las an\u00e9cdotas, tradiciones y creencias norte\u00f1as si no fuera porque este mismo mes, tomaron fuerza en<strong>&nbsp;Estados Unidos&nbsp;<\/strong>los testimonios que dan cuenta de la presencia de&nbsp;<strong>objetos extra\u00f1os no identificados<\/strong>&nbsp;y las&nbsp;<strong>teor\u00edas<\/strong>&nbsp;que afirman que, sobre algunas ciudades, sobrevuelan&nbsp;<strong>naves<\/strong>&nbsp;con seres&nbsp;<strong>extra-mundo<\/strong>. Hasta surgieron declaraciones de&nbsp;<strong>pilotos<\/strong>&nbsp;de las Fuerzas Armadas estadounidense que profundizaron sobre el tema.&nbsp;<\/p>\n\n\n\n<p>El jueves por la noche en la&nbsp;<strong>capital<\/strong>&nbsp;salte\u00f1a, mientras un&nbsp;<strong>guardia<\/strong>&nbsp;de seguridad monitoreaba el edificio de una obra social pudo percibir una<strong>&nbsp;imagen espeluznante<\/strong>.&nbsp;<\/p>\n\n\n\n<p><br>El&nbsp;<strong>video<\/strong>&nbsp;refleja en principio la quietud de una&nbsp;<strong>noche<\/strong>&nbsp;fr\u00eda, h\u00fameda y solitaria, que invita a comer un bollo y a tomar un mate cocido, pero de un momento a otro un&nbsp;<strong>espectro&nbsp;<\/strong>oscuro, similar a una mancha o a una sombra recorre en zigzag el paisaje en direcci\u00f3n a la&nbsp;<strong>c\u00e1mara<\/strong>&nbsp;hasta que bruscamente toma otro rumbo. Lo que podr\u00eda representar para algunos un&nbsp;<strong>esp\u00edritu<\/strong>&nbsp;hecho y derecho, recorre luego una pared de lo que parece ser una&nbsp;<strong>sala de espera<\/strong>&nbsp;hasta desaparecer en el extremo superior de la&nbsp;<strong>imagen<\/strong>.<\/p>\n\n\n\n<figure class=\"wp-block-embed is-type-video is-provider-youtube wp-block-embed-youtube wp-embed-aspect-16-9 wp-has-aspect-ratio\"><div class=\"wp-block-embed__wrapper\">\n<iframe loading=\"lazy\" title=\"GRABAN A UN FANTASMA EN SALTA\" width=\"640\" height=\"360\" src=\"https:\/\/www.youtube.com\/embed\/nupQw2bsZr0?start=14&#038;feature=oembed\" frameborder=\"0\" allow=\"accelerometer; autoplay; clipboard-write; encrypted-media; gyroscope; picture-in-picture; web-share\" referrerpolicy=\"strict-origin-when-cross-origin\" allowfullscreen><\/iframe>\n<\/div><\/figure>\n\n\n\n<p>El supuesto&nbsp;<strong>esp\u00edritu&nbsp;<\/strong>tiene un gran parecido con las siluetas de las&nbsp;<strong>almas<\/strong>&nbsp;que escapan de un cementerio en la pel\u00edcula&nbsp;<strong>The Frighteners<\/strong>, un<strong>&nbsp;film<\/strong>&nbsp;de<strong>&nbsp;terror<\/strong>&nbsp;y comedia que hizo furor en los 90 y que fue protagonizado por&nbsp;<strong>Michael J. Fox<\/strong>.<\/p>\n\n\n\n<p>Lo cierto es que nada tiete que ver el<strong>\u00a0fantasma salte\u00f1o<\/strong>\u00a0con el producido artificialmente en\u00a0<strong>Hollywood.<\/strong>\u00a0Tanto, que el<strong>\u00a0testigo<\/strong>\u00a0del extra\u00f1o suceso salte\u00f1o con voz titubeante solo atina a describir su recorrido y se\u00f1alar con un dejo de temor:<strong>\u00a0\u201cVen, se va para arriba\u201d<\/strong>.<\/p>\n\n\n\n<p>El Tribuno<\/p>\n","protected":false},"excerpt":{"rendered":"<p>En los \u00faltimos meses una serie de hechos extra\u00f1os se sucedieron en&nbsp;Salta&nbsp;y llenaron de interrogantes a la&nbsp;opini\u00f3n p\u00fablica. Desde la&nbsp;\u201cLlorona\u201d&nbsp;que habr\u00eda aparecido a un grupo de vecinos desprevenidos en&nbsp;Chicoana&nbsp;y en el paraje cerrillano de&nbsp;Las Blancas, a la vera de la&nbsp;ruta 23, hasta&nbsp;ovnis&nbsp;que obnubilaron a un profesor de filosof\u00eda camino a&nbsp;Cafayate.&nbsp; Tal vez estas experiencias quedar\u00edan<a class=\"read-more\" href=\"https:\/\/elfederalmendoza.com.ar\/index.php\/2023\/02\/18\/video-una-camara-de-seguridad-graba-a-un-supuesto-fantasma-en-pleno-centro-de-salta\/\"> [&hellip;]<\/a><\/p>\n","protected":false},"author":2,"featured_media":20533,"comment_status":"open","ping_status":"open","sticky":false,"template":"","format":"standard","meta":{"footnotes":""},"categories":[5618],"tags":[],"class_list":["post-20532","post","type-post","status-publish","format-standard","has-post-thumbnail","hentry","category-arg"],"rttpg_featured_image_url":{"full":["https:\/\/elfederalmendoza.com.ar\/wp-content\/uploads\/2023\/02\/fantasma-salta1.jpg",1000,610,false],"landscape":["https:\/\/elfederalmendoza.com.ar\/wp-content\/uploads\/2023\/02\/fantasma-salta1.jpg",1000,610,false],"portraits":["https:\/\/elfederalmendoza.com.ar\/wp-content\/uploads\/2023\/02\/fantasma-salta1.jpg",1000,610,false],"thumbnail":["https:\/\/elfederalmendoza.com.ar\/wp-content\/uploads\/2023\/02\/fantasma-salta1-150x150.jpg",150,150,true],"medium":["https:\/\/elfederalmendoza.com.ar\/wp-content\/uploads\/2023\/02\/fantasma-salta1-300x183.jpg",300,183,true],"large":["https:\/\/elfederalmendoza.com.ar\/wp-content\/uploads\/2023\/02\/fantasma-salta1.jpg",640,390,false],"1536x1536":["https:\/\/elfederalmendoza.com.ar\/wp-content\/uploads\/2023\/02\/fantasma-salta1.jpg",1000,610,false],"2048x2048":["https:\/\/elfederalmendoza.com.ar\/wp-content\/uploads\/2023\/02\/fantasma-salta1.jpg",1000,610,false],"ultp_layout_landscape_large":["https:\/\/elfederalmendoza.com.ar\/wp-content\/uploads\/2023\/02\/fantasma-salta1.jpg",1000,610,false],"ultp_layout_landscape":["https:\/\/elfederalmendoza.com.ar\/wp-content\/uploads\/2023\/02\/fantasma-salta1-870x570.jpg",870,570,true],"ultp_layout_portrait":["https:\/\/elfederalmendoza.com.ar\/wp-content\/uploads\/2023\/02\/fantasma-salta1-600x610.jpg",600,610,true],"ultp_layout_square":["https:\/\/elfederalmendoza.com.ar\/wp-content\/uploads\/2023\/02\/fantasma-salta1-600x600.jpg",600,600,true],"rpwe-thumbnail":["https:\/\/elfederalmendoza.com.ar\/wp-content\/uploads\/2023\/02\/fantasma-salta1-45x45.jpg",45,45,true],"advps-thumb-one":["https:\/\/elfederalmendoza.com.ar\/wp-content\/uploads\/2023\/02\/fantasma-salta1-1000x420.jpg",1000,420,true]},"rttpg_author":{"display_name":"Redacci\u00f3n El Federal","author_link":"https:\/\/elfederalmendoza.com.ar\/index.php\/author\/angelflores\/"},"rttpg_comment":0,"rttpg_category":"<a href=\"https:\/\/elfederalmendoza.com.ar\/index.php\/category\/arg\/\" rel=\"category tag\">Argentina<\/a>","rttpg_excerpt":"En los \u00faltimos meses una serie de hechos extra\u00f1os se sucedieron en&nbsp;Salta&nbsp;y llenaron de interrogantes a la&nbsp;opini\u00f3n p\u00fablica. Desde la&nbsp;\u201cLlorona\u201d&nbsp;que habr\u00eda aparecido a un grupo de vecinos desprevenidos en&nbsp;Chicoana&nbsp;y en el paraje cerrillano de&nbsp;Las Blancas, a la vera de la&nbsp;ruta 23, hasta&nbsp;ovnis&nbsp;que obnubilaron a un profesor de filosof\u00eda camino a&nbsp;Cafayate.&nbsp; Tal vez estas experiencias quedar\u00edan&hellip;","_links":{"self":[{"href":"https:\/\/elfederalmendoza.com.ar\/index.php\/wp-json\/wp\/v2\/posts\/20532","targetHints":{"allow":["GET"]}}],"collection":[{"href":"https:\/\/elfederalmendoza.com.ar\/index.php\/wp-json\/wp\/v2\/posts"}],"about":[{"href":"https:\/\/elfederalmendoza.com.ar\/index.php\/wp-json\/wp\/v2\/types\/post"}],"author":[{"embeddable":true,"href":"https:\/\/elfederalmendoza.com.ar\/index.php\/wp-json\/wp\/v2\/users\/2"}],"replies":[{"embeddable":true,"href":"https:\/\/elfederalmendoza.com.ar\/index.php\/wp-json\/wp\/v2\/comments?post=20532"}],"version-history":[{"count":2,"href":"https:\/\/elfederalmendoza.com.ar\/index.php\/wp-json\/wp\/v2\/posts\/20532\/revisions"}],"predecessor-version":[{"id":20535,"href":"https:\/\/elfederalmendoza.com.ar\/index.php\/wp-json\/wp\/v2\/posts\/20532\/revisions\/20535"}],"wp:featuredmedia":[{"embeddable":true,"href":"https:\/\/elfederalmendoza.com.ar\/index.php\/wp-json\/wp\/v2\/media\/20533"}],"wp:attachment":[{"href":"https:\/\/elfederalmendoza.com.ar\/index.php\/wp-json\/wp\/v2\/media?parent=20532"}],"wp:term":[{"taxonomy":"category","embeddable":true,"href":"https:\/\/elfederalmendoza.com.ar\/index.php\/wp-json\/wp\/v2\/categories?post=20532"},{"taxonomy":"post_tag","embeddable":true,"href":"https:\/\/elfederalmendoza.com.ar\/index.php\/wp-json\/wp\/v2\/tags?post=20532"}],"curies":[{"name":"wp","href":"https:\/\/api.w.org\/{rel}","templated":true}]}}