{"id":20536,"date":"2023-02-18T03:14:00","date_gmt":"2023-02-18T06:14:00","guid":{"rendered":"https:\/\/elfederalmendoza.com\/?p=20536"},"modified":"2023-02-18T15:24:48","modified_gmt":"2023-02-18T18:24:48","slug":"incautan-en-un-paso-fronterizo-a-un-meteorito-que-un-cordobes-trato-de-pasar-desde-chile-esta-compuesto-por-minerales-que-no-se-encuentran-en-la-tierra","status":"publish","type":"post","link":"https:\/\/elfederalmendoza.com.ar\/index.php\/2023\/02\/18\/incautan-en-un-paso-fronterizo-a-un-meteorito-que-un-cordobes-trato-de-pasar-desde-chile-esta-compuesto-por-minerales-que-no-se-encuentran-en-la-tierra\/","title":{"rendered":"Incautan en un paso fronterizo a un meteorito que un cordob\u00e9s trat\u00f3 de pasar desde Chile: est\u00e1 compuesto por minerales que no se encuentran en la tierra"},"content":{"rendered":"\n<p>En el\u00a0<strong>Paso Internacional Agua Negra<\/strong>, en plena Cordillera de los Andes,\u00a0agentes de la<strong>\u00a0Aduana<\/strong>\u00a0inspeccionaban un veh\u00edculo que ingresaba al territorio nacional\u00a0cuando se encontraron con un\u00a0<strong>meteorito<\/strong>. Al encontrar este extra\u00f1o objeto en el equipaje de un cordob\u00e9s, debieron retenerlo por razones fitosanitarias.<\/p>\n\n\n\n<figure class=\"wp-block-image is-resized\"><img loading=\"lazy\" decoding=\"async\" src=\"https:\/\/www.mdzol.com\/u\/fotografias\/m\/2023\/2\/18\/f768x1-1365565_1365692_5050.jpg\" alt=\"\" width=\"963\" height=\"642\"\/><figcaption class=\"wp-element-caption\">EL CUERPO ESPACIAL PESABA 12,5 KILOGRAMOS Y MIDI\u00d3 27 CENT\u00cdMETROS.<\/figcaption><\/figure>\n\n\n\n<p>Los agentes de la\u00a0<strong>Direcci\u00f3n General de Aduanas-AFIP<\/strong>\u00a0examinaron el veh\u00edculo, en el que hab\u00eda una gran cantidad de piedras, e inmediatamente notaron que una brillante piedra no pesaba lo que su tama\u00f1o indicaba. Bajo la sospecha de que pod\u00eda ser un bien cultural, elevaron un informe al respecto.<\/p>\n\n\n\n<p>La roca pes\u00f3 12,5 kilogramos y ten\u00eda 27 cent\u00edmetros de largo. Luego fue trasladada a Buenos Aires, para ser\u00a0<a href=\"https:\/\/www.argentina.gob.ar\/economia\/segemar\">analizada por el\u00a0<strong>Servicio Geol\u00f3gico Minero Argentino (Segemar)<\/strong><\/a>, que pudo identificar la misma como un meteorito.<\/p>\n\n\n\n<p>El informe de\u00a0<strong>Segemar<\/strong>\u00a0indic\u00f3 que el mismo tiene depresiones que\u00a0\u201ccorresponden a los regmagliptos formados por la ablaci\u00f3n cuando el meteorito penetra en la atm\u00f3sfera terrestre\u201d. <strong>Tambi\u00e9n\u00a0<a href=\"https:\/\/www.mdzol.com\/dinero\/2023\/2\/15\/el-millonario-fraude-en-el-negocio-de-la-carne-que-detecto-la-aduana-315106.html\">le aseguraron a la\u00a0Aduana<\/a>\u00a0que el mismo tiene una composici\u00f3n proporcional de hierro\/n\u00edquel que no se puede encontrar en nuestro planeta.<\/strong><\/p>\n\n\n\n<figure class=\"wp-block-image is-resized\"><img loading=\"lazy\" decoding=\"async\" src=\"https:\/\/www.mdzol.com\/u\/fotografias\/m\/2023\/2\/18\/f768x1-1365563_1365690_5050.jpg\" alt=\"\" width=\"961\" height=\"641\"\/><figcaption class=\"wp-element-caption\">LOS AGENTES DE LA ADUANA RETUVIERON EL METEORITO DEL AUTO DE UN CORDOB\u00c9S.<\/figcaption><\/figure>\n\n\n\n<p>Tambi\u00e9n, seg\u00fan establece la\u00a0Ley 26.306, los meteoritos que ingresen al territorio nacional <strong>ser\u00e1n considerados bienes culturales<\/strong>. Por eso, la importaci\u00f3n de un objeto de este tipo\u00a0se considera prohibida\u00a0<a href=\"https:\/\/www.mdzol.com\/dinero\/2023\/2\/14\/asi-funciona-el-sofisticado-sistema-de-la-aduana-para-detectar-irregularidades-en-los-aeropuertos-314864.html\">por el\u00a0<strong>C\u00f3digo Aduanero<\/strong><\/a>, indicado en el art\u00edculo 610 del mismo.<\/p>\n","protected":false},"excerpt":{"rendered":"<p>En el\u00a0Paso Internacional Agua Negra, en plena Cordillera de los Andes,\u00a0agentes de la\u00a0Aduana\u00a0inspeccionaban un veh\u00edculo que ingresaba al territorio nacional\u00a0cuando se encontraron con un\u00a0meteorito. Al encontrar este extra\u00f1o objeto en el equipaje de un cordob\u00e9s, debieron retenerlo por razones fitosanitarias. Los agentes de la\u00a0Direcci\u00f3n General de Aduanas-AFIP\u00a0examinaron el veh\u00edculo, en el que hab\u00eda una gran<a class=\"read-more\" href=\"https:\/\/elfederalmendoza.com.ar\/index.php\/2023\/02\/18\/incautan-en-un-paso-fronterizo-a-un-meteorito-que-un-cordobes-trato-de-pasar-desde-chile-esta-compuesto-por-minerales-que-no-se-encuentran-en-la-tierra\/\"> [&hellip;]<\/a><\/p>\n","protected":false},"author":2,"featured_media":20537,"comment_status":"open","ping_status":"open","sticky":false,"template":"","format":"standard","meta":{"footnotes":""},"categories":[5618],"tags":[],"class_list":["post-20536","post","type-post","status-publish","format-standard","has-post-thumbnail","hentry","category-arg"],"rttpg_featured_image_url":{"full":["https:\/\/elfederalmendoza.com.ar\/wp-content\/uploads\/2023\/02\/meteorito-chile.jpg",1456,819,false],"landscape":["https:\/\/elfederalmendoza.com.ar\/wp-content\/uploads\/2023\/02\/meteorito-chile.jpg",1456,819,false],"portraits":["https:\/\/elfederalmendoza.com.ar\/wp-content\/uploads\/2023\/02\/meteorito-chile.jpg",1456,819,false],"thumbnail":["https:\/\/elfederalmendoza.com.ar\/wp-content\/uploads\/2023\/02\/meteorito-chile-150x150.jpg",150,150,true],"medium":["https:\/\/elfederalmendoza.com.ar\/wp-content\/uploads\/2023\/02\/meteorito-chile-300x169.jpg",300,169,true],"large":["https:\/\/elfederalmendoza.com.ar\/wp-content\/uploads\/2023\/02\/meteorito-chile-1024x576.jpg",640,360,true],"1536x1536":["https:\/\/elfederalmendoza.com.ar\/wp-content\/uploads\/2023\/02\/meteorito-chile.jpg",1456,819,false],"2048x2048":["https:\/\/elfederalmendoza.com.ar\/wp-content\/uploads\/2023\/02\/meteorito-chile.jpg",1456,819,false],"ultp_layout_landscape_large":["https:\/\/elfederalmendoza.com.ar\/wp-content\/uploads\/2023\/02\/meteorito-chile-1200x800.jpg",1200,800,true],"ultp_layout_landscape":["https:\/\/elfederalmendoza.com.ar\/wp-content\/uploads\/2023\/02\/meteorito-chile-870x570.jpg",870,570,true],"ultp_layout_portrait":["https:\/\/elfederalmendoza.com.ar\/wp-content\/uploads\/2023\/02\/meteorito-chile-600x819.jpg",600,819,true],"ultp_layout_square":["https:\/\/elfederalmendoza.com.ar\/wp-content\/uploads\/2023\/02\/meteorito-chile-600x600.jpg",600,600,true],"rpwe-thumbnail":["https:\/\/elfederalmendoza.com.ar\/wp-content\/uploads\/2023\/02\/meteorito-chile-45x45.jpg",45,45,true],"advps-thumb-one":["https:\/\/elfederalmendoza.com.ar\/wp-content\/uploads\/2023\/02\/meteorito-chile-1200x420.jpg",1200,420,true]},"rttpg_author":{"display_name":"Redacci\u00f3n El Federal","author_link":"https:\/\/elfederalmendoza.com.ar\/index.php\/author\/angelflores\/"},"rttpg_comment":0,"rttpg_category":"<a href=\"https:\/\/elfederalmendoza.com.ar\/index.php\/category\/arg\/\" rel=\"category tag\">Argentina<\/a>","rttpg_excerpt":"En el\u00a0Paso Internacional Agua Negra, en plena Cordillera de los Andes,\u00a0agentes de la\u00a0Aduana\u00a0inspeccionaban un veh\u00edculo que ingresaba al territorio nacional\u00a0cuando se encontraron con un\u00a0meteorito. Al encontrar este extra\u00f1o objeto en el equipaje de un cordob\u00e9s, debieron retenerlo por razones fitosanitarias. Los agentes de la\u00a0Direcci\u00f3n General de Aduanas-AFIP\u00a0examinaron el veh\u00edculo, en el que hab\u00eda una gran&hellip;","_links":{"self":[{"href":"https:\/\/elfederalmendoza.com.ar\/index.php\/wp-json\/wp\/v2\/posts\/20536","targetHints":{"allow":["GET"]}}],"collection":[{"href":"https:\/\/elfederalmendoza.com.ar\/index.php\/wp-json\/wp\/v2\/posts"}],"about":[{"href":"https:\/\/elfederalmendoza.com.ar\/index.php\/wp-json\/wp\/v2\/types\/post"}],"author":[{"embeddable":true,"href":"https:\/\/elfederalmendoza.com.ar\/index.php\/wp-json\/wp\/v2\/users\/2"}],"replies":[{"embeddable":true,"href":"https:\/\/elfederalmendoza.com.ar\/index.php\/wp-json\/wp\/v2\/comments?post=20536"}],"version-history":[{"count":1,"href":"https:\/\/elfederalmendoza.com.ar\/index.php\/wp-json\/wp\/v2\/posts\/20536\/revisions"}],"predecessor-version":[{"id":20538,"href":"https:\/\/elfederalmendoza.com.ar\/index.php\/wp-json\/wp\/v2\/posts\/20536\/revisions\/20538"}],"wp:featuredmedia":[{"embeddable":true,"href":"https:\/\/elfederalmendoza.com.ar\/index.php\/wp-json\/wp\/v2\/media\/20537"}],"wp:attachment":[{"href":"https:\/\/elfederalmendoza.com.ar\/index.php\/wp-json\/wp\/v2\/media?parent=20536"}],"wp:term":[{"taxonomy":"category","embeddable":true,"href":"https:\/\/elfederalmendoza.com.ar\/index.php\/wp-json\/wp\/v2\/categories?post=20536"},{"taxonomy":"post_tag","embeddable":true,"href":"https:\/\/elfederalmendoza.com.ar\/index.php\/wp-json\/wp\/v2\/tags?post=20536"}],"curies":[{"name":"wp","href":"https:\/\/api.w.org\/{rel}","templated":true}]}}