{"id":20541,"date":"2023-02-19T09:31:29","date_gmt":"2023-02-19T12:31:29","guid":{"rendered":"https:\/\/elfederalmendoza.com\/?p=20541"},"modified":"2023-02-19T09:31:30","modified_gmt":"2023-02-19T12:31:30","slug":"multitudinaria-caravana-por-la-entrega-de-tierras-a-mapuches-culmino-en-malargue","status":"publish","type":"post","link":"https:\/\/elfederalmendoza.com.ar\/index.php\/2023\/02\/19\/multitudinaria-caravana-por-la-entrega-de-tierras-a-mapuches-culmino-en-malargue\/","title":{"rendered":"Multitudinaria caravana por la entrega de tierras a mapuches culmin\u00f3 en Malarg\u00fce"},"content":{"rendered":"\n<p>La<strong>\u00a0caravana hacia Malarg\u00fce<\/strong>\u00a0culmin\u00f3 en la plaza departamental para\u00a0<strong>repudiar e insistir\u00a0que el gobierno nacional d\u00e9 marcha<\/strong>\u00a0atr\u00e1s sobre los decretos del Instituto Nacional de Asuntos Ind\u00edgenas (<strong>INAI<\/strong>) por la<strong>\u00a0cesi\u00f3n de tierras a comunidades mapuches en el Sur mendocino<\/strong>.<\/p>\n\n\n\n<p><strong>Dos consignas encabezan la marcha<\/strong>\u00a0que parti\u00f3 desde Pareditas: \u00ab<strong>#Con Mendoza no\u00bb y \u00aben defensa de la propiedad privada y los recursos de todos los mendocinos\u00bb<\/strong>.\u00a0 Las\u00a0<strong>21.500 hect\u00e1reas cedidas a personas que dicen ser mapuches<\/strong>\u00a0descendientes de habitantes del lugar irrit\u00f3 a decenas de miles de mendocinos y argentinos que argumentaron que en esta provincia no habitaron, cuestionando la disposici\u00f3n del\u00a0<a href=\"https:\/\/www.argentina.gob.ar\/derechoshumanos\/inai\" target=\"_blank\" rel=\"noreferrer noopener\">INAI<\/a>.<\/p>\n\n\n\n<figure class=\"wp-block-image size-full is-resized\"><img loading=\"lazy\" decoding=\"async\" src=\"https:\/\/elfederalmendoza.com\/wp-content\/uploads\/2023\/02\/CARAVANA1.jpg\" alt=\"\" class=\"wp-image-20543\" width=\"961\" height=\"720\" srcset=\"https:\/\/elfederalmendoza.com.ar\/wp-content\/uploads\/2023\/02\/CARAVANA1.jpg 790w, https:\/\/elfederalmendoza.com.ar\/wp-content\/uploads\/2023\/02\/CARAVANA1-300x225.jpg 300w, https:\/\/elfederalmendoza.com.ar\/wp-content\/uploads\/2023\/02\/CARAVANA1-768x576.jpg 768w\" sizes=\"auto, (max-width: 961px) 100vw, 961px\" \/><\/figure>\n\n\n\n<p>Por ello,\u00a0 el empresario\u00a0<a href=\"https:\/\/www.mendozapost.com\/tools\/redirect.php?t=3&amp;i=260989&amp;s=3dc13e3ea514d5b4d3be27dbf2dc7c25\" target=\"_blank\" rel=\"noreferrer noopener\">Andr\u00e9s Vavrik<\/a>, ex presidente de la C\u00e1mara de Comercio, Industria, Agricultura y Ganader\u00eda de Gral. Alvear, convoc\u00f3 a trav\u00e9s de las redes sociales hacia casi dos semanas a la marcha que fue sumando gente y gran cobertura nacional.\u00a0\u00a0<\/p>\n\n\n\n<blockquote class=\"twitter-tweet\"><p lang=\"und\" dir=\"ltr\"><a href=\"https:\/\/twitter.com\/hashtag\/Argentina?src=hash&amp;ref_src=twsrc%5Etfw\">#Argentina<\/a> \ud83d\udcaa\ud83d\udcaa\ud83c\udde6\ud83c\uddf7\ud83c\udde6\ud83c\uddf7<a href=\"https:\/\/twitter.com\/hashtag\/Mendoza?src=hash&amp;ref_src=twsrc%5Etfw\">#Mendoza<\/a>\ud83d\udc4f\ud83d\udc4f\ud83c\udde6\ud83c\uddf7\ud83c\udde6\ud83c\uddf7\u2764\ufe0f<a href=\"https:\/\/twitter.com\/hashtag\/DespertarseParaCambiar?src=hash&amp;ref_src=twsrc%5Etfw\">#DespertarseParaCambiar<\/a> \u2066<a href=\"https:\/\/twitter.com\/andresvavrik?ref_src=twsrc%5Etfw\">@andresvavrik<\/a>\u2069 \u2066<a href=\"https:\/\/twitter.com\/gustavo_miras?ref_src=twsrc%5Etfw\">@gustavo_miras<\/a>\u2069 <a href=\"https:\/\/t.co\/cS27r7rSjA\">pic.twitter.com\/cS27r7rSjA<\/a><\/p>&mdash; Mauricio Badaloni (@MauriBadaloni) <a href=\"https:\/\/twitter.com\/MauriBadaloni\/status\/1626993958378262535?ref_src=twsrc%5Etfw\">February 18, 2023<\/a><\/blockquote> <script async src=\"https:\/\/platform.twitter.com\/widgets.js\" charset=\"utf-8\"><\/script>\n\n\n\n<p>En la<strong>&nbsp;plaza de Malarg\u00fce fue le\u00eddo un documento<\/strong>&nbsp;contra la ocupaci\u00f3n de estas tierras que cedi\u00f3 el gobierno nacional. Este es el texto:&nbsp;<em>\u00abArgentinos presentes, venimos en representaci\u00f3n de nuestros padres y abuelos para proteger el futuro de nuestros hijos y nietos. Esta aqu\u00ed convocados para saber que el Poder Ejecutivo Nacional, ese que dice representarnos, ha tomado atribuciones que no le corresponden. En este caso, reconocer territorio mendocino a grupos autopercibidos como originarios de esta tierra. Esta decisi\u00f3n es contraria a hechos hist\u00f3ricos que todos bien conocemos.<\/em><\/p>\n\n\n\n<p><em>Lamentablemente, vemos con tristeza, como, quienes deben proteger a los ciudadanos mendocinos, ponen en peligro la propiedad privada, la soberan\u00eda nacional y generan hip\u00f3tesis de conflictos inexistentes. Sepan, no nos dejaremos amedrentar.<\/em><\/p>\n\n\n\n<p><em>Somos productores, comerciantes y especialmente trabajadores que queremos vivir en una Provincia en un ambiente de paz y Administraci\u00f3n. La tradici\u00f3n mendocina heredada de nuestros padres tiene como base el respeto a la opini\u00f3n, respeto a las propiedad privada y a las instituciones&#8230; siendo el Poder Ejecutivo Nacional quien ha pisoteado todos estos derechos.<\/em><\/p>\n\n\n\n<figure class=\"wp-block-image size-full is-resized\"><img loading=\"lazy\" decoding=\"async\" src=\"https:\/\/elfederalmendoza.com\/wp-content\/uploads\/2023\/02\/CARAVANA.jpg\" alt=\"\" class=\"wp-image-20542\" width=\"963\" height=\"722\" srcset=\"https:\/\/elfederalmendoza.com.ar\/wp-content\/uploads\/2023\/02\/CARAVANA.jpg 790w, https:\/\/elfederalmendoza.com.ar\/wp-content\/uploads\/2023\/02\/CARAVANA-300x225.jpg 300w, https:\/\/elfederalmendoza.com.ar\/wp-content\/uploads\/2023\/02\/CARAVANA-768x576.jpg 768w\" sizes=\"auto, (max-width: 963px) 100vw, 963px\" \/><\/figure>\n\n\n\n<p><em>De esta manera, pedimos al se\u00f1or presidente, la inmediata revocaci\u00f3n de las medidas administrativas que han reconocido ocupaci\u00f3n &#8216;originaria&#8217; contraria los hechos hist\u00f3ricos de los verdaderos pueblos que habitaran el vasto territorio provincial\u00bb.&nbsp;<\/em><\/p>\n\n\n\n<p>Por otro lado, el Gobierno de Mendoza intenta frenar por la v\u00eda administrativa y judicial, el reconocimiento de tierras a supuestas comunidades mapuches.\u00a0<\/p>\n\n\n\n<p>A la convocatoria asisti\u00f3 el presidente de la Junta Vecinal de Villa Mascardi,\u00a0<strong>Diego Frutos<\/strong>, uno de los principales opositores a las usurpaciones de tierras y v\u00edctima de la violencia de los grupos radicalizados mapuches. El dirigente insisti\u00f3 en que hay\u00a0<strong>\u00abque ponerle freno\u00bb a la entrega de tierras\u00a0<\/strong>y anticip\u00f3 que \u00abahora a ustedes los van a invitar a unas\u00a0<em>mesarasas<\/em>\u00a0en las que no van a solucionar nada, porque lo \u00fanico que hacen es eternizar algo que sabemos no quieren resolverlo.\u00a0<strong>Desde Villa Mascardi les damos toda la fuerza para que se planten desde el vamos<\/strong>\u00ab, destac\u00f3 Frutos.<\/p>\n","protected":false},"excerpt":{"rendered":"<p>La\u00a0caravana hacia Malarg\u00fce\u00a0culmin\u00f3 en la plaza departamental para\u00a0repudiar e insistir\u00a0que el gobierno nacional d\u00e9 marcha\u00a0atr\u00e1s sobre los decretos del Instituto Nacional de Asuntos Ind\u00edgenas (INAI) por la\u00a0cesi\u00f3n de tierras a comunidades mapuches en el Sur mendocino. Dos consignas encabezan la marcha\u00a0que parti\u00f3 desde Pareditas: \u00ab#Con Mendoza no\u00bb y \u00aben defensa de la propiedad privada y<a class=\"read-more\" href=\"https:\/\/elfederalmendoza.com.ar\/index.php\/2023\/02\/19\/multitudinaria-caravana-por-la-entrega-de-tierras-a-mapuches-culmino-en-malargue\/\"> [&hellip;]<\/a><\/p>\n","protected":false},"author":2,"featured_media":20544,"comment_status":"open","ping_status":"open","sticky":false,"template":"","format":"standard","meta":{"footnotes":""},"categories":[1],"tags":[],"class_list":["post-20541","post","type-post","status-publish","format-standard","has-post-thumbnail","hentry","category-mza"],"rttpg_featured_image_url":{"full":["https:\/\/elfederalmendoza.com.ar\/wp-content\/uploads\/2023\/02\/CARAVANA2.jpg",1089,570,false],"landscape":["https:\/\/elfederalmendoza.com.ar\/wp-content\/uploads\/2023\/02\/CARAVANA2.jpg",1089,570,false],"portraits":["https:\/\/elfederalmendoza.com.ar\/wp-content\/uploads\/2023\/02\/CARAVANA2.jpg",1089,570,false],"thumbnail":["https:\/\/elfederalmendoza.com.ar\/wp-content\/uploads\/2023\/02\/CARAVANA2-150x150.jpg",150,150,true],"medium":["https:\/\/elfederalmendoza.com.ar\/wp-content\/uploads\/2023\/02\/CARAVANA2-300x157.jpg",300,157,true],"large":["https:\/\/elfederalmendoza.com.ar\/wp-content\/uploads\/2023\/02\/CARAVANA2-1024x536.jpg",640,335,true],"1536x1536":["https:\/\/elfederalmendoza.com.ar\/wp-content\/uploads\/2023\/02\/CARAVANA2.jpg",1089,570,false],"2048x2048":["https:\/\/elfederalmendoza.com.ar\/wp-content\/uploads\/2023\/02\/CARAVANA2.jpg",1089,570,false],"ultp_layout_landscape_large":["https:\/\/elfederalmendoza.com.ar\/wp-content\/uploads\/2023\/02\/CARAVANA2.jpg",1089,570,false],"ultp_layout_landscape":["https:\/\/elfederalmendoza.com.ar\/wp-content\/uploads\/2023\/02\/CARAVANA2-870x570.jpg",870,570,true],"ultp_layout_portrait":["https:\/\/elfederalmendoza.com.ar\/wp-content\/uploads\/2023\/02\/CARAVANA2-600x570.jpg",600,570,true],"ultp_layout_square":["https:\/\/elfederalmendoza.com.ar\/wp-content\/uploads\/2023\/02\/CARAVANA2-600x570.jpg",600,570,true],"rpwe-thumbnail":["https:\/\/elfederalmendoza.com.ar\/wp-content\/uploads\/2023\/02\/CARAVANA2-45x45.jpg",45,45,true],"advps-thumb-one":["https:\/\/elfederalmendoza.com.ar\/wp-content\/uploads\/2023\/02\/CARAVANA2-1089x420.jpg",1089,420,true]},"rttpg_author":{"display_name":"Redacci\u00f3n El Federal","author_link":"https:\/\/elfederalmendoza.com.ar\/index.php\/author\/angelflores\/"},"rttpg_comment":0,"rttpg_category":"<a href=\"https:\/\/elfederalmendoza.com.ar\/index.php\/category\/mza\/\" rel=\"category tag\">Mendoza<\/a>","rttpg_excerpt":"La\u00a0caravana hacia Malarg\u00fce\u00a0culmin\u00f3 en la plaza departamental para\u00a0repudiar e insistir\u00a0que el gobierno nacional d\u00e9 marcha\u00a0atr\u00e1s sobre los decretos del Instituto Nacional de Asuntos Ind\u00edgenas (INAI) por la\u00a0cesi\u00f3n de tierras a comunidades mapuches en el Sur mendocino. Dos consignas encabezan la marcha\u00a0que parti\u00f3 desde Pareditas: \u00ab#Con Mendoza no\u00bb y \u00aben defensa de la propiedad privada y&hellip;","_links":{"self":[{"href":"https:\/\/elfederalmendoza.com.ar\/index.php\/wp-json\/wp\/v2\/posts\/20541","targetHints":{"allow":["GET"]}}],"collection":[{"href":"https:\/\/elfederalmendoza.com.ar\/index.php\/wp-json\/wp\/v2\/posts"}],"about":[{"href":"https:\/\/elfederalmendoza.com.ar\/index.php\/wp-json\/wp\/v2\/types\/post"}],"author":[{"embeddable":true,"href":"https:\/\/elfederalmendoza.com.ar\/index.php\/wp-json\/wp\/v2\/users\/2"}],"replies":[{"embeddable":true,"href":"https:\/\/elfederalmendoza.com.ar\/index.php\/wp-json\/wp\/v2\/comments?post=20541"}],"version-history":[{"count":1,"href":"https:\/\/elfederalmendoza.com.ar\/index.php\/wp-json\/wp\/v2\/posts\/20541\/revisions"}],"predecessor-version":[{"id":20545,"href":"https:\/\/elfederalmendoza.com.ar\/index.php\/wp-json\/wp\/v2\/posts\/20541\/revisions\/20545"}],"wp:featuredmedia":[{"embeddable":true,"href":"https:\/\/elfederalmendoza.com.ar\/index.php\/wp-json\/wp\/v2\/media\/20544"}],"wp:attachment":[{"href":"https:\/\/elfederalmendoza.com.ar\/index.php\/wp-json\/wp\/v2\/media?parent=20541"}],"wp:term":[{"taxonomy":"category","embeddable":true,"href":"https:\/\/elfederalmendoza.com.ar\/index.php\/wp-json\/wp\/v2\/categories?post=20541"},{"taxonomy":"post_tag","embeddable":true,"href":"https:\/\/elfederalmendoza.com.ar\/index.php\/wp-json\/wp\/v2\/tags?post=20541"}],"curies":[{"name":"wp","href":"https:\/\/api.w.org\/{rel}","templated":true}]}}