{"id":20555,"date":"2023-02-19T11:37:02","date_gmt":"2023-02-19T14:37:02","guid":{"rendered":"https:\/\/elfederalmendoza.com\/?p=20555"},"modified":"2023-02-19T11:37:03","modified_gmt":"2023-02-19T14:37:03","slug":"vendimia-2023-enanitos-verdes-cerro-la-fiesta-de-ciudad-de-mendoza-ante-15-000-personas","status":"publish","type":"post","link":"https:\/\/elfederalmendoza.com.ar\/index.php\/2023\/02\/19\/vendimia-2023-enanitos-verdes-cerro-la-fiesta-de-ciudad-de-mendoza-ante-15-000-personas\/","title":{"rendered":"Vendimia 2023: Enanitos Verdes cerr\u00f3 la fiesta de Ciudad de Mendoza ante 15.000 personas"},"content":{"rendered":"\n<p>M\u00e1s de 15.000 personas se reunieron para disfrutar la\u00a0<strong>Fiesta de la Vendimia de la Ciudad de Mendoza.<\/strong>\u00a0El espect\u00e1culo denominado Con vino, con vos coron\u00f3 a Noelia Volpe (representante del Club Sportivo Independiente Rivadavia) como reina y Lara Iacopini (por la C\u00e1mara Empresaria, Comercio, Industria, Turismo y Servicios) como virreina de Capital. El cierre de la noche estuvo a cargo de\u00a0<strong>Enanitos Verdes.<\/strong><\/p>\n\n\n\n<p>Despu\u00e9s del show vendimial y la coronaci\u00f3n de las reinas, l<strong>os Enanitos Verdes cerraron a puro hit la velada. En su regreso a los escenarios de Mendoza y el pa\u00eds, la banda mendocina comparti\u00f3 su m\u00fasica ante un p\u00fablico que cant\u00f3 y bail\u00f3<\/strong>&nbsp;al ritmo de las canciones que integraron la propuesta.<\/p>\n\n\n\n<figure class=\"wp-block-image\"><img decoding=\"async\" src=\"https:\/\/media.diariouno.com.ar\/p\/590a8ab5f52715bf101d5479a63a2d68\/adjuntos\/298\/imagenes\/009\/116\/0009116598\/1200x0\/smart\/enanitos-verdes-envendimia-capitaljpg.jpg\" alt=\"Felipe Staiti se puso al frente de Enanitos Verdes para el regreso de la banda a Mendoza tras la muerte de Marciano Cantero.\"\/><\/figure>\n\n\n\n<p>Felipe Staiti se puso al frente de Enanitos Verdes para el regreso de la banda a Mendoza tras la muerte de Marciano Cantero.<\/p>\n\n\n\n<p>Felipe Staiti (voz y guitarra), Guillermo Vadal\u00e1 (bajo), Jos\u00e9 Antonio \u201cJota\u201d Morelli (bater\u00eda), Bosco (teclados), Dami\u00e1n Castroviejo y Arita Rodr\u00edguez (coros), junto con la voz invitada de Exequiel Stocco, del grupo local Pasado Verde, hicieron vibrar a miles de personas en la Fiesta de la Vendimia 2023 de la Ciudad de Mendoza.<\/p>\n\n\n\n<p>Hubo dos momentos destacados en la noche: uno fue el de&nbsp;<strong>Javier Cantero (hijo de Marciano) cuando subi\u00f3 al escenario para interpretar La muralla Verrde y Juan Pablo Staiti (hijo de Felipe) hizo lo propio con Lamento boliviano.<\/strong><\/p>\n\n\n\n<p>\u00abQuiero agradecer por todos estos a\u00f1os, por los a\u00f1os venideros y como siempre dicen,&nbsp;<strong>la \u00fanica muerte real es el olvido.<\/strong>&nbsp;\u00a1Gracias, Mendoza!\u00bb,&nbsp;<strong>expres\u00f3 Felipe Staiti, l\u00edder de los Enanitos Verdes.<\/strong><\/p>\n\n\n\n<p>En el imponente escenario montado en el Parque C\u00edvico&nbsp;<strong>sonaron Guitarra blanca, Esta ma\u00f1ana, Noche cualquiera, Franc\u00e9s lim\u00f3n, La murallaverde, Por el resto y Tu c\u00e1rcel.<\/strong>&nbsp;El show tambi\u00e9n incluy\u00f3&nbsp;<strong>Mi primer d\u00eda sin ti, Cordillera, Amores lejanos, Luz de d\u00eda, Eterna soledad, Lamento boliviano, Mariposas, Extra\u00f1o<\/strong>&nbsp;y la destacada canci\u00f3n compuesta por Staiti a Marciano Cantero luego de su fallecimiento,&nbsp;<strong>Mi fan n\u00famero 1.<\/strong><\/p>\n\n\n\n<figure class=\"wp-block-image\"><img decoding=\"async\" src=\"https:\/\/media.diariouno.com.ar\/p\/3090dcbd8a4078e85edf0d2e6324392d\/adjuntos\/298\/imagenes\/009\/116\/0009116603\/1200x0\/smart\/enanitos-verdes-vendimia-capital-3jpg.jpg\" alt=\"Felipe Staiti, Arita Rodr&iacute;guez, Dami&aacute;n Castroviejo, Jos&eacute; Antonio &ldquo;Jota&rdquo; Morelli, Guillermo Vadal&aacute; y Bosco, la nueva formaci&oacute;n de Enanitos Verdes.\"\/><\/figure>\n\n\n\n<p>Felipe Staiti, Arita Rodr\u00edguez, Dami\u00e1n Castroviejo, Jos\u00e9 Antonio \u201cJota\u201d Morelli, Guillermo Vadal\u00e1 y Bosco, la nueva formaci\u00f3n de Enanitos Verdes.<\/p>\n\n\n\n<p><strong>Cuando interpret\u00f3 la canci\u00f3n dedicada a Cantero, Staiti manifest\u00f3:&nbsp;<\/strong>\u00abQuer\u00eda expresar el sentimiento que ten\u00eda&#8230;que no lo pod\u00eda decir, no sab\u00eda donde estaba parado.&nbsp;<strong>Les quiero mostrar esta canci\u00f3n, con todo el amor, con todo el respeto, por la memoria del Marciano y un fragmento de lo que fue nuestra vida\u00bb.<\/strong><\/p>\n\n\n\n<p>As\u00ed, esta presentaci\u00f3n de los Enanitos Verdes estuvo llena de emoci\u00f3n, en lo que fue un reencuentro \u00fanico con el p\u00fablico de la provincia, a puro hits de la banda.<\/p>\n\n\n\n<h2 class=\"wp-block-heading\">Fiesta de la Vendimia de Capital<\/h2>\n\n\n\n<p>La Ciudad de Mendoza celebr\u00f3 \u201cCon vino, con vos\u201d y ya tiene a sus nuevas soberanas.&nbsp;<strong>En una imponente fiesta y ante la presencia de m\u00e1s de 15.000 mendocinos y visitantes, la Capital Internacional de Vino coron\u00f3 a Liliana Noelia Volpe Suarez como reina,&nbsp;<\/strong>quien represent\u00f3 al Club Sportivo Independiente Rivadavia y a Lara Iacopini como virreina, de la C\u00e1mara Empresaria, Comercio, Industria, Turismo y Servicios.<\/p>\n\n\n\n<p><strong>Las representantes de la Ciudad fueron nuevamente elegidas mediante el sistema de boleta \u00fanica vendimial<\/strong>, con el voto de aquellos sorteados entre los presentes que se dieron cita en el Parque C\u00edvico.<\/p>\n\n\n\n<p><strong>La fenomenal puesta en escena cont\u00f3 con 350 artistas:&nbsp;<\/strong>bailarines del cuerpo estable de la escuela de danza municipal, del Ballet Mayor Folcl\u00f3rico, del Ballet Contempor\u00e1neo y del elenco elegido en el casting, junto con actrices y actores, dieron vida a una nueva fiesta en la Ciudad.<\/p>\n\n\n\n<p>\u201cCon vino, con vos\u201d cont\u00f3 con la direcci\u00f3n general de Laura Fuertes y Federico Ortega.<strong>&nbsp;La celebraci\u00f3n estuvo centrada en el arte de combinar, reflejando el papel fundamental de la Capital Internacional del Vino como escenario de encuentro para compartir nuestra bebida emblema:&nbsp;<\/strong>porque destapar una botella de vino en la Ciudad va m\u00e1s all\u00e1 de todo. Es transportarse a diferentes sitios y lugares del departamento, recorrer su patrimonio y su cultura, y conocer el esp\u00edritu de su gente.<\/p>\n\n\n\n<p>Contando la historia desde su comienzo, la fiesta, tambi\u00e9n, rindi\u00f3 homenaje a todos los hombres y mujeres que hacen patria en las bodegas y que permiten que el vino llegue a la Ciudad, para ser el punto de encuentro y combinar con alguien.<\/p>\n\n\n\n<figure class=\"wp-block-image\"><img decoding=\"async\" src=\"https:\/\/media.diariouno.com.ar\/p\/66440323c1e7a8bc779c71afad63c415\/adjuntos\/298\/imagenes\/009\/116\/0009116600\/1200x0\/smart\/fiesta-la-vendimia-la-ciudad-mendozajpg.jpg\" alt=\"La Vendimia de Capital 2023 tuvo a 350 artistas en escena.\"\/><\/figure>\n\n\n\n<p>La Vendimia de Capital 2023 tuvo a 350 artistas en escena.<\/p>\n\n\n\n<p>Esta magn\u00edfica puesta en escena cont\u00f3 con 12 cuadros, que hablaron de la Capital Internacional del Vino, de los caminos del vino, de la libertad, de la revoluci\u00f3n, de esencias, de milongas, de los visitantes, de las tradiciones, del pasado, de vecinos y vecinas, de alegr\u00eda y de uni\u00f3n.<\/p>\n\n\n\n<p>Entre danzas tradicionales y contempor\u00e1neas fue transcurriendo la entretenida propuesta que tambi\u00e9n cont\u00f3 con m\u00fasica de la orquesta municipal en vivo. Desde el folclore hasta el cuarteto abarc\u00f3 esta variada, colorida e impactante fiesta que tuvo el lujo de recordar al tortugo Jorge con un gigantesco t\u00edtere y una particular cumbia sobre su estad\u00eda en la Ciudad, su v\u00ednculo con los vecinos y su nueva vida en Mar del Plata. Sobre el final, con un escenario repleto de artistas identificados con la capital se hizo homenaje a Marciano Cantero, el recordado l\u00edder de los Enanitos Verdes.<\/p>\n\n\n\n<figure class=\"wp-block-image\"><img decoding=\"async\" src=\"https:\/\/media.diariouno.com.ar\/p\/e9c7729a4cb21ac0e10722ba4fc122d6\/adjuntos\/298\/imagenes\/009\/116\/0009116602\/1200x0\/smart\/reina-la-vendimia-ciudad-mendoza-2023webp.png\" alt=\"\"\/><\/figure>\n\n\n\n<p>Ya listos para el siguiente paso, lleg\u00f3 el momento de la elecci\u00f3n, realizada nuevamente a trav\u00e9s de boleta \u00fanica vendimial, y la posterior la coronaci\u00f3n. As\u00ed, por decisi\u00f3n del p\u00fablico votante, Liliana Noelia Volpe Suarez result\u00f3 electa como la nueva representante de la Ciudad de Mendoza.<\/p>\n","protected":false},"excerpt":{"rendered":"<p>M\u00e1s de 15.000 personas se reunieron para disfrutar la\u00a0Fiesta de la Vendimia de la Ciudad de Mendoza.\u00a0El espect\u00e1culo denominado Con vino, con vos coron\u00f3 a Noelia Volpe (representante del Club Sportivo Independiente Rivadavia) como reina y Lara Iacopini (por la C\u00e1mara Empresaria, Comercio, Industria, Turismo y Servicios) como virreina de Capital. El cierre de la<a class=\"read-more\" href=\"https:\/\/elfederalmendoza.com.ar\/index.php\/2023\/02\/19\/vendimia-2023-enanitos-verdes-cerro-la-fiesta-de-ciudad-de-mendoza-ante-15-000-personas\/\"> [&hellip;]<\/a><\/p>\n","protected":false},"author":2,"featured_media":20556,"comment_status":"open","ping_status":"open","sticky":false,"template":"","format":"standard","meta":{"footnotes":""},"categories":[1],"tags":[],"class_list":["post-20555","post","type-post","status-publish","format-standard","has-post-thumbnail","hentry","category-mza"],"rttpg_featured_image_url":{"full":["https:\/\/elfederalmendoza.com.ar\/wp-content\/uploads\/2023\/02\/enanitos.jpg",1055,649,false],"landscape":["https:\/\/elfederalmendoza.com.ar\/wp-content\/uploads\/2023\/02\/enanitos.jpg",1055,649,false],"portraits":["https:\/\/elfederalmendoza.com.ar\/wp-content\/uploads\/2023\/02\/enanitos.jpg",1055,649,false],"thumbnail":["https:\/\/elfederalmendoza.com.ar\/wp-content\/uploads\/2023\/02\/enanitos-150x150.jpg",150,150,true],"medium":["https:\/\/elfederalmendoza.com.ar\/wp-content\/uploads\/2023\/02\/enanitos-300x185.jpg",300,185,true],"large":["https:\/\/elfederalmendoza.com.ar\/wp-content\/uploads\/2023\/02\/enanitos-1024x630.jpg",640,394,true],"1536x1536":["https:\/\/elfederalmendoza.com.ar\/wp-content\/uploads\/2023\/02\/enanitos.jpg",1055,649,false],"2048x2048":["https:\/\/elfederalmendoza.com.ar\/wp-content\/uploads\/2023\/02\/enanitos.jpg",1055,649,false],"ultp_layout_landscape_large":["https:\/\/elfederalmendoza.com.ar\/wp-content\/uploads\/2023\/02\/enanitos.jpg",1055,649,false],"ultp_layout_landscape":["https:\/\/elfederalmendoza.com.ar\/wp-content\/uploads\/2023\/02\/enanitos-870x570.jpg",870,570,true],"ultp_layout_portrait":["https:\/\/elfederalmendoza.com.ar\/wp-content\/uploads\/2023\/02\/enanitos-600x649.jpg",600,649,true],"ultp_layout_square":["https:\/\/elfederalmendoza.com.ar\/wp-content\/uploads\/2023\/02\/enanitos-600x600.jpg",600,600,true],"rpwe-thumbnail":["https:\/\/elfederalmendoza.com.ar\/wp-content\/uploads\/2023\/02\/enanitos-45x45.jpg",45,45,true],"advps-thumb-one":["https:\/\/elfederalmendoza.com.ar\/wp-content\/uploads\/2023\/02\/enanitos-1055x420.jpg",1055,420,true]},"rttpg_author":{"display_name":"Redacci\u00f3n El Federal","author_link":"https:\/\/elfederalmendoza.com.ar\/index.php\/author\/angelflores\/"},"rttpg_comment":0,"rttpg_category":"<a href=\"https:\/\/elfederalmendoza.com.ar\/index.php\/category\/mza\/\" rel=\"category tag\">Mendoza<\/a>","rttpg_excerpt":"M\u00e1s de 15.000 personas se reunieron para disfrutar la\u00a0Fiesta de la Vendimia de la Ciudad de Mendoza.\u00a0El espect\u00e1culo denominado Con vino, con vos coron\u00f3 a Noelia Volpe (representante del Club Sportivo Independiente Rivadavia) como reina y Lara Iacopini (por la C\u00e1mara Empresaria, Comercio, Industria, Turismo y Servicios) como virreina de Capital. El cierre de la&hellip;","_links":{"self":[{"href":"https:\/\/elfederalmendoza.com.ar\/index.php\/wp-json\/wp\/v2\/posts\/20555","targetHints":{"allow":["GET"]}}],"collection":[{"href":"https:\/\/elfederalmendoza.com.ar\/index.php\/wp-json\/wp\/v2\/posts"}],"about":[{"href":"https:\/\/elfederalmendoza.com.ar\/index.php\/wp-json\/wp\/v2\/types\/post"}],"author":[{"embeddable":true,"href":"https:\/\/elfederalmendoza.com.ar\/index.php\/wp-json\/wp\/v2\/users\/2"}],"replies":[{"embeddable":true,"href":"https:\/\/elfederalmendoza.com.ar\/index.php\/wp-json\/wp\/v2\/comments?post=20555"}],"version-history":[{"count":1,"href":"https:\/\/elfederalmendoza.com.ar\/index.php\/wp-json\/wp\/v2\/posts\/20555\/revisions"}],"predecessor-version":[{"id":20557,"href":"https:\/\/elfederalmendoza.com.ar\/index.php\/wp-json\/wp\/v2\/posts\/20555\/revisions\/20557"}],"wp:featuredmedia":[{"embeddable":true,"href":"https:\/\/elfederalmendoza.com.ar\/index.php\/wp-json\/wp\/v2\/media\/20556"}],"wp:attachment":[{"href":"https:\/\/elfederalmendoza.com.ar\/index.php\/wp-json\/wp\/v2\/media?parent=20555"}],"wp:term":[{"taxonomy":"category","embeddable":true,"href":"https:\/\/elfederalmendoza.com.ar\/index.php\/wp-json\/wp\/v2\/categories?post=20555"},{"taxonomy":"post_tag","embeddable":true,"href":"https:\/\/elfederalmendoza.com.ar\/index.php\/wp-json\/wp\/v2\/tags?post=20555"}],"curies":[{"name":"wp","href":"https:\/\/api.w.org\/{rel}","templated":true}]}}