{"id":20563,"date":"2023-02-19T02:42:00","date_gmt":"2023-02-19T05:42:00","guid":{"rendered":"https:\/\/elfederalmendoza.com\/?p=20563"},"modified":"2023-02-19T12:46:13","modified_gmt":"2023-02-19T15:46:13","slug":"pichetto-sugirio-que-las-lesbianas-no-son-mujeres-y-el-presidente-le-contesto-los-dinosaurios-ya-van-a-desaparecer","status":"publish","type":"post","link":"https:\/\/elfederalmendoza.com.ar\/index.php\/2023\/02\/19\/pichetto-sugirio-que-las-lesbianas-no-son-mujeres-y-el-presidente-le-contesto-los-dinosaurios-ya-van-a-desaparecer\/","title":{"rendered":"Pichetto sugiri\u00f3 que las lesbianas no son mujeres y el Presidente le contest\u00f3: \u201cLos dinosaurios ya van a desaparecer\u201d"},"content":{"rendered":"\n<p><strong>Alberto Fern\u00e1ndez cruz\u00f3 este s\u00e1bado a Miguel \u00c1ngel Pichetto<\/strong>\u00a0tras el exabrupto contra la ministra de las Mujeres, G\u00e9neros y Diversidad,\u00a0<strong>Ayel\u00e9n Mazzina<\/strong>, a quien cuestion\u00f3 en su cargo por ser lesbiana.<\/p>\n\n\n\n<p><strong>A trav\u00e9s de Twitter, el Presidente comparti\u00f3 un mensaje<\/strong>&nbsp;de la ministra respondi\u00e9ndole al auditor general de la Naci\u00f3n y sum\u00f3 sus propias cr\u00edticas<\/p>\n\n\n\n<p>\u00abLas mentes cerradas no admiten la transformaci\u00f3n positiva que ha vivido nuestra sociedad\u00bb, se\u00f1al\u00f3 Alberto Fern\u00e1ndez. Y a\u00f1adi\u00f3: \u00abQueremos m\u00e1s democracia, m\u00e1s derechos y m\u00e1s respeto en la diversidad.<\/p>\n\n\n\n<p>Finalmente, tras felicitarla por su trabajo en el \u00e1rea,&nbsp;<strong>el Presidente concluy\u00f3 con una contundente frase: \u00abLos dinosaurios ya van a desaparecer, dir\u00eda Charly Garc\u00eda\u00bb<\/strong>.<\/p>\n\n\n\n<p>En su publicaci\u00f3n, el jefe de estado cit\u00f3 un tuit realizado por Mazzina, en el que la ministra hab\u00eda respondido a las declaraciones de Pichetto.<\/p>\n\n\n\n<figure class=\"wp-block-embed is-type-rich is-provider-twitter wp-block-embed-twitter\"><div class=\"wp-block-embed__wrapper\">\n<blockquote class=\"twitter-tweet\" data-width=\"550\" data-dnt=\"true\"><p lang=\"es\" dir=\"ltr\">Orgulloso <a href=\"https:\/\/twitter.com\/AyelenMazzina?ref_src=twsrc%5Etfw\">@AyelenMazzina<\/a> del trabajo que est\u00e1s haciendo.<br><br>Las mentes cerradas no admiten la transformaci\u00f3n positiva que ha vivido nuestra sociedad. <br><br>Queremos m\u00e1s democracia, m\u00e1s derechos y m\u00e1s respeto en la diversidad. <br><br>Los dinosaurios ya van a desaparecer, dir\u00eda Charly Garc\u00eda. <a href=\"https:\/\/t.co\/aBXL14btwC\">https:\/\/t.co\/aBXL14btwC<\/a><\/p>&mdash; Alberto Fern\u00e1ndez (@alferdez) <a href=\"https:\/\/twitter.com\/alferdez\/status\/1627011895134748673?ref_src=twsrc%5Etfw\">February 18, 2023<\/a><\/blockquote><script async src=\"https:\/\/platform.twitter.com\/widgets.js\" charset=\"utf-8\"><\/script>\n<\/div><\/figure>\n\n\n\n<p>\u00abSoy mujer, lesbiana, feminista y Ministra de las Mujeres, G\u00e9neros y Diversidad de la Naci\u00f3n y lo invito a Pichetto a hablar de ESI cuando se sienta preparado\u00bb, escribi\u00f3 la ministra a modo de r\u00e9plica.<\/p>\n\n\n\n<p>Luego de la pol\u00e9mica por sus declaraciones, el exsenador public\u00f3 una serie de tuits en los que se\u00f1al\u00f3 que su \u00abintenci\u00f3n fue denunciar que el Ministerio de la Mujer no repudi\u00f3 el asesinato de Lucio Dupuy por coincidir la orientaci\u00f3n sexual de la ministra, con las de las perpetradoras del crimen\u00bb.<\/p>\n","protected":false},"excerpt":{"rendered":"<p>Alberto Fern\u00e1ndez cruz\u00f3 este s\u00e1bado a Miguel \u00c1ngel Pichetto\u00a0tras el exabrupto contra la ministra de las Mujeres, G\u00e9neros y Diversidad,\u00a0Ayel\u00e9n Mazzina, a quien cuestion\u00f3 en su cargo por ser lesbiana. A trav\u00e9s de Twitter, el Presidente comparti\u00f3 un mensaje&nbsp;de la ministra respondi\u00e9ndole al auditor general de la Naci\u00f3n y sum\u00f3 sus propias cr\u00edticas \u00abLas mentes<a class=\"read-more\" href=\"https:\/\/elfederalmendoza.com.ar\/index.php\/2023\/02\/19\/pichetto-sugirio-que-las-lesbianas-no-son-mujeres-y-el-presidente-le-contesto-los-dinosaurios-ya-van-a-desaparecer\/\"> [&hellip;]<\/a><\/p>\n","protected":false},"author":2,"featured_media":20564,"comment_status":"open","ping_status":"open","sticky":false,"template":"","format":"standard","meta":{"footnotes":""},"categories":[5618],"tags":[],"class_list":["post-20563","post","type-post","status-publish","format-standard","has-post-thumbnail","hentry","category-arg"],"rttpg_featured_image_url":{"full":["https:\/\/elfederalmendoza.com.ar\/wp-content\/uploads\/2023\/02\/mazzina.jpg",1000,764,false],"landscape":["https:\/\/elfederalmendoza.com.ar\/wp-content\/uploads\/2023\/02\/mazzina.jpg",1000,764,false],"portraits":["https:\/\/elfederalmendoza.com.ar\/wp-content\/uploads\/2023\/02\/mazzina.jpg",1000,764,false],"thumbnail":["https:\/\/elfederalmendoza.com.ar\/wp-content\/uploads\/2023\/02\/mazzina-150x150.jpg",150,150,true],"medium":["https:\/\/elfederalmendoza.com.ar\/wp-content\/uploads\/2023\/02\/mazzina-300x229.jpg",300,229,true],"large":["https:\/\/elfederalmendoza.com.ar\/wp-content\/uploads\/2023\/02\/mazzina.jpg",640,489,false],"1536x1536":["https:\/\/elfederalmendoza.com.ar\/wp-content\/uploads\/2023\/02\/mazzina.jpg",1000,764,false],"2048x2048":["https:\/\/elfederalmendoza.com.ar\/wp-content\/uploads\/2023\/02\/mazzina.jpg",1000,764,false],"ultp_layout_landscape_large":["https:\/\/elfederalmendoza.com.ar\/wp-content\/uploads\/2023\/02\/mazzina.jpg",1000,764,false],"ultp_layout_landscape":["https:\/\/elfederalmendoza.com.ar\/wp-content\/uploads\/2023\/02\/mazzina-870x570.jpg",870,570,true],"ultp_layout_portrait":["https:\/\/elfederalmendoza.com.ar\/wp-content\/uploads\/2023\/02\/mazzina-600x764.jpg",600,764,true],"ultp_layout_square":["https:\/\/elfederalmendoza.com.ar\/wp-content\/uploads\/2023\/02\/mazzina-600x600.jpg",600,600,true],"rpwe-thumbnail":["https:\/\/elfederalmendoza.com.ar\/wp-content\/uploads\/2023\/02\/mazzina-45x45.jpg",45,45,true],"advps-thumb-one":["https:\/\/elfederalmendoza.com.ar\/wp-content\/uploads\/2023\/02\/mazzina-1000x420.jpg",1000,420,true]},"rttpg_author":{"display_name":"Redacci\u00f3n El Federal","author_link":"https:\/\/elfederalmendoza.com.ar\/index.php\/author\/angelflores\/"},"rttpg_comment":0,"rttpg_category":"<a href=\"https:\/\/elfederalmendoza.com.ar\/index.php\/category\/arg\/\" rel=\"category tag\">Argentina<\/a>","rttpg_excerpt":"Alberto Fern\u00e1ndez cruz\u00f3 este s\u00e1bado a Miguel \u00c1ngel Pichetto\u00a0tras el exabrupto contra la ministra de las Mujeres, G\u00e9neros y Diversidad,\u00a0Ayel\u00e9n Mazzina, a quien cuestion\u00f3 en su cargo por ser lesbiana. A trav\u00e9s de Twitter, el Presidente comparti\u00f3 un mensaje&nbsp;de la ministra respondi\u00e9ndole al auditor general de la Naci\u00f3n y sum\u00f3 sus propias cr\u00edticas \u00abLas mentes&hellip;","_links":{"self":[{"href":"https:\/\/elfederalmendoza.com.ar\/index.php\/wp-json\/wp\/v2\/posts\/20563","targetHints":{"allow":["GET"]}}],"collection":[{"href":"https:\/\/elfederalmendoza.com.ar\/index.php\/wp-json\/wp\/v2\/posts"}],"about":[{"href":"https:\/\/elfederalmendoza.com.ar\/index.php\/wp-json\/wp\/v2\/types\/post"}],"author":[{"embeddable":true,"href":"https:\/\/elfederalmendoza.com.ar\/index.php\/wp-json\/wp\/v2\/users\/2"}],"replies":[{"embeddable":true,"href":"https:\/\/elfederalmendoza.com.ar\/index.php\/wp-json\/wp\/v2\/comments?post=20563"}],"version-history":[{"count":1,"href":"https:\/\/elfederalmendoza.com.ar\/index.php\/wp-json\/wp\/v2\/posts\/20563\/revisions"}],"predecessor-version":[{"id":20565,"href":"https:\/\/elfederalmendoza.com.ar\/index.php\/wp-json\/wp\/v2\/posts\/20563\/revisions\/20565"}],"wp:featuredmedia":[{"embeddable":true,"href":"https:\/\/elfederalmendoza.com.ar\/index.php\/wp-json\/wp\/v2\/media\/20564"}],"wp:attachment":[{"href":"https:\/\/elfederalmendoza.com.ar\/index.php\/wp-json\/wp\/v2\/media?parent=20563"}],"wp:term":[{"taxonomy":"category","embeddable":true,"href":"https:\/\/elfederalmendoza.com.ar\/index.php\/wp-json\/wp\/v2\/categories?post=20563"},{"taxonomy":"post_tag","embeddable":true,"href":"https:\/\/elfederalmendoza.com.ar\/index.php\/wp-json\/wp\/v2\/tags?post=20563"}],"curies":[{"name":"wp","href":"https:\/\/api.w.org\/{rel}","templated":true}]}}