{"id":20648,"date":"2023-02-22T16:54:12","date_gmt":"2023-02-22T19:54:12","guid":{"rendered":"https:\/\/elfederalmendoza.com\/?p=20648"},"modified":"2023-02-22T16:54:14","modified_gmt":"2023-02-22T19:54:14","slug":"el-dolor-de-la-familia-salzmann-pedido-de-justicia-y-mas-seguridad-en-lo-que-nombran-a-guaymallen-como-una-zona-liberada","status":"publish","type":"post","link":"https:\/\/elfederalmendoza.com.ar\/index.php\/2023\/02\/22\/el-dolor-de-la-familia-salzmann-pedido-de-justicia-y-mas-seguridad-en-lo-que-nombran-a-guaymallen-como-una-zona-liberada\/","title":{"rendered":"El dolor de la familia Salzmann: pedido de justicia, y m\u00e1s seguridad en lo que nombran a Guaymall\u00e9n como una \u00abzona liberada\u00bb"},"content":{"rendered":"\n<p>Los casos de\u00a0<strong>inseguridad\u00a0<\/strong>en la provincia son, lamentablemente, moneda corriente\u00a0pero durante el \u00faltimo tiempo\u00a0se percibe mayor violencia contra las v\u00edctimas. Este mi\u00e9rcoles\u00a0por la ma\u00f1ana, la familia de\u00a0<strong>Norberto Mart\u00edn Salzmann<\/strong>\u00a0se congreg\u00f3 en la puerta de la C\u00e1mara de Senadores de la provincia para pedir una pol\u00edtica de\u00a0<strong>Seguridad\u00a0<\/strong>en Mendoza. Tras la muerte del comerciante, su novia relat\u00f3 que vivi\u00f3 otros robos, pero nunca tuvieron un desenlace fatal.<\/p>\n\n\n\n<p>\u00abVinimos porque queremos pedir Justicia, queremos que a estas personas las puedan encontrar. No puede ser, mi hermano ten\u00eda 51 a\u00f1os, hijas, su se\u00f1ora; era una persona totalmente honesta, trabajadora. Estamos todos destrozados, se frenaron nuestras vidas por esto. Hizo todo bien, pagaba sus impuestos, era una persona que se quer\u00eda ir de vacaciones, hab\u00eda comprado unos d\u00f3lares para poder irse y nada m\u00e1s, pero entraron a su casa sabiendo todos sus movimientos\u00bb, dijo Patricia, la hermana de&nbsp;<strong>Norberto Salzmann<\/strong>, quien se encontraba muy conmocionada.<\/p>\n\n\n\n<figure class=\"wp-block-image is-resized\"><img loading=\"lazy\" decoding=\"async\" src=\"https:\/\/content.jwplatform.com\/thumbs\/o1q4PPYj-720.jpg\" alt=\"Loading video\" width=\"937\" height=\"1704\"\/><\/figure>\n\n\n\n<p>El hombre&nbsp;fue&nbsp;asesinado&nbsp;el jueves 16 de febrero por&nbsp;la tarde mientras se encontraba en su domicilio ubicado en calle Mitre y Carril Mathus Hoyos, en Guaymall\u00e9n. Su casa estaba conectada a su negocio, un lubricentro, el cual fue atacado por delincuentes en busca de d\u00f3lares.<\/p>\n\n\n\n<p>Los ladrones ingresaron al local, redujeron a la hija del comerciante y la amenazaron de muerte para que les otorgara la plata que ten\u00edan bajo su poder. Al ver la escena, Salzmann intercedi\u00f3 y comenz\u00f3 a forcejear&nbsp;con los sujetos, pero le dispararon en el pecho y muri\u00f3 minutos m\u00e1s tarde. En ese contexto, los delincuentes abrieron una caja fuerte y se llevaron d\u00f3lares y pesos.<\/p>\n\n\n\n<p>\u00abLo \u00fanico que queremos es justicia\u00bb, dijo la novia de\u00a0<strong>Norberto Salzmann<\/strong>. La mujer indic\u00f3 que era el cuarto robo que viv\u00eda de cerca, pero nunca imagin\u00f3 el desenlace fatal.\u00a0<\/p>\n\n\n\n<p>\u00abMe robaron tres veces a m\u00ed y agradec\u00ed a dios porque no me hicieron nada, la cuarta vez mataron a mi novio. No se puede vivir en este pa\u00eds\u00bb, agreg\u00f3.<\/p>\n\n\n\n<figure class=\"wp-block-image is-resized\"><img loading=\"lazy\" decoding=\"async\" src=\"https:\/\/www.mdzol.com\/u\/fotografias\/m\/2023\/2\/16\/f768x1-1364680_1364807_5050.jpg\" alt=\"\" width=\"960\" height=\"640\"\/><figcaption class=\"wp-element-caption\">EL CRIMEN DE NORBERTO SALZMANN SE PRODUJO EN GUAYMALL\u00c9N.<\/figcaption><\/figure>\n\n\n\n<h2 class=\"wp-block-heading\">Un pedido a los mendocinos<\/h2>\n\n\n\n<p>Graciela, la prima de&nbsp;<strong>Norberto<\/strong>, dialog\u00f3 con los medios de comunicaci\u00f3n presentes y pidi\u00f3 que los mendocinos escuchen su reclamo.&nbsp;<\/p>\n\n\n\n<p>\u00abSiempre lo vemos por los medios de comunicaci\u00f3n y pensamos que a nosotros no nos iba a tocar. Pero nos toc\u00f3, por eso les pedimos ayuda.&nbsp;A todos los que hayan recibido violencia extrema, violaciones, escuchen. Nosotros somos clase media y hoy tenemos miedo de ir a un banco y que nos roben, miedo de tener un celular, de caminar por las calles o que nos roben los autos. \u00a1Decimos basta!\u00bb, puntualiz\u00f3.<\/p>\n\n\n\n<p>Y agreg\u00f3: \u00abNo queremos politizar, pero queremos que haya una pol\u00edtica de&nbsp;<strong>seguridad&nbsp;<\/strong>que sea confiable. Queremos que inviertan en&nbsp;<strong>seguridad<\/strong>, que pongan m\u00e1s c\u00e1maras, no s\u00e9 como se las van a arreglar. Pero no queremos un asesinato m\u00e1s, no queremos que nadie m\u00e1s sufra esto. Ahora nos van a ver en marchas hasta que haya paz en los lugares, queremos una Mendoza distinta\u00bb.<\/p>\n\n\n\n<figure class=\"wp-block-image is-resized\"><img loading=\"lazy\" decoding=\"async\" src=\"https:\/\/www.mdzol.com\/u\/fotografias\/m\/2023\/2\/17\/f768x1-1364933_1365060_2756.jpg\" alt=\"\" width=\"963\" height=\"722\"\/><figcaption class=\"wp-element-caption\">NORBERTO SALZMANN.<\/figcaption><\/figure>\n\n\n\n<h2 class=\"wp-block-heading\">Zona liberada<\/h2>\n\n\n\n<p>Tras el\u00a0<strong>crimen\u00a0<\/strong>de\u00a0<strong>Norberto Mart\u00edn Salzmann<\/strong>, vecinos explicaron a\u00a0que ahora tienen\u00a0<strong>seguridad\u00a0<\/strong>en las calles principales, pero entienden que se trata de una medida temporaria.\u00a0<\/p>\n\n\n\n<p>\u00abHoy hay polic\u00edas en calle Pedro Molina, Mitre y Mathus Hoyos, pero esto lo tenemos por ahora. A m\u00ed hace tres semanas me quisieron robar a media cuadra del negocio de Mart\u00edn y una se\u00f1ora del barrio se cruz\u00f3 y me dijo que tuviera cuidado. El problema en general&nbsp;es la barriada que nos rodea. Somos todos laburantes, tanto Mart\u00edn que lo mataron, como a los jubilados que les robaron\u00bb, dijo Marcela a este diario.<\/p>\n\n\n\n<p>Tan solo dos d\u00edas antes de que se produjera el\u00a0<strong>crimen\u00a0<\/strong>de Salzmann, hubo un violento episodio en la zona contra dos\u00a0jubilados, a quienes\u00a0torturaron, golpearon y\u00a0robaron\u00a0por m\u00e1s de tres horas.\u00a0<\/p>\n\n\n\n<p>\u00abEsto de los polic\u00edas va a durar tres o cuatro semanas y despu\u00e9s es tierra de nadie. Antes viv\u00eda cerca el exministro de&nbsp;<strong>Seguridad&nbsp;<\/strong>de la provincia y ten\u00edamos patrullaje cada cinco minutos, pero hoy llam\u00e1s al 911&nbsp;y te dicen que tienen un solo m\u00f3vil y est\u00e1n demorados. Entonces es una zona liberada\u00bb, detall\u00f3 la mujer.<\/p>\n\n\n\n<p>Pese a la grave necesidad de seguridad que existe en Mendoza, los vecinos de Guaymall\u00e9n piden que \u00abno vayan los pol\u00edticos\u00bb. \u00abNo los queremos ah\u00ed porque van, se sacan una foto, nos usan y sacan r\u00e9dito de una muerte\u00bb.<\/p>\n\n\n\n<figure class=\"wp-block-image is-resized\"><img loading=\"lazy\" decoding=\"async\" src=\"https:\/\/www.mdzol.com\/u\/fotografias\/m\/2023\/2\/16\/f768x1-1364679_1364806_5163.jpg\" alt=\"\" width=\"960\" height=\"640\"\/><figcaption class=\"wp-element-caption\">LA ZONA DONDE SE PRODUJO EL CRIMEN.<\/figcaption><\/figure>\n\n\n\n<p><\/p>\n","protected":false},"excerpt":{"rendered":"<p>Los casos de\u00a0inseguridad\u00a0en la provincia son, lamentablemente, moneda corriente\u00a0pero durante el \u00faltimo tiempo\u00a0se percibe mayor violencia contra las v\u00edctimas. Este mi\u00e9rcoles\u00a0por la ma\u00f1ana, la familia de\u00a0Norberto Mart\u00edn Salzmann\u00a0se congreg\u00f3 en la puerta de la C\u00e1mara de Senadores de la provincia para pedir una pol\u00edtica de\u00a0Seguridad\u00a0en Mendoza. Tras la muerte del comerciante, su novia relat\u00f3 que<a class=\"read-more\" href=\"https:\/\/elfederalmendoza.com.ar\/index.php\/2023\/02\/22\/el-dolor-de-la-familia-salzmann-pedido-de-justicia-y-mas-seguridad-en-lo-que-nombran-a-guaymallen-como-una-zona-liberada\/\"> [&hellip;]<\/a><\/p>\n","protected":false},"author":2,"featured_media":20649,"comment_status":"open","ping_status":"open","sticky":false,"template":"","format":"standard","meta":{"footnotes":""},"categories":[1],"tags":[],"class_list":["post-20648","post","type-post","status-publish","format-standard","has-post-thumbnail","hentry","category-mza"],"rttpg_featured_image_url":{"full":["https:\/\/elfederalmendoza.com.ar\/wp-content\/uploads\/2023\/02\/justicia2.jpg",928,567,false],"landscape":["https:\/\/elfederalmendoza.com.ar\/wp-content\/uploads\/2023\/02\/justicia2.jpg",928,567,false],"portraits":["https:\/\/elfederalmendoza.com.ar\/wp-content\/uploads\/2023\/02\/justicia2.jpg",928,567,false],"thumbnail":["https:\/\/elfederalmendoza.com.ar\/wp-content\/uploads\/2023\/02\/justicia2-150x150.jpg",150,150,true],"medium":["https:\/\/elfederalmendoza.com.ar\/wp-content\/uploads\/2023\/02\/justicia2-300x183.jpg",300,183,true],"large":["https:\/\/elfederalmendoza.com.ar\/wp-content\/uploads\/2023\/02\/justicia2.jpg",640,391,false],"1536x1536":["https:\/\/elfederalmendoza.com.ar\/wp-content\/uploads\/2023\/02\/justicia2.jpg",928,567,false],"2048x2048":["https:\/\/elfederalmendoza.com.ar\/wp-content\/uploads\/2023\/02\/justicia2.jpg",928,567,false],"ultp_layout_landscape_large":["https:\/\/elfederalmendoza.com.ar\/wp-content\/uploads\/2023\/02\/justicia2.jpg",928,567,false],"ultp_layout_landscape":["https:\/\/elfederalmendoza.com.ar\/wp-content\/uploads\/2023\/02\/justicia2-870x567.jpg",870,567,true],"ultp_layout_portrait":["https:\/\/elfederalmendoza.com.ar\/wp-content\/uploads\/2023\/02\/justicia2-600x567.jpg",600,567,true],"ultp_layout_square":["https:\/\/elfederalmendoza.com.ar\/wp-content\/uploads\/2023\/02\/justicia2-600x567.jpg",600,567,true],"rpwe-thumbnail":["https:\/\/elfederalmendoza.com.ar\/wp-content\/uploads\/2023\/02\/justicia2-45x45.jpg",45,45,true],"advps-thumb-one":["https:\/\/elfederalmendoza.com.ar\/wp-content\/uploads\/2023\/02\/justicia2-928x420.jpg",928,420,true]},"rttpg_author":{"display_name":"Redacci\u00f3n El Federal","author_link":"https:\/\/elfederalmendoza.com.ar\/index.php\/author\/angelflores\/"},"rttpg_comment":0,"rttpg_category":"<a href=\"https:\/\/elfederalmendoza.com.ar\/index.php\/category\/mza\/\" rel=\"category tag\">Mendoza<\/a>","rttpg_excerpt":"Los casos de\u00a0inseguridad\u00a0en la provincia son, lamentablemente, moneda corriente\u00a0pero durante el \u00faltimo tiempo\u00a0se percibe mayor violencia contra las v\u00edctimas. Este mi\u00e9rcoles\u00a0por la ma\u00f1ana, la familia de\u00a0Norberto Mart\u00edn Salzmann\u00a0se congreg\u00f3 en la puerta de la C\u00e1mara de Senadores de la provincia para pedir una pol\u00edtica de\u00a0Seguridad\u00a0en Mendoza. Tras la muerte del comerciante, su novia relat\u00f3 que&hellip;","_links":{"self":[{"href":"https:\/\/elfederalmendoza.com.ar\/index.php\/wp-json\/wp\/v2\/posts\/20648","targetHints":{"allow":["GET"]}}],"collection":[{"href":"https:\/\/elfederalmendoza.com.ar\/index.php\/wp-json\/wp\/v2\/posts"}],"about":[{"href":"https:\/\/elfederalmendoza.com.ar\/index.php\/wp-json\/wp\/v2\/types\/post"}],"author":[{"embeddable":true,"href":"https:\/\/elfederalmendoza.com.ar\/index.php\/wp-json\/wp\/v2\/users\/2"}],"replies":[{"embeddable":true,"href":"https:\/\/elfederalmendoza.com.ar\/index.php\/wp-json\/wp\/v2\/comments?post=20648"}],"version-history":[{"count":1,"href":"https:\/\/elfederalmendoza.com.ar\/index.php\/wp-json\/wp\/v2\/posts\/20648\/revisions"}],"predecessor-version":[{"id":20650,"href":"https:\/\/elfederalmendoza.com.ar\/index.php\/wp-json\/wp\/v2\/posts\/20648\/revisions\/20650"}],"wp:featuredmedia":[{"embeddable":true,"href":"https:\/\/elfederalmendoza.com.ar\/index.php\/wp-json\/wp\/v2\/media\/20649"}],"wp:attachment":[{"href":"https:\/\/elfederalmendoza.com.ar\/index.php\/wp-json\/wp\/v2\/media?parent=20648"}],"wp:term":[{"taxonomy":"category","embeddable":true,"href":"https:\/\/elfederalmendoza.com.ar\/index.php\/wp-json\/wp\/v2\/categories?post=20648"},{"taxonomy":"post_tag","embeddable":true,"href":"https:\/\/elfederalmendoza.com.ar\/index.php\/wp-json\/wp\/v2\/tags?post=20648"}],"curies":[{"name":"wp","href":"https:\/\/api.w.org\/{rel}","templated":true}]}}