{"id":20735,"date":"2023-02-24T17:06:32","date_gmt":"2023-02-24T20:06:32","guid":{"rendered":"https:\/\/elfederalmendoza.com\/?p=20735"},"modified":"2023-02-24T17:06:33","modified_gmt":"2023-02-24T20:06:33","slug":"sigue-en-muy-grave-estado-el-chico-de-17-anos-que-choco-de-frente-en-el-acceso-este-y-ruta-50","status":"publish","type":"post","link":"https:\/\/elfederalmendoza.com.ar\/index.php\/2023\/02\/24\/sigue-en-muy-grave-estado-el-chico-de-17-anos-que-choco-de-frente-en-el-acceso-este-y-ruta-50\/","title":{"rendered":"Sigue en muy grave estado el chico de 17 a\u00f1os que choc\u00f3 de frente en el Acceso Este y ruta 50"},"content":{"rendered":"\n<p>Emanuel Alejandro B\u00e1ez, permanece internado en terapia intensiva del Hospital Central. Se cree que era quien manejaba el Chevrolet Corsa de su madre, con el que en la noche del mi\u00e9rcoles fue al cumplea\u00f1os de un amigo. En el accidente, muri\u00f3 Tom\u00e1s Esquivel, tambi\u00e9n de 17 a\u00f1os.<\/p>\n\n\n\n<p>El joven de 17 a\u00f1os que sobrevivi\u00f3 a un tremendo<strong>\u00a0accidente ocurrido en\u00a0Acceso Este y ruta 50, en Maip\u00fa<\/strong>, sigue internado en el Hospital Central en muy grave estado. Est\u00e1 en terapia intensiva e indicaron que tienen un estricto seguimiento sobre \u00e9l y su evoluci\u00f3n.<\/p>\n\n\n\n<p><strong>Emanuel Alejandro B\u00e1ez<\/strong>\u00a0entr\u00f3 al hospital en la madrugada del jueves, luego de chocar de frente con un cami\u00f3n en Maip\u00fa. Iba con su amigo\u00a0<strong>Tom\u00e1s Esquivel, tambi\u00e9n de 17 a\u00f1os<\/strong>, quien muri\u00f3 en el lugar tras el impacto.<\/p>\n\n\n\n<figure class=\"wp-block-image\"><img decoding=\"async\" src=\"https:\/\/media.diariouno.com.ar\/p\/90b1aa580c983a09de5979df7b056142\/adjuntos\/298\/imagenes\/009\/119\/0009119006\/1200x0\/smart\/accidentes-mendoza-tomas-esquiveljpg.jpg\" alt=\"Tom\u00e1s Esquivel, de 17 a\u00f1os, muri\u00f3 en el tr\u00e1gico accidente ocurrido en Acceso Este y ruta 50, de Maip\u00fa.\"\/><figcaption class=\"wp-element-caption\">Tom\u00e1s Esquivel, de 17 a\u00f1os, muri\u00f3 en el tr\u00e1gico accidente ocurrido en Acceso Este y ruta 50, de Maip\u00fa.<\/figcaption><\/figure>\n\n\n\n<p>Los m\u00e9dicos del Central reiteraron que el estado de B\u00e1ez es muy grave por las heridas que sufri\u00f3 especialmente en su<strong>&nbsp;pecho y abdomen, lo que hace que est\u00e9 inestable<\/strong>. Permanece intubado en terapia intensiva y su pron\u00f3stico es reservado.<\/p>\n\n\n\n<p>Adem\u00e1s,<strong>&nbsp;pidieron 10 dadores de sangre de cualquier tipo y factor<\/strong>&nbsp;para el joven de 17 a\u00f1os. Quienes deseen hacerlo deben presentarse en el servicio de Hemoterapia del nosocomio a primeras horas de la ma\u00f1ana.<\/p>\n\n\n\n<p>Su madre y familiares permanecen en el hospital para estar al tanto de todas las novedades que les dicen los m\u00e9dicos, ya que el paso de las horas es fundamental para analizar<strong>&nbsp;la evoluci\u00f3n del joven.<\/strong><\/p>\n\n\n\n<figure class=\"wp-block-image\"><img decoding=\"async\" src=\"https:\/\/media.diariouno.com.ar\/p\/2f98d7cb010ce5407637dbfa0bbc1e33\/adjuntos\/298\/imagenes\/009\/118\/0009118405\/1200x0\/smart\/accidentes-mendoza-acceso-este-y-ruta-50-guaymallen-3jpg.jpg\" alt=\"As\u00ed qued\u00f3 el Chevrolet Corsa en el que iba Emanuel B\u00e1ez y Tom\u00e1s Esquivel, de 17 a\u00f1os, por el Acceso Este y ruta 50.\"\/><figcaption class=\"wp-element-caption\"><p><span style=\"font-size: revert;\">Foto: Mat\u00edas Pascualetti\/ Radio Nihuil <\/span><\/p><\/figcaption><\/figure>\n\n\n\n<h2 class=\"wp-block-heading\">El tr\u00e1gico accidente en el Acceso Este<\/h2>\n\n\n\n<p>Ocurri\u00f3 alrededor de las 3 del jueves, cuando&nbsp;<strong>Emanuel y Tom\u00e1s regresaban de un cumplea\u00f1os de 18 de un amigo<\/strong>. Circulaban en un Chevrolet Corsa por el Acceso Este hacia el Este, cuando cerca del cruce con ruta 50, el conductor p<strong>erdi\u00f3 el control, volc\u00f3, dio varios tumbos por el separador de los carriles y termin\u00f3 en la mano que va hacia el Oeste,&nbsp;<\/strong>donde choc\u00f3 de frente con un viejo cami\u00f3n Mercedes Benz.<\/p>\n\n\n\n<figure class=\"wp-block-image\"><img decoding=\"async\" src=\"https:\/\/media.diariouno.com.ar\/p\/889f1c229c80325401f545bd5d87f762\/adjuntos\/298\/imagenes\/009\/119\/0009119008\/1200x0\/smart\/accidentes-mendoza-emanuel-alejandro-baez-2jpg.jpg\" alt=\"Se cree que Emanuel Baez iba al mando del Chevrolet Corsa.\"\/><figcaption class=\"wp-element-caption\">Se cree que Emanuel Baez iba al mando del Chevrolet Corsa.<\/figcaption><\/figure>\n\n\n\n<p>El auto qued\u00f3 completamente destruido y como consecuencia del impacto,&nbsp;<strong>Tom\u00e1s Esquivel muri\u00f3 en el lugar,<\/strong>&nbsp;seg\u00fan constataron los m\u00e9dicos del Servicio de Emergencia Coordinado que llegaron al lugar.<\/p>\n\n\n\n<p>Con la ayuda de Bomberos sacaron a Esquivel y tambi\u00e9n a B\u00e1ez, quien estaba inconsciente y con heridas de gravedad, y&nbsp;<strong>fue llevado r\u00e1pidamente al Hospital Central.<\/strong><\/p>\n\n\n\n<figure class=\"wp-block-image\"><img decoding=\"async\" src=\"https:\/\/media.diariouno.com.ar\/p\/a9e4ad726ef5effaff2f85fc0f86f22e\/adjuntos\/298\/imagenes\/009\/119\/0009119009\/1200x0\/smart\/accidentes-mendoza-tomas-esquivel-2jpg.jpg\" alt=\"Tom\u00e1s Esquivel ten\u00eda 17 a\u00f1os y era alumno del Colegio Mar\u00eda Auxiliadora de Rodeo del Medio, Maip\u00fa.\"\/><figcaption class=\"wp-element-caption\">Tom\u00e1s Esquivel ten\u00eda 17 a\u00f1os y era alumno del Colegio Mar\u00eda Auxiliadora de Rodeo del Medio, Maip\u00fa.<\/figcaption><\/figure>\n\n\n\n<p>Mientras tanto, el chofer del cami\u00f3n, que viajaba de C\u00f3rdoba hacia la Feria de Guaymall\u00e9n,&nbsp;<strong>result\u00f3 ileso<\/strong>, aunque estaba en shock por lo ocurrido.<\/p>\n","protected":false},"excerpt":{"rendered":"<p>Emanuel Alejandro B\u00e1ez, permanece internado en terapia intensiva del Hospital Central. Se cree que era quien manejaba el Chevrolet Corsa de su madre, con el que en la noche del mi\u00e9rcoles fue al cumplea\u00f1os de un amigo. En el accidente, muri\u00f3 Tom\u00e1s Esquivel, tambi\u00e9n de 17 a\u00f1os. El joven de 17 a\u00f1os que sobrevivi\u00f3 a<a class=\"read-more\" href=\"https:\/\/elfederalmendoza.com.ar\/index.php\/2023\/02\/24\/sigue-en-muy-grave-estado-el-chico-de-17-anos-que-choco-de-frente-en-el-acceso-este-y-ruta-50\/\"> [&hellip;]<\/a><\/p>\n","protected":false},"author":2,"featured_media":20736,"comment_status":"open","ping_status":"open","sticky":false,"template":"","format":"standard","meta":{"footnotes":""},"categories":[1],"tags":[],"class_list":["post-20735","post","type-post","status-publish","format-standard","has-post-thumbnail","hentry","category-mza"],"rttpg_featured_image_url":{"full":["https:\/\/elfederalmendoza.com.ar\/wp-content\/uploads\/2023\/02\/CHOQUE-DE-FRENTE1.jpg",963,541,false],"landscape":["https:\/\/elfederalmendoza.com.ar\/wp-content\/uploads\/2023\/02\/CHOQUE-DE-FRENTE1.jpg",963,541,false],"portraits":["https:\/\/elfederalmendoza.com.ar\/wp-content\/uploads\/2023\/02\/CHOQUE-DE-FRENTE1.jpg",963,541,false],"thumbnail":["https:\/\/elfederalmendoza.com.ar\/wp-content\/uploads\/2023\/02\/CHOQUE-DE-FRENTE1-150x150.jpg",150,150,true],"medium":["https:\/\/elfederalmendoza.com.ar\/wp-content\/uploads\/2023\/02\/CHOQUE-DE-FRENTE1-300x169.jpg",300,169,true],"large":["https:\/\/elfederalmendoza.com.ar\/wp-content\/uploads\/2023\/02\/CHOQUE-DE-FRENTE1.jpg",640,360,false],"1536x1536":["https:\/\/elfederalmendoza.com.ar\/wp-content\/uploads\/2023\/02\/CHOQUE-DE-FRENTE1.jpg",963,541,false],"2048x2048":["https:\/\/elfederalmendoza.com.ar\/wp-content\/uploads\/2023\/02\/CHOQUE-DE-FRENTE1.jpg",963,541,false],"ultp_layout_landscape_large":["https:\/\/elfederalmendoza.com.ar\/wp-content\/uploads\/2023\/02\/CHOQUE-DE-FRENTE1.jpg",963,541,false],"ultp_layout_landscape":["https:\/\/elfederalmendoza.com.ar\/wp-content\/uploads\/2023\/02\/CHOQUE-DE-FRENTE1-870x541.jpg",870,541,true],"ultp_layout_portrait":["https:\/\/elfederalmendoza.com.ar\/wp-content\/uploads\/2023\/02\/CHOQUE-DE-FRENTE1-600x541.jpg",600,541,true],"ultp_layout_square":["https:\/\/elfederalmendoza.com.ar\/wp-content\/uploads\/2023\/02\/CHOQUE-DE-FRENTE1-600x541.jpg",600,541,true],"rpwe-thumbnail":["https:\/\/elfederalmendoza.com.ar\/wp-content\/uploads\/2023\/02\/CHOQUE-DE-FRENTE1-45x45.jpg",45,45,true],"advps-thumb-one":["https:\/\/elfederalmendoza.com.ar\/wp-content\/uploads\/2023\/02\/CHOQUE-DE-FRENTE1-963x420.jpg",963,420,true]},"rttpg_author":{"display_name":"Redacci\u00f3n El Federal","author_link":"https:\/\/elfederalmendoza.com.ar\/index.php\/author\/angelflores\/"},"rttpg_comment":0,"rttpg_category":"<a href=\"https:\/\/elfederalmendoza.com.ar\/index.php\/category\/mza\/\" rel=\"category tag\">Mendoza<\/a>","rttpg_excerpt":"Emanuel Alejandro B\u00e1ez, permanece internado en terapia intensiva del Hospital Central. Se cree que era quien manejaba el Chevrolet Corsa de su madre, con el que en la noche del mi\u00e9rcoles fue al cumplea\u00f1os de un amigo. En el accidente, muri\u00f3 Tom\u00e1s Esquivel, tambi\u00e9n de 17 a\u00f1os. El joven de 17 a\u00f1os que sobrevivi\u00f3 a&hellip;","_links":{"self":[{"href":"https:\/\/elfederalmendoza.com.ar\/index.php\/wp-json\/wp\/v2\/posts\/20735","targetHints":{"allow":["GET"]}}],"collection":[{"href":"https:\/\/elfederalmendoza.com.ar\/index.php\/wp-json\/wp\/v2\/posts"}],"about":[{"href":"https:\/\/elfederalmendoza.com.ar\/index.php\/wp-json\/wp\/v2\/types\/post"}],"author":[{"embeddable":true,"href":"https:\/\/elfederalmendoza.com.ar\/index.php\/wp-json\/wp\/v2\/users\/2"}],"replies":[{"embeddable":true,"href":"https:\/\/elfederalmendoza.com.ar\/index.php\/wp-json\/wp\/v2\/comments?post=20735"}],"version-history":[{"count":1,"href":"https:\/\/elfederalmendoza.com.ar\/index.php\/wp-json\/wp\/v2\/posts\/20735\/revisions"}],"predecessor-version":[{"id":20737,"href":"https:\/\/elfederalmendoza.com.ar\/index.php\/wp-json\/wp\/v2\/posts\/20735\/revisions\/20737"}],"wp:featuredmedia":[{"embeddable":true,"href":"https:\/\/elfederalmendoza.com.ar\/index.php\/wp-json\/wp\/v2\/media\/20736"}],"wp:attachment":[{"href":"https:\/\/elfederalmendoza.com.ar\/index.php\/wp-json\/wp\/v2\/media?parent=20735"}],"wp:term":[{"taxonomy":"category","embeddable":true,"href":"https:\/\/elfederalmendoza.com.ar\/index.php\/wp-json\/wp\/v2\/categories?post=20735"},{"taxonomy":"post_tag","embeddable":true,"href":"https:\/\/elfederalmendoza.com.ar\/index.php\/wp-json\/wp\/v2\/tags?post=20735"}],"curies":[{"name":"wp","href":"https:\/\/api.w.org\/{rel}","templated":true}]}}