{"id":20841,"date":"2023-03-01T11:19:02","date_gmt":"2023-03-01T14:19:02","guid":{"rendered":"https:\/\/elfederalmendoza.com\/?p=20841"},"modified":"2023-03-01T11:19:03","modified_gmt":"2023-03-01T14:19:03","slug":"cerca-de-30-000-mendocinos-podran-jubilarse-con-la-moratoria-previsional-aprobada-en-el-congreso","status":"publish","type":"post","link":"https:\/\/elfederalmendoza.com.ar\/index.php\/2023\/03\/01\/cerca-de-30-000-mendocinos-podran-jubilarse-con-la-moratoria-previsional-aprobada-en-el-congreso\/","title":{"rendered":"Cerca de 30.000 mendocinos podr\u00e1n jubilarse con la moratoria previsional aprobada en el Congreso"},"content":{"rendered":"\n<p>Aunque Juntos por el Cambio primero no dio qu\u00f3rum y luego vot\u00f3 en forma negativa, la Ley de Pago de Deuda Previsional fue aprobada por mayor\u00eda en la C\u00e1mara de Diputados de la Naci\u00f3n. Legisladores mendocinos del Frente de Todos celebraron y los de Juntos por el Cambio lo lamentaron.<\/p>\n\n\n\n<p>Tras alcanzar un ajustado qu\u00f3rum en el recinto, el Frente de Todos logr\u00f3 habilitar una sesi\u00f3n luego de tres meses y al cabo de un tenso debate con la oposici\u00f3n consigui\u00f3 aprobar el proyecto de regularizaci\u00f3n de deudas previsionales que les permitir\u00e1 acceder a la jubilaci\u00f3n a m\u00e1s de 30.000 mendocinos. Con 134 votos afirmativos y 107 negativos, el oficialismo logr\u00f3 la sanci\u00f3n de esta\u00a0<strong>moratoria previsional\u00a0<\/strong>que permitir\u00e1 que cerca de 800.000 personas de todo el pa\u00eds, que no llegan a los 30 a\u00f1os de aportes tengan la posibilidad de jubilarse.<\/p>\n\n\n\n<p>La iniciativa fue presentada por la senadora mendocina del Frente de Todos,&nbsp;<strong>Anabel Fern\u00e1ndez Sagasti&nbsp;<\/strong>y tuvo media sanci\u00f3n en la c\u00e1mara alta el a\u00f1o pasado. Ahora, al ser incorporada a las sesiones extraordinarias de Diputados, corr\u00eda peligro porque Juntos por el Cambio se negaba a participar, disconforme por la insistencia del oficialismo en avanzar con el juicio pol\u00edtico a cuatro miebros de la Corte Suprema de Justicia de la Naci\u00f3n.<\/p>\n\n\n\n<p>Sin embargo el peronismo logr\u00f3 el qu\u00f3rum con la presencia de todos sus legisladores m\u00e1s aliados y los de otros partidos por lo que JxC decid\u00f3 finalmente \u00abbajar\u00bb al recinto y dar el debate.<\/p>\n\n\n\n<p>Ahora se espera conocer la reglamentaci\u00f3n de la ley.<\/p>\n\n\n\n<h2 class=\"wp-block-heading\">Los legisladores mendocinos del Frente de Todos celebraron la sanci\u00f3n de la ley<\/h2>\n\n\n\n<figure class=\"wp-block-image\"><img decoding=\"async\" src=\"https:\/\/media.diariouno.com.ar\/p\/de4afa2af068003d7a156e78353c10e6\/adjuntos\/298\/imagenes\/009\/120\/0009120861\/1200x0\/smart\/votacion-moratoriajpg.jpg\" alt=\"El tablero muestra c&oacute;mo fue la votaci&oacute;n por la moratoria previsional: 134 votos afirmativos y 107 negativos&nbsp;\"\/><\/figure>\n\n\n\n<p>El tablero muestra c\u00f3mo fue la votaci\u00f3n por la moratoria previsional: 134 votos afirmativos y 107 negativos<\/p>\n\n\n\n<p>Los representantes mendocinos del peronismo en el Congreso celebraron que fuera aprobado el proyecto de&nbsp;<strong>Ley de Pago de Deuda Previsional<\/strong>&nbsp;-tal es su nombre correcto.<\/p>\n\n\n\n<p>Autora de la iniciativa, la senadora Anabel Fern\u00e1ndez Sagasti, se\u00f1al\u00f3:&nbsp;<strong>\u00abLa mejor noticia para m\u00e1s de 30 mil mendocinos y mendocinas que van a poder acceder a su jubilaci\u00f3n gracias a esta ley\u00bb.<\/strong><\/p>\n\n\n\n<p>Record\u00f3 adem\u00e1s que<strong>&nbsp;\u00abactualmente 9 de cada 10 mujeres y 7 de cada 10 varones en edad jubilatoria no cuentan con los a\u00f1os de aporte necesarios y el Estado no puede mirar para otro lado.&nbsp;<\/strong>Estamos hablando de la vida de m\u00e1s de 800 mil argentinos y argentinas que hoy cambia para mejor\u00bb.<\/p>\n\n\n\n<p>Tambi\u00e9n se expresaron los diputados&nbsp;<strong>Marisa Uceda, Adolfo Bermejo y Ebere P\u00e9rez Plaza.<\/strong><\/p>\n\n\n\n<p>Uceda, presidenta de la comisi\u00f3n de previsi\u00f3n y seguridad social y ferviente defensora de esta norma, manifest\u00f3: \u00abUn inmenso gracias a j\u00f3venes, jubilados y pensionados que no se cansaron de juntar firmas ni de hablar con sus vecinos y vecinas para convencerlos que este proyecto es superador y que viene a garantizar m\u00e1s y mejores derechos.&nbsp;<strong>\u00a1Para que reine en el pueblo el amor y la igualdad!\u00bb.<\/strong><\/p>\n\n\n\n<p>Y sum\u00f3 un posteo en redes sociales:<\/p>\n\n\n\n<figure class=\"wp-block-image\"><img decoding=\"async\" src=\"https:\/\/media.diariouno.com.ar\/p\/22f942a11c9248f1c8bf14e34158d334\/adjuntos\/298\/imagenes\/009\/120\/0009120867\/1200x0\/smart\/tuit-ucedajpg.jpg\" alt=\"\"\/><\/figure>\n\n\n\n<p>El maipucino Bermejo tambi\u00e9n mostr\u00f3 su alegr\u00eda y se refiri\u00f3 a que el beneficio ser\u00e1 para 40.000 mendocinos, aunque esto hubiese sido as\u00ed si se aprobaba el a\u00f1o pasado. El diputado aludi\u00f3 a la impronta peronista de la ley:<strong>&nbsp;\u00abUna pol\u00edtica de Estado del peronismo llevada adelante desde 2004.&nbsp;<\/strong>Hoy, 800 mil argentinos y argentinas y m\u00e1s de 40 mil en Mendoza esperaban esta sanci\u00f3n definitiva para acceder a su jubilaci\u00f3n.<\/p>\n\n\n\n<p>Eber P\u00e9rez Plaza indic\u00f3 por su parte: \u00abCon enorme alegr\u00eda les comento que es leyt el proyecto de Plan de Pago de Deuda Previsional. Con la aprobaci\u00f3n de este proyecto de ley, m\u00e1s de 800 mil personas que no cuenten con los treinta a\u00f1os de aportes requeridos, podr\u00e1n completarlos en cuotas para acceder a su jubilaci\u00f3n\u00bb.<\/p>\n\n\n\n<h2 class=\"wp-block-heading\">Los legisladores mendocinos de Juntos por el Cambio explicaron las razones de su desacuerdo<\/h2>\n\n\n\n<p>Los radicales Lisandro Nieri y Jimena Latorre se mostraron preocupados por la sanci\u00f3n de esta ley de moratoria previsional.<\/p>\n\n\n\n<p>El ex ministro de Hacienda de la provincia dijo:<strong>&nbsp;\u00abMientras Cristina Kirchne cobra m\u00e1s que 100 jubilados juntos , celebran que se aprob\u00f3 m\u00e1s d\u00e9ficit, m\u00e1s inflaci\u00f3n y la ca\u00edda de las ya m\u00edseras jubilaciones. \u00bfQu\u00e9 festejan?\u00bb.<\/strong><\/p>\n\n\n\n<p>Latorre ironiz\u00f3 sobre los festejos \u00aborgullosos \u00bb de los peronistas: \u00abOrgullosos de multiplicar la pobreza Una moratoria para quienes no completaron aportes; discursos K plagados de ejemplos de trabajadores informales&#8230; y los balcones llenos de sindicalistas.&nbsp;<strong>Esos que est\u00e1n mudos mientras la inflaci\u00f3n lic\u00faa salarios y jubilaciones\u00bb.<\/strong><\/p>\n","protected":false},"excerpt":{"rendered":"<p>Aunque Juntos por el Cambio primero no dio qu\u00f3rum y luego vot\u00f3 en forma negativa, la Ley de Pago de Deuda Previsional fue aprobada por mayor\u00eda en la C\u00e1mara de Diputados de la Naci\u00f3n. Legisladores mendocinos del Frente de Todos celebraron y los de Juntos por el Cambio lo lamentaron. Tras alcanzar un ajustado qu\u00f3rum<a class=\"read-more\" href=\"https:\/\/elfederalmendoza.com.ar\/index.php\/2023\/03\/01\/cerca-de-30-000-mendocinos-podran-jubilarse-con-la-moratoria-previsional-aprobada-en-el-congreso\/\"> [&hellip;]<\/a><\/p>\n","protected":false},"author":2,"featured_media":20842,"comment_status":"open","ping_status":"open","sticky":false,"template":"","format":"standard","meta":{"footnotes":""},"categories":[1],"tags":[],"class_list":["post-20841","post","type-post","status-publish","format-standard","has-post-thumbnail","hentry","category-mza"],"rttpg_featured_image_url":{"full":["https:\/\/elfederalmendoza.com.ar\/wp-content\/uploads\/2023\/03\/jubilados-mendoza.jpeg",1200,675,false],"landscape":["https:\/\/elfederalmendoza.com.ar\/wp-content\/uploads\/2023\/03\/jubilados-mendoza.jpeg",1200,675,false],"portraits":["https:\/\/elfederalmendoza.com.ar\/wp-content\/uploads\/2023\/03\/jubilados-mendoza.jpeg",1200,675,false],"thumbnail":["https:\/\/elfederalmendoza.com.ar\/wp-content\/uploads\/2023\/03\/jubilados-mendoza-150x150.jpeg",150,150,true],"medium":["https:\/\/elfederalmendoza.com.ar\/wp-content\/uploads\/2023\/03\/jubilados-mendoza-300x169.jpeg",300,169,true],"large":["https:\/\/elfederalmendoza.com.ar\/wp-content\/uploads\/2023\/03\/jubilados-mendoza-1024x576.jpeg",640,360,true],"1536x1536":["https:\/\/elfederalmendoza.com.ar\/wp-content\/uploads\/2023\/03\/jubilados-mendoza.jpeg",1200,675,false],"2048x2048":["https:\/\/elfederalmendoza.com.ar\/wp-content\/uploads\/2023\/03\/jubilados-mendoza.jpeg",1200,675,false],"ultp_layout_landscape_large":["https:\/\/elfederalmendoza.com.ar\/wp-content\/uploads\/2023\/03\/jubilados-mendoza.jpeg",1200,675,false],"ultp_layout_landscape":["https:\/\/elfederalmendoza.com.ar\/wp-content\/uploads\/2023\/03\/jubilados-mendoza-870x570.jpeg",870,570,true],"ultp_layout_portrait":["https:\/\/elfederalmendoza.com.ar\/wp-content\/uploads\/2023\/03\/jubilados-mendoza-600x675.jpeg",600,675,true],"ultp_layout_square":["https:\/\/elfederalmendoza.com.ar\/wp-content\/uploads\/2023\/03\/jubilados-mendoza-600x600.jpeg",600,600,true],"rpwe-thumbnail":["https:\/\/elfederalmendoza.com.ar\/wp-content\/uploads\/2023\/03\/jubilados-mendoza-45x45.jpeg",45,45,true],"advps-thumb-one":["https:\/\/elfederalmendoza.com.ar\/wp-content\/uploads\/2023\/03\/jubilados-mendoza-1200x420.jpeg",1200,420,true]},"rttpg_author":{"display_name":"Redacci\u00f3n El Federal","author_link":"https:\/\/elfederalmendoza.com.ar\/index.php\/author\/angelflores\/"},"rttpg_comment":0,"rttpg_category":"<a href=\"https:\/\/elfederalmendoza.com.ar\/index.php\/category\/mza\/\" rel=\"category tag\">Mendoza<\/a>","rttpg_excerpt":"Aunque Juntos por el Cambio primero no dio qu\u00f3rum y luego vot\u00f3 en forma negativa, la Ley de Pago de Deuda Previsional fue aprobada por mayor\u00eda en la C\u00e1mara de Diputados de la Naci\u00f3n. Legisladores mendocinos del Frente de Todos celebraron y los de Juntos por el Cambio lo lamentaron. Tras alcanzar un ajustado qu\u00f3rum&hellip;","_links":{"self":[{"href":"https:\/\/elfederalmendoza.com.ar\/index.php\/wp-json\/wp\/v2\/posts\/20841","targetHints":{"allow":["GET"]}}],"collection":[{"href":"https:\/\/elfederalmendoza.com.ar\/index.php\/wp-json\/wp\/v2\/posts"}],"about":[{"href":"https:\/\/elfederalmendoza.com.ar\/index.php\/wp-json\/wp\/v2\/types\/post"}],"author":[{"embeddable":true,"href":"https:\/\/elfederalmendoza.com.ar\/index.php\/wp-json\/wp\/v2\/users\/2"}],"replies":[{"embeddable":true,"href":"https:\/\/elfederalmendoza.com.ar\/index.php\/wp-json\/wp\/v2\/comments?post=20841"}],"version-history":[{"count":1,"href":"https:\/\/elfederalmendoza.com.ar\/index.php\/wp-json\/wp\/v2\/posts\/20841\/revisions"}],"predecessor-version":[{"id":20843,"href":"https:\/\/elfederalmendoza.com.ar\/index.php\/wp-json\/wp\/v2\/posts\/20841\/revisions\/20843"}],"wp:featuredmedia":[{"embeddable":true,"href":"https:\/\/elfederalmendoza.com.ar\/index.php\/wp-json\/wp\/v2\/media\/20842"}],"wp:attachment":[{"href":"https:\/\/elfederalmendoza.com.ar\/index.php\/wp-json\/wp\/v2\/media?parent=20841"}],"wp:term":[{"taxonomy":"category","embeddable":true,"href":"https:\/\/elfederalmendoza.com.ar\/index.php\/wp-json\/wp\/v2\/categories?post=20841"},{"taxonomy":"post_tag","embeddable":true,"href":"https:\/\/elfederalmendoza.com.ar\/index.php\/wp-json\/wp\/v2\/tags?post=20841"}],"curies":[{"name":"wp","href":"https:\/\/api.w.org\/{rel}","templated":true}]}}