{"id":20844,"date":"2023-03-01T11:35:11","date_gmt":"2023-03-01T14:35:11","guid":{"rendered":"https:\/\/elfederalmendoza.com\/?p=20844"},"modified":"2023-03-01T11:35:12","modified_gmt":"2023-03-01T14:35:12","slug":"una-pelea-entre-vecinos-y-con-cuchillo-termino-con-una-mujer-herida-en-guaymallen","status":"publish","type":"post","link":"https:\/\/elfederalmendoza.com.ar\/index.php\/2023\/03\/01\/una-pelea-entre-vecinos-y-con-cuchillo-termino-con-una-mujer-herida-en-guaymallen\/","title":{"rendered":"Una pelea entre vecinos y con cuchillo termin\u00f3 con una mujer herida en Guaymall\u00e9n"},"content":{"rendered":"\n<p><strong>Una pelea entre\u00a0vecinos\u00a0termin\u00f3 este lunes con una mujer hospitalizada por una herida que sufri\u00f3 en la cabeza.<\/strong>\u00a0La discusi\u00f3n ocurri\u00f3 en un barrio de Guaymall\u00e9n y la v\u00edctima hab\u00eda salido a comprar <strong>cuando otra mujer y su marido comenzaron a agredirla y se inici\u00f3 una ri\u00f1a<\/strong>. Los agresores la atacaron con un cuchillo y le provocaron un corte en el cuero cabelludo.<\/p>\n\n\n\n<p>El hecho sucedi\u00f3 en horas de la tarde en el\u00a0<strong>asentamiento BAP (Buenos Aires al Pac\u00edfico), el cual est\u00e1 ubicado sobre la calle Torrontegui de Rodeo de la Cruz.<\/strong><\/p>\n\n\n\n<p><strong>Hab\u00edan pasado unos minutos despu\u00e9s de las 14 cuando&nbsp;Alejandra Ana L\u00f3pez, de 48 a\u00f1os,&nbsp;se encontraba en su casa ubicada en dicha barriada<\/strong>. En ese momento sali\u00f3 porque ten\u00eda que comprar unas cosas en un almac\u00e9n y comenz\u00f3 a caminar por el interior del barrio.<\/p>\n\n\n\n<p>En ese instante apareci\u00f3 otra mujer, a la cual identificaron como&nbsp;<strong>Johana<\/strong>, y se acerc\u00f3. Esta \u00faltima estaba con su marido, de nombre&nbsp;<strong>Alejandro<\/strong>, y entre ambos comenzaron a<strong>&nbsp;agredirla verbalmente<\/strong>. Luego de los insultos comenz\u00f3 la pelea.<\/p>\n\n\n\n<p><strong>Johana ten\u00eda un arma blanca y, tras varios golpes, la cort\u00f3 en el cuero cabelludo<\/strong>&nbsp;y luego escap\u00f3 junto con su pareja. Al parecer, el conflicto era desde hace tiempo y ahora investigan el m\u00f3vil.<\/p>\n\n\n\n<p>En cuanto a los autores no quedaron detenidos pero s\u00ed identificados. La mujer lesionada fue asistida pero no revisti\u00f3 gravedad. Sin embargo, la trasladaron al Hospital Central para continuar con las curaciones.<\/p>\n\n\n\n<p>La denuncia qued\u00f3 radicada en la&nbsp;<strong>Oficina Fiscal N\u00ba19 de la Comisar\u00eda 35\u00aa de Rodeo de la Cruz.<\/strong><\/p>\n","protected":false},"excerpt":{"rendered":"<p>Una pelea entre\u00a0vecinos\u00a0termin\u00f3 este lunes con una mujer hospitalizada por una herida que sufri\u00f3 en la cabeza.\u00a0La discusi\u00f3n ocurri\u00f3 en un barrio de Guaymall\u00e9n y la v\u00edctima hab\u00eda salido a comprar cuando otra mujer y su marido comenzaron a agredirla y se inici\u00f3 una ri\u00f1a. Los agresores la atacaron con un cuchillo y le provocaron<a class=\"read-more\" href=\"https:\/\/elfederalmendoza.com.ar\/index.php\/2023\/03\/01\/una-pelea-entre-vecinos-y-con-cuchillo-termino-con-una-mujer-herida-en-guaymallen\/\"> [&hellip;]<\/a><\/p>\n","protected":false},"author":2,"featured_media":20845,"comment_status":"open","ping_status":"open","sticky":false,"template":"","format":"standard","meta":{"footnotes":""},"categories":[1],"tags":[],"class_list":["post-20844","post","type-post","status-publish","format-standard","has-post-thumbnail","hentry","category-mza"],"rttpg_featured_image_url":{"full":["https:\/\/elfederalmendoza.com.ar\/wp-content\/uploads\/2023\/03\/pelea-vecinos.jpg",910,610,false],"landscape":["https:\/\/elfederalmendoza.com.ar\/wp-content\/uploads\/2023\/03\/pelea-vecinos.jpg",910,610,false],"portraits":["https:\/\/elfederalmendoza.com.ar\/wp-content\/uploads\/2023\/03\/pelea-vecinos.jpg",910,610,false],"thumbnail":["https:\/\/elfederalmendoza.com.ar\/wp-content\/uploads\/2023\/03\/pelea-vecinos-150x150.jpg",150,150,true],"medium":["https:\/\/elfederalmendoza.com.ar\/wp-content\/uploads\/2023\/03\/pelea-vecinos-300x201.jpg",300,201,true],"large":["https:\/\/elfederalmendoza.com.ar\/wp-content\/uploads\/2023\/03\/pelea-vecinos.jpg",640,429,false],"1536x1536":["https:\/\/elfederalmendoza.com.ar\/wp-content\/uploads\/2023\/03\/pelea-vecinos.jpg",910,610,false],"2048x2048":["https:\/\/elfederalmendoza.com.ar\/wp-content\/uploads\/2023\/03\/pelea-vecinos.jpg",910,610,false],"ultp_layout_landscape_large":["https:\/\/elfederalmendoza.com.ar\/wp-content\/uploads\/2023\/03\/pelea-vecinos.jpg",910,610,false],"ultp_layout_landscape":["https:\/\/elfederalmendoza.com.ar\/wp-content\/uploads\/2023\/03\/pelea-vecinos-870x570.jpg",870,570,true],"ultp_layout_portrait":["https:\/\/elfederalmendoza.com.ar\/wp-content\/uploads\/2023\/03\/pelea-vecinos-600x610.jpg",600,610,true],"ultp_layout_square":["https:\/\/elfederalmendoza.com.ar\/wp-content\/uploads\/2023\/03\/pelea-vecinos-600x600.jpg",600,600,true],"rpwe-thumbnail":["https:\/\/elfederalmendoza.com.ar\/wp-content\/uploads\/2023\/03\/pelea-vecinos-45x45.jpg",45,45,true],"advps-thumb-one":["https:\/\/elfederalmendoza.com.ar\/wp-content\/uploads\/2023\/03\/pelea-vecinos-910x420.jpg",910,420,true]},"rttpg_author":{"display_name":"Redacci\u00f3n El Federal","author_link":"https:\/\/elfederalmendoza.com.ar\/index.php\/author\/angelflores\/"},"rttpg_comment":0,"rttpg_category":"<a href=\"https:\/\/elfederalmendoza.com.ar\/index.php\/category\/mza\/\" rel=\"category tag\">Mendoza<\/a>","rttpg_excerpt":"Una pelea entre\u00a0vecinos\u00a0termin\u00f3 este lunes con una mujer hospitalizada por una herida que sufri\u00f3 en la cabeza.\u00a0La discusi\u00f3n ocurri\u00f3 en un barrio de Guaymall\u00e9n y la v\u00edctima hab\u00eda salido a comprar cuando otra mujer y su marido comenzaron a agredirla y se inici\u00f3 una ri\u00f1a. Los agresores la atacaron con un cuchillo y le provocaron&hellip;","_links":{"self":[{"href":"https:\/\/elfederalmendoza.com.ar\/index.php\/wp-json\/wp\/v2\/posts\/20844","targetHints":{"allow":["GET"]}}],"collection":[{"href":"https:\/\/elfederalmendoza.com.ar\/index.php\/wp-json\/wp\/v2\/posts"}],"about":[{"href":"https:\/\/elfederalmendoza.com.ar\/index.php\/wp-json\/wp\/v2\/types\/post"}],"author":[{"embeddable":true,"href":"https:\/\/elfederalmendoza.com.ar\/index.php\/wp-json\/wp\/v2\/users\/2"}],"replies":[{"embeddable":true,"href":"https:\/\/elfederalmendoza.com.ar\/index.php\/wp-json\/wp\/v2\/comments?post=20844"}],"version-history":[{"count":1,"href":"https:\/\/elfederalmendoza.com.ar\/index.php\/wp-json\/wp\/v2\/posts\/20844\/revisions"}],"predecessor-version":[{"id":20846,"href":"https:\/\/elfederalmendoza.com.ar\/index.php\/wp-json\/wp\/v2\/posts\/20844\/revisions\/20846"}],"wp:featuredmedia":[{"embeddable":true,"href":"https:\/\/elfederalmendoza.com.ar\/index.php\/wp-json\/wp\/v2\/media\/20845"}],"wp:attachment":[{"href":"https:\/\/elfederalmendoza.com.ar\/index.php\/wp-json\/wp\/v2\/media?parent=20844"}],"wp:term":[{"taxonomy":"category","embeddable":true,"href":"https:\/\/elfederalmendoza.com.ar\/index.php\/wp-json\/wp\/v2\/categories?post=20844"},{"taxonomy":"post_tag","embeddable":true,"href":"https:\/\/elfederalmendoza.com.ar\/index.php\/wp-json\/wp\/v2\/tags?post=20844"}],"curies":[{"name":"wp","href":"https:\/\/api.w.org\/{rel}","templated":true}]}}