{"id":20847,"date":"2023-03-01T11:54:20","date_gmt":"2023-03-01T14:54:20","guid":{"rendered":"https:\/\/elfederalmendoza.com\/?p=20847"},"modified":"2023-03-01T11:54:21","modified_gmt":"2023-03-01T14:54:21","slug":"tragico-accidente-un-hombre-murio-al-aplastarlo-un-camion","status":"publish","type":"post","link":"https:\/\/elfederalmendoza.com.ar\/index.php\/2023\/03\/01\/tragico-accidente-un-hombre-murio-al-aplastarlo-un-camion\/","title":{"rendered":"Tr\u00e1gico accidente: un hombre muri\u00f3 al aplastarlo un cami\u00f3n"},"content":{"rendered":"\n<p>El&nbsp;<strong>tr\u00e1gico accidente<\/strong>&nbsp;ocurri\u00f3 en la tarde de este martes en la finca Mantrac ubicada a 11 km. de Ruta 94 en el Manzano Hist\u00f3rico, Tunuy\u00e1n. La v\u00edctima oriunda de Cord\u00f3n del Plata, Tupungato fue identificada como<strong> Rolando Torres de 31 a\u00f1os de edad quien fue aplastada por un cami\u00f3n.<\/strong><\/p>\n\n\n\n<p>Seg\u00fan la informaci\u00f3n suministrada por el Ministerio de Seguridad, un llamado al 911 alerta sobre un masculino lesionado; la v\u00edctima se encontraba trabajando en una finca en el interior de un acoplado de un cami\u00f3n realizando sus labores. En un momento dado; el cami\u00f3n marca Ford Cargo dominio BTH 905 conducido por <strong>Orlando Camaya con domicilio en provincia de La Rioja<\/strong>, se queda sin frenos por lo que a posterior aplasta a la persona contra un tractor, quien sale despedido del acoplado del rodado mayor.<a href=\"https:\/\/www.sitioandino.com.ar\/policiales\/encontraron-muerto-un-veterinario-general-alvear-n5647362\"><\/a><\/p>\n\n\n\n<p>Rolando Torres es trasladado en veh\u00edculo particular y sobre la ruta 94 es interceptado por personal del Servicio Emergencias Coordinado, es examinado en el lugar por el <strong>Dr. Valente Guido<\/strong> quien constata el deceso del masculino. Por directivas el <strong>Dr. Abel Capiz<\/strong> solicita los servicios de cient\u00edfica para que trabajen con el cuerpo sin vida en primera instancia y en segunda instancia se dirija al lugar de los hechos como as\u00ed tambi\u00e9n realice su labor personal de investigaciones.<\/p>\n\n\n\n<p>El hecho fue caratulado<strong> averiguaci\u00f3n homicidio culposo<\/strong>. La oficina fiscal departamental investiga el hecho, mientras el camionero fue trasladado a la Comisar\u00eda 65.<\/p>\n","protected":false},"excerpt":{"rendered":"<p>El&nbsp;tr\u00e1gico accidente&nbsp;ocurri\u00f3 en la tarde de este martes en la finca Mantrac ubicada a 11 km. de Ruta 94 en el Manzano Hist\u00f3rico, Tunuy\u00e1n. La v\u00edctima oriunda de Cord\u00f3n del Plata, Tupungato fue identificada como Rolando Torres de 31 a\u00f1os de edad quien fue aplastada por un cami\u00f3n. Seg\u00fan la informaci\u00f3n suministrada por el Ministerio<a class=\"read-more\" href=\"https:\/\/elfederalmendoza.com.ar\/index.php\/2023\/03\/01\/tragico-accidente-un-hombre-murio-al-aplastarlo-un-camion\/\"> [&hellip;]<\/a><\/p>\n","protected":false},"author":2,"featured_media":20849,"comment_status":"open","ping_status":"open","sticky":false,"template":"","format":"standard","meta":{"footnotes":""},"categories":[1],"tags":[],"class_list":["post-20847","post","type-post","status-publish","format-standard","has-post-thumbnail","hentry","category-mza"],"rttpg_featured_image_url":{"full":["https:\/\/elfederalmendoza.com.ar\/wp-content\/uploads\/2023\/03\/manzano.jpg",1138,649,false],"landscape":["https:\/\/elfederalmendoza.com.ar\/wp-content\/uploads\/2023\/03\/manzano.jpg",1138,649,false],"portraits":["https:\/\/elfederalmendoza.com.ar\/wp-content\/uploads\/2023\/03\/manzano.jpg",1138,649,false],"thumbnail":["https:\/\/elfederalmendoza.com.ar\/wp-content\/uploads\/2023\/03\/manzano-150x150.jpg",150,150,true],"medium":["https:\/\/elfederalmendoza.com.ar\/wp-content\/uploads\/2023\/03\/manzano-300x171.jpg",300,171,true],"large":["https:\/\/elfederalmendoza.com.ar\/wp-content\/uploads\/2023\/03\/manzano-1024x584.jpg",640,365,true],"1536x1536":["https:\/\/elfederalmendoza.com.ar\/wp-content\/uploads\/2023\/03\/manzano.jpg",1138,649,false],"2048x2048":["https:\/\/elfederalmendoza.com.ar\/wp-content\/uploads\/2023\/03\/manzano.jpg",1138,649,false],"ultp_layout_landscape_large":["https:\/\/elfederalmendoza.com.ar\/wp-content\/uploads\/2023\/03\/manzano.jpg",1138,649,false],"ultp_layout_landscape":["https:\/\/elfederalmendoza.com.ar\/wp-content\/uploads\/2023\/03\/manzano-870x570.jpg",870,570,true],"ultp_layout_portrait":["https:\/\/elfederalmendoza.com.ar\/wp-content\/uploads\/2023\/03\/manzano-600x649.jpg",600,649,true],"ultp_layout_square":["https:\/\/elfederalmendoza.com.ar\/wp-content\/uploads\/2023\/03\/manzano-600x600.jpg",600,600,true],"rpwe-thumbnail":["https:\/\/elfederalmendoza.com.ar\/wp-content\/uploads\/2023\/03\/manzano-45x45.jpg",45,45,true],"advps-thumb-one":["https:\/\/elfederalmendoza.com.ar\/wp-content\/uploads\/2023\/03\/manzano-1138x420.jpg",1138,420,true]},"rttpg_author":{"display_name":"Redacci\u00f3n El Federal","author_link":"https:\/\/elfederalmendoza.com.ar\/index.php\/author\/angelflores\/"},"rttpg_comment":0,"rttpg_category":"<a href=\"https:\/\/elfederalmendoza.com.ar\/index.php\/category\/mza\/\" rel=\"category tag\">Mendoza<\/a>","rttpg_excerpt":"El&nbsp;tr\u00e1gico accidente&nbsp;ocurri\u00f3 en la tarde de este martes en la finca Mantrac ubicada a 11 km. de Ruta 94 en el Manzano Hist\u00f3rico, Tunuy\u00e1n. La v\u00edctima oriunda de Cord\u00f3n del Plata, Tupungato fue identificada como Rolando Torres de 31 a\u00f1os de edad quien fue aplastada por un cami\u00f3n. Seg\u00fan la informaci\u00f3n suministrada por el Ministerio&hellip;","_links":{"self":[{"href":"https:\/\/elfederalmendoza.com.ar\/index.php\/wp-json\/wp\/v2\/posts\/20847","targetHints":{"allow":["GET"]}}],"collection":[{"href":"https:\/\/elfederalmendoza.com.ar\/index.php\/wp-json\/wp\/v2\/posts"}],"about":[{"href":"https:\/\/elfederalmendoza.com.ar\/index.php\/wp-json\/wp\/v2\/types\/post"}],"author":[{"embeddable":true,"href":"https:\/\/elfederalmendoza.com.ar\/index.php\/wp-json\/wp\/v2\/users\/2"}],"replies":[{"embeddable":true,"href":"https:\/\/elfederalmendoza.com.ar\/index.php\/wp-json\/wp\/v2\/comments?post=20847"}],"version-history":[{"count":2,"href":"https:\/\/elfederalmendoza.com.ar\/index.php\/wp-json\/wp\/v2\/posts\/20847\/revisions"}],"predecessor-version":[{"id":20850,"href":"https:\/\/elfederalmendoza.com.ar\/index.php\/wp-json\/wp\/v2\/posts\/20847\/revisions\/20850"}],"wp:featuredmedia":[{"embeddable":true,"href":"https:\/\/elfederalmendoza.com.ar\/index.php\/wp-json\/wp\/v2\/media\/20849"}],"wp:attachment":[{"href":"https:\/\/elfederalmendoza.com.ar\/index.php\/wp-json\/wp\/v2\/media?parent=20847"}],"wp:term":[{"taxonomy":"category","embeddable":true,"href":"https:\/\/elfederalmendoza.com.ar\/index.php\/wp-json\/wp\/v2\/categories?post=20847"},{"taxonomy":"post_tag","embeddable":true,"href":"https:\/\/elfederalmendoza.com.ar\/index.php\/wp-json\/wp\/v2\/tags?post=20847"}],"curies":[{"name":"wp","href":"https:\/\/api.w.org\/{rel}","templated":true}]}}