{"id":20853,"date":"2023-03-01T13:05:44","date_gmt":"2023-03-01T16:05:44","guid":{"rendered":"https:\/\/elfederalmendoza.com\/?p=20853"},"modified":"2023-03-01T13:06:23","modified_gmt":"2023-03-01T16:06:23","slug":"acusan-al-kirchnerismo-mendocino-de-no-mostrar-interes-por-la-autorizacion-de-massa-para-importar-vino-llegaron-tarde-con-el-repudio","status":"publish","type":"post","link":"https:\/\/elfederalmendoza.com.ar\/index.php\/2023\/03\/01\/acusan-al-kirchnerismo-mendocino-de-no-mostrar-interes-por-la-autorizacion-de-massa-para-importar-vino-llegaron-tarde-con-el-repudio\/","title":{"rendered":"Acusan al kirchnerismo mendocino de no mostrar inter\u00e9s por la autorizaci\u00f3n de Massa para importar vino: \u00abLlegaron tarde con el repudio\u00bb"},"content":{"rendered":"\n<p>La importaci\u00f3n de vino por parte del Grupo Pe\u00f1aflor, autorizada por el ministro de Econom\u00eda Sergio Massa, sigue dando que hablar y ahora la UCR local present\u00f3 un proyecto avalado por parte del kirchnerismo mendocino al que le reclamaron que \u00ablleg\u00f3 tarde\u00bb con su repudio.<\/p>\n\n\n\n<p>Las legisladoras\u00a0<strong>Mercedes Rus y Natacha Eisenchlas<\/strong>\u00a0hab\u00edan manifestado en su momento su repudio ante la importaci\u00f3n de vino que realiz\u00f3 el Grupo Pe\u00f1aflor, luego de que el ministro de Econom\u00eda de la Naci\u00f3n, Sergio Massa, autorizara la maniobra.\u00a0<\/p>\n\n\n\n<p>Fue por ello que invitaron al resto de los senadores provinciales a sumarse a la iniciativa mediante la\u00a0<strong>presentaci\u00f3n de un proyecto que fue avalado por varios senadores<\/strong>, entre ellos los del partido que responde al kirchnerismo en Mendoza.<\/p>\n\n\n\n<figure class=\"wp-block-embed is-type-rich is-provider-twitter wp-block-embed-twitter\"><div class=\"wp-block-embed__wrapper\">\n<blockquote class=\"twitter-tweet\" data-width=\"550\" data-dnt=\"true\"><p lang=\"es\" dir=\"ltr\">Lo que me lleva a preguntarle \u00bfc\u00f3mo es la cosa?, esto \u00bfes solo un favor que le deben a un amigo?, o \u00bfestamos ante una nueva forma de castigar a los productores mendocinos por el simple hecho de vivir en una provincia que no responde al kirchnerismo?<\/p>&mdash; marimerus (@MercedesRus1) <a href=\"https:\/\/twitter.com\/MercedesRus1\/status\/1626203549876072449?ref_src=twsrc%5Etfw\">February 16, 2023<\/a><\/blockquote><script async src=\"https:\/\/platform.twitter.com\/widgets.js\" charset=\"utf-8\"><\/script>\n<\/div><\/figure>\n\n\n\n<p><strong>Rus consider\u00f3 que \u00abel kirchnerismo mendocino lleg\u00f3 tarde con su repudio\u00bb<\/strong>. De esta manera, la senadora dej\u00f3 en claro que tras la firma de los legisladores en la sesi\u00f3n de este martes al proyecto \u00abdemostraron una vez m\u00e1s la falta de influencia que tienen sobre el Gobierno Nacional para el que trabajan y sobre todo la\u00a0<strong>carencia de inter\u00e9s en decisiones que afectan a la industria vitivin\u00edcola<\/strong>\u00a0en general y a los productores en particular\u00bb.\u00a0<\/p>\n\n\n\n<p>En ese sentido, la legisladora apunt\u00f3 que \u00abtal como vienen haciendo, quienes responden a Alberto Fern\u00e1ndez y a Cristina Fern\u00e1ndez de Kirchner en Mendoza, volvieron a prometer para la tribuna y ante los medios que estaban presentes en la sesi\u00f3n. En p\u00fablico se unieron al repudio de Cambia Mendoza, mientras que en privado se hicieron los distra\u00eddos y avalaron favorecer a un grupo de amigos\u00bb.<\/p>\n\n\n<div class=\"wp-block-image\">\n<figure class=\"aligncenter\"><img decoding=\"async\" src=\"https:\/\/www.mendozapost.com\/files\/image\/462\/462037\/63ff4679c9225_570_380!.jpg?s=71ceeb99d9066ebd946bf84b520bb988&amp;d=1677674110\" alt=\"\"\/><\/figure><\/div>\n\n\n<p><em>Fuente: Mendoza Post<\/em><\/p>\n","protected":false},"excerpt":{"rendered":"<p>La importaci\u00f3n de vino por parte del Grupo Pe\u00f1aflor, autorizada por el ministro de Econom\u00eda Sergio Massa, sigue dando que hablar y ahora la UCR local present\u00f3 un proyecto avalado por parte del kirchnerismo mendocino al que le reclamaron que \u00ablleg\u00f3 tarde\u00bb con su repudio. Las legisladoras\u00a0Mercedes Rus y Natacha Eisenchlas\u00a0hab\u00edan manifestado en su momento<a class=\"read-more\" href=\"https:\/\/elfederalmendoza.com.ar\/index.php\/2023\/03\/01\/acusan-al-kirchnerismo-mendocino-de-no-mostrar-interes-por-la-autorizacion-de-massa-para-importar-vino-llegaron-tarde-con-el-repudio\/\"> [&hellip;]<\/a><\/p>\n","protected":false},"author":2,"featured_media":20854,"comment_status":"open","ping_status":"open","sticky":false,"template":"","format":"standard","meta":{"footnotes":""},"categories":[1],"tags":[],"class_list":["post-20853","post","type-post","status-publish","format-standard","has-post-thumbnail","hentry","category-mza"],"rttpg_featured_image_url":{"full":["https:\/\/elfederalmendoza.com.ar\/wp-content\/uploads\/2023\/03\/vinos_crop1651182192717.jpeg_395089405.webp",1200,800,false],"landscape":["https:\/\/elfederalmendoza.com.ar\/wp-content\/uploads\/2023\/03\/vinos_crop1651182192717.jpeg_395089405.webp",1200,800,false],"portraits":["https:\/\/elfederalmendoza.com.ar\/wp-content\/uploads\/2023\/03\/vinos_crop1651182192717.jpeg_395089405.webp",1200,800,false],"thumbnail":["https:\/\/elfederalmendoza.com.ar\/wp-content\/uploads\/2023\/03\/vinos_crop1651182192717.jpeg_395089405-150x150.webp",150,150,true],"medium":["https:\/\/elfederalmendoza.com.ar\/wp-content\/uploads\/2023\/03\/vinos_crop1651182192717.jpeg_395089405-300x200.webp",300,200,true],"large":["https:\/\/elfederalmendoza.com.ar\/wp-content\/uploads\/2023\/03\/vinos_crop1651182192717.jpeg_395089405-1024x683.webp",640,427,true],"1536x1536":["https:\/\/elfederalmendoza.com.ar\/wp-content\/uploads\/2023\/03\/vinos_crop1651182192717.jpeg_395089405.webp",1200,800,false],"2048x2048":["https:\/\/elfederalmendoza.com.ar\/wp-content\/uploads\/2023\/03\/vinos_crop1651182192717.jpeg_395089405.webp",1200,800,false],"ultp_layout_landscape_large":["https:\/\/elfederalmendoza.com.ar\/wp-content\/uploads\/2023\/03\/vinos_crop1651182192717.jpeg_395089405-1200x800.webp",1200,800,true],"ultp_layout_landscape":["https:\/\/elfederalmendoza.com.ar\/wp-content\/uploads\/2023\/03\/vinos_crop1651182192717.jpeg_395089405-870x570.webp",870,570,true],"ultp_layout_portrait":["https:\/\/elfederalmendoza.com.ar\/wp-content\/uploads\/2023\/03\/vinos_crop1651182192717.jpeg_395089405-600x800.webp",600,800,true],"ultp_layout_square":["https:\/\/elfederalmendoza.com.ar\/wp-content\/uploads\/2023\/03\/vinos_crop1651182192717.jpeg_395089405-600x600.webp",600,600,true],"rpwe-thumbnail":["https:\/\/elfederalmendoza.com.ar\/wp-content\/uploads\/2023\/03\/vinos_crop1651182192717.jpeg_395089405-45x45.webp",45,45,true],"advps-thumb-one":["https:\/\/elfederalmendoza.com.ar\/wp-content\/uploads\/2023\/03\/vinos_crop1651182192717.jpeg_395089405-1200x420.webp",1200,420,true]},"rttpg_author":{"display_name":"Redacci\u00f3n El Federal","author_link":"https:\/\/elfederalmendoza.com.ar\/index.php\/author\/angelflores\/"},"rttpg_comment":0,"rttpg_category":"<a href=\"https:\/\/elfederalmendoza.com.ar\/index.php\/category\/mza\/\" rel=\"category tag\">Mendoza<\/a>","rttpg_excerpt":"La importaci\u00f3n de vino por parte del Grupo Pe\u00f1aflor, autorizada por el ministro de Econom\u00eda Sergio Massa, sigue dando que hablar y ahora la UCR local present\u00f3 un proyecto avalado por parte del kirchnerismo mendocino al que le reclamaron que \u00ablleg\u00f3 tarde\u00bb con su repudio. Las legisladoras\u00a0Mercedes Rus y Natacha Eisenchlas\u00a0hab\u00edan manifestado en su momento&hellip;","_links":{"self":[{"href":"https:\/\/elfederalmendoza.com.ar\/index.php\/wp-json\/wp\/v2\/posts\/20853","targetHints":{"allow":["GET"]}}],"collection":[{"href":"https:\/\/elfederalmendoza.com.ar\/index.php\/wp-json\/wp\/v2\/posts"}],"about":[{"href":"https:\/\/elfederalmendoza.com.ar\/index.php\/wp-json\/wp\/v2\/types\/post"}],"author":[{"embeddable":true,"href":"https:\/\/elfederalmendoza.com.ar\/index.php\/wp-json\/wp\/v2\/users\/2"}],"replies":[{"embeddable":true,"href":"https:\/\/elfederalmendoza.com.ar\/index.php\/wp-json\/wp\/v2\/comments?post=20853"}],"version-history":[{"count":3,"href":"https:\/\/elfederalmendoza.com.ar\/index.php\/wp-json\/wp\/v2\/posts\/20853\/revisions"}],"predecessor-version":[{"id":20857,"href":"https:\/\/elfederalmendoza.com.ar\/index.php\/wp-json\/wp\/v2\/posts\/20853\/revisions\/20857"}],"wp:featuredmedia":[{"embeddable":true,"href":"https:\/\/elfederalmendoza.com.ar\/index.php\/wp-json\/wp\/v2\/media\/20854"}],"wp:attachment":[{"href":"https:\/\/elfederalmendoza.com.ar\/index.php\/wp-json\/wp\/v2\/media?parent=20853"}],"wp:term":[{"taxonomy":"category","embeddable":true,"href":"https:\/\/elfederalmendoza.com.ar\/index.php\/wp-json\/wp\/v2\/categories?post=20853"},{"taxonomy":"post_tag","embeddable":true,"href":"https:\/\/elfederalmendoza.com.ar\/index.php\/wp-json\/wp\/v2\/tags?post=20853"}],"curies":[{"name":"wp","href":"https:\/\/api.w.org\/{rel}","templated":true}]}}