{"id":20868,"date":"2023-03-02T14:11:09","date_gmt":"2023-03-02T17:11:09","guid":{"rendered":"https:\/\/elfederalmendoza.com\/?p=20868"},"modified":"2023-03-02T14:11:13","modified_gmt":"2023-03-02T17:11:13","slug":"tras-el-apagon-desde-la-provincia-denuncian-una-mala-administracion-del-servicio","status":"publish","type":"post","link":"https:\/\/elfederalmendoza.com.ar\/index.php\/2023\/03\/02\/tras-el-apagon-desde-la-provincia-denuncian-una-mala-administracion-del-servicio\/","title":{"rendered":"Tras el apag\u00f3n, desde la provincia denuncian una mala administraci\u00f3n del servicio"},"content":{"rendered":"\n<p>Ayer se produjo un\u00a0apag\u00f3n masivo\u00a0que\u00a0afect\u00f3\u00a0a casi todo el pa\u00eds. Seg\u00fan se inform\u00f3, esto fue provocado por un\u00a0incendio en un campo de la zona de Campana\u00a0que ocasion\u00f3 \u00abvarias fallas en el sistema interconectado\u00bb y, a su vez, hizo que salieran de l\u00ednea diversas\u00a0generadoras de energ\u00eda de todo el pa\u00eds. El secretario de Servicios P\u00fablicos de Mendoza,\u00a0<strong>Natalio Mema<\/strong>,\u00a0en di\u00e1logo con<em>\u00a0MDZ Radio,\u00a0<\/em>sostuvo que hubo una mala administraci\u00f3n del servicio.\u00a0\u00abSi hubiera habido una correcta sincronizaci\u00f3n, nosotros no hubi\u00e9semos sufrido el\u00a0<strong>corte<\/strong>\u00ab, advirti\u00f3.\u00a0\u00a0\u00a0<\/p>\n\n\n\n<p>\u201cA ra\u00edz de un incendio en General Rodr\u00edguez se caen tres l\u00edneas de alta tensi\u00f3n en la provincia de Buenos Aires, cerca de Ezeiza. El mayor inconveniente es que la energ\u00eda que uno genera la tiene que consumir. Por lo tanto, cuando se cae una l\u00ednea, se cae la demanda, porque esa energ\u00eda no llega a los hogares o al consumidor final, por eso se debe bajar la generaci\u00f3n. Por esta raz\u00f3n, por protecci\u00f3n se cae Atucha I y II, y luego Central Puerto porque hay una ca\u00edda del 50% de la demanda. Esta falta de sincronizaci\u00f3n hace que se caiga la l\u00ednea Comahue-Cuyo, por eso es que se vieron afectadas provincias de Tucum\u00e1n, Mendoza,&nbsp; San Juan y C\u00f3rdoba\u201d, explic\u00f3.<\/p>\n\n\n\n<p>En este sentido,&nbsp;<strong>Mema&nbsp;<\/strong>remarc\u00f3 que no hubo una buena sincronizaci\u00f3n en la cantidad de demanda que deb\u00edan bajar y en la generaci\u00f3n de electricidad, por esta raz\u00f3n, se qued\u00f3 sin&nbsp;<strong>luz&nbsp;<\/strong>casi la mitad del pa\u00eds. \u201cSi hubiera habido una correcta sincronizaci\u00f3n, nosotros no hubi\u00e9ramos sufrido el&nbsp;<strong>corte<\/strong>. Era un incendio de pastizales a mil kil\u00f3metros de Mendoza, no estamos consumiendo necesariamente energ\u00eda de Atucha\u201d, expres\u00f3.<\/p>\n\n\n\n<p>Por esa raz\u00f3n, el funcionario explic\u00f3 que tras el&nbsp;<strong>corte<\/strong>, las provincias de San Juan y Mendoza comenzaron a funcionar con generaci\u00f3n propia, a trav\u00e9s de las hidroel\u00e9ctricas. \u201cDesde Cammesa nos autorizaron para comenzar a funcionar con nuestra generaci\u00f3n, por eso el servicio se restableci\u00f3 unas horas antes que en el resto del pa\u00eds, hasta que finalmente nos conectamos al sistema nacional cerca de las 21hs. Entre ambas provincias se arm\u00f3 un sistema com\u00fan\u201d, detall\u00f3.&nbsp;<\/p>\n\n\n\n<p>\u201cCammesa es la que absorbe toda la energ\u00eda en el pa\u00eds. El transportista m\u00e1s importante es Transener. En nuestra zona est\u00e1 Distrocuyo, que es quien nos trae energ\u00eda, y luego las distribuidoras son las que se encargan de llevar energ\u00eda a los usuarios. Es probable que lo sucedido ayer no haya podido preverse, por medidas de seguridad siempre es mejor dejar a la mitad del pa\u00eds sin\u00a0<strong>luz<\/strong>, que tener un problema grave en el sistema\u201d, agreg\u00f3.<\/p>\n\n\n\n<p><em>Fuente: MDZ<\/em><\/p>\n","protected":false},"excerpt":{"rendered":"<p>Ayer se produjo un\u00a0apag\u00f3n masivo\u00a0que\u00a0afect\u00f3\u00a0a casi todo el pa\u00eds. Seg\u00fan se inform\u00f3, esto fue provocado por un\u00a0incendio en un campo de la zona de Campana\u00a0que ocasion\u00f3 \u00abvarias fallas en el sistema interconectado\u00bb y, a su vez, hizo que salieran de l\u00ednea diversas\u00a0generadoras de energ\u00eda de todo el pa\u00eds. El secretario de Servicios P\u00fablicos de Mendoza,\u00a0Natalio<a class=\"read-more\" href=\"https:\/\/elfederalmendoza.com.ar\/index.php\/2023\/03\/02\/tras-el-apagon-desde-la-provincia-denuncian-una-mala-administracion-del-servicio\/\"> [&hellip;]<\/a><\/p>\n","protected":false},"author":2,"featured_media":20877,"comment_status":"open","ping_status":"open","sticky":false,"template":"","format":"standard","meta":{"footnotes":""},"categories":[1],"tags":[],"class_list":["post-20868","post","type-post","status-publish","format-standard","has-post-thumbnail","hentry","category-mza"],"rttpg_featured_image_url":{"full":["https:\/\/elfederalmendoza.com.ar\/wp-content\/uploads\/2023\/03\/DR7VOGEF7JCWXN2NXFLTGFPYOY.webp",980,640,false],"landscape":["https:\/\/elfederalmendoza.com.ar\/wp-content\/uploads\/2023\/03\/DR7VOGEF7JCWXN2NXFLTGFPYOY.webp",980,640,false],"portraits":["https:\/\/elfederalmendoza.com.ar\/wp-content\/uploads\/2023\/03\/DR7VOGEF7JCWXN2NXFLTGFPYOY.webp",980,640,false],"thumbnail":["https:\/\/elfederalmendoza.com.ar\/wp-content\/uploads\/2023\/03\/DR7VOGEF7JCWXN2NXFLTGFPYOY-150x150.webp",150,150,true],"medium":["https:\/\/elfederalmendoza.com.ar\/wp-content\/uploads\/2023\/03\/DR7VOGEF7JCWXN2NXFLTGFPYOY-300x196.webp",300,196,true],"large":["https:\/\/elfederalmendoza.com.ar\/wp-content\/uploads\/2023\/03\/DR7VOGEF7JCWXN2NXFLTGFPYOY.webp",640,418,false],"1536x1536":["https:\/\/elfederalmendoza.com.ar\/wp-content\/uploads\/2023\/03\/DR7VOGEF7JCWXN2NXFLTGFPYOY.webp",980,640,false],"2048x2048":["https:\/\/elfederalmendoza.com.ar\/wp-content\/uploads\/2023\/03\/DR7VOGEF7JCWXN2NXFLTGFPYOY.webp",980,640,false],"ultp_layout_landscape_large":["https:\/\/elfederalmendoza.com.ar\/wp-content\/uploads\/2023\/03\/DR7VOGEF7JCWXN2NXFLTGFPYOY.webp",980,640,false],"ultp_layout_landscape":["https:\/\/elfederalmendoza.com.ar\/wp-content\/uploads\/2023\/03\/DR7VOGEF7JCWXN2NXFLTGFPYOY-870x570.webp",870,570,true],"ultp_layout_portrait":["https:\/\/elfederalmendoza.com.ar\/wp-content\/uploads\/2023\/03\/DR7VOGEF7JCWXN2NXFLTGFPYOY-600x640.webp",600,640,true],"ultp_layout_square":["https:\/\/elfederalmendoza.com.ar\/wp-content\/uploads\/2023\/03\/DR7VOGEF7JCWXN2NXFLTGFPYOY-600x600.webp",600,600,true],"rpwe-thumbnail":["https:\/\/elfederalmendoza.com.ar\/wp-content\/uploads\/2023\/03\/DR7VOGEF7JCWXN2NXFLTGFPYOY-45x45.webp",45,45,true],"advps-thumb-one":["https:\/\/elfederalmendoza.com.ar\/wp-content\/uploads\/2023\/03\/DR7VOGEF7JCWXN2NXFLTGFPYOY-980x420.webp",980,420,true]},"rttpg_author":{"display_name":"Redacci\u00f3n El Federal","author_link":"https:\/\/elfederalmendoza.com.ar\/index.php\/author\/angelflores\/"},"rttpg_comment":0,"rttpg_category":"<a href=\"https:\/\/elfederalmendoza.com.ar\/index.php\/category\/mza\/\" rel=\"category tag\">Mendoza<\/a>","rttpg_excerpt":"Ayer se produjo un\u00a0apag\u00f3n masivo\u00a0que\u00a0afect\u00f3\u00a0a casi todo el pa\u00eds. Seg\u00fan se inform\u00f3, esto fue provocado por un\u00a0incendio en un campo de la zona de Campana\u00a0que ocasion\u00f3 \u00abvarias fallas en el sistema interconectado\u00bb y, a su vez, hizo que salieran de l\u00ednea diversas\u00a0generadoras de energ\u00eda de todo el pa\u00eds. El secretario de Servicios P\u00fablicos de Mendoza,\u00a0Natalio&hellip;","_links":{"self":[{"href":"https:\/\/elfederalmendoza.com.ar\/index.php\/wp-json\/wp\/v2\/posts\/20868","targetHints":{"allow":["GET"]}}],"collection":[{"href":"https:\/\/elfederalmendoza.com.ar\/index.php\/wp-json\/wp\/v2\/posts"}],"about":[{"href":"https:\/\/elfederalmendoza.com.ar\/index.php\/wp-json\/wp\/v2\/types\/post"}],"author":[{"embeddable":true,"href":"https:\/\/elfederalmendoza.com.ar\/index.php\/wp-json\/wp\/v2\/users\/2"}],"replies":[{"embeddable":true,"href":"https:\/\/elfederalmendoza.com.ar\/index.php\/wp-json\/wp\/v2\/comments?post=20868"}],"version-history":[{"count":1,"href":"https:\/\/elfederalmendoza.com.ar\/index.php\/wp-json\/wp\/v2\/posts\/20868\/revisions"}],"predecessor-version":[{"id":20878,"href":"https:\/\/elfederalmendoza.com.ar\/index.php\/wp-json\/wp\/v2\/posts\/20868\/revisions\/20878"}],"wp:featuredmedia":[{"embeddable":true,"href":"https:\/\/elfederalmendoza.com.ar\/index.php\/wp-json\/wp\/v2\/media\/20877"}],"wp:attachment":[{"href":"https:\/\/elfederalmendoza.com.ar\/index.php\/wp-json\/wp\/v2\/media?parent=20868"}],"wp:term":[{"taxonomy":"category","embeddable":true,"href":"https:\/\/elfederalmendoza.com.ar\/index.php\/wp-json\/wp\/v2\/categories?post=20868"},{"taxonomy":"post_tag","embeddable":true,"href":"https:\/\/elfederalmendoza.com.ar\/index.php\/wp-json\/wp\/v2\/tags?post=20868"}],"curies":[{"name":"wp","href":"https:\/\/api.w.org\/{rel}","templated":true}]}}