{"id":20871,"date":"2023-03-02T13:34:03","date_gmt":"2023-03-02T16:34:03","guid":{"rendered":"https:\/\/elfederalmendoza.com\/?p=20871"},"modified":"2023-03-02T14:04:42","modified_gmt":"2023-03-02T17:04:42","slug":"grave-amenaza-contra-un-periodista-y-un-diario-de-mendoza-por-revelar-la-corrupcion-policial-te-vamos-a-matar","status":"publish","type":"post","link":"https:\/\/elfederalmendoza.com.ar\/index.php\/2023\/03\/02\/grave-amenaza-contra-un-periodista-y-un-diario-de-mendoza-por-revelar-la-corrupcion-policial-te-vamos-a-matar\/","title":{"rendered":"Grave amenaza contra un periodista y un diario de Mendoza por revelar la corrupci\u00f3n policial: \u201cTe vamos a matar\u201d"},"content":{"rendered":"\n<p>En las \u00faltimas horas se supo de una grave amenaza a un diario digital de Mendoza, y a su director <strong><a href=\"http:\/\/@CeSanz1\">Christian Sanz<\/a><\/strong>, y a sus fuentes de informaci\u00f3n que revelaron la corrupci\u00f3n policial de la provincia. <strong>Desde la redacci\u00f3n de EL FEDERAL MENDOZA, repudia este grave hecho y nos solidarizamos con el periodista amenazado.<\/strong><\/p>\n\n\n\n<p>El conocido periodista public\u00f3 varias notas sobre diversos hechos que involucran a la fuerza policial, y que hizo que r\u00e1pidamente interviniera la<strong> Inspecci\u00f3n General de Seguridad<\/strong>, que avanz\u00f3 en el armado de puntuales expedientes administrativos.<\/p>\n\n\n\n<p><strong><a href=\"https:\/\/mendozatoday.com.ar\/\">Mendoza Today <\/a><\/strong>reuni\u00f3 a una decena de polic\u00edas, encendi\u00f3 el grabador y escuch\u00f3 lo que ten\u00edan para decir. Aparecen all\u00ed hechos de enorme gravedad,&nbsp;<strong>relacionados con complicidad con el delito, el narcotr\u00e1fico y el crimen organizado. Y otras cuestion<\/strong>es, seg\u00fan relat\u00f3 en la publicaci\u00f3n. <strong><a href=\"https:\/\/mendozatoday.com.ar\/2023\/02\/07\/corrupcion-robos-y-narcotrafico-corrupcion-policial-en-mendoza-en-primera-persona-parte-2\/\">(Ver nota).<\/a><\/strong><\/p>\n\n\n\n<p><strong>Chistian Sanz<\/strong> relata que <em>\u00abEl mensaje lleg\u00f3 a mi tel\u00e9fono celular personal, poco antes de las dos de la madrugada de este jueves: \u201cChe chupa pija. Te dije un mont\u00f3n de veces que la cortes de publicar giladas, deja batir la cana. Hdp.&nbsp;<strong>Ya sabemos qui\u00e9nes son tus informantes. Te los vamos a matar y a vos tambi\u00e9n Gil. Que quer\u00e9s ser el pr\u00f3ximo Jose Luis Cabeza puto<\/strong>\u201d<\/em>.<\/p>\n\n\n\n<p><em>La amenaza, brutal si las hay, tuvo un claro disparador:&nbsp;<strong>las revelaciones que Diario Mendoza Today viene haciendo sobre la&nbsp;<a href=\"https:\/\/mendozatoday.com.ar\/2023\/02\/07\/corrupcion-robos-y-narcotrafico-corrupcion-policial-en-mendoza-en-primera-persona-parte-2\/\">corrupci\u00f3n policial<\/a>.<\/strong>&nbsp;De diversa \u00edndole.<\/em><\/p>\n\n\n\n<p><em>La impunidad es tal, que la persona que envi\u00f3 el mensaje lo hizo sin ocultar el n\u00famero desde donde lo hac\u00eda:&nbsp;<strong>2616 92-8182<\/strong>. Incluso aparece un nombre, un tal&nbsp;<strong>Carlos Tapia<\/strong>. Seguramente ficticio.<\/em><\/p>\n\n\n\n<p><em>El final de la amenaza es m\u00e1s grave a\u00fan:&nbsp;<strong>\u201cYa s\u00e9 d\u00f3nde viv\u00eds. Retractate y limpi\u00e1 los nombres de la brigada que largaste HDP. Vos te lo buscaste puto\u201d.<\/strong><\/em><\/p>\n\n\n\n<p><em>No fui el \u00fanico: algunas de mis hist\u00f3ricas fuentes de informaci\u00f3n de la polic\u00eda&nbsp;<strong>recibieron textos similares.<\/strong>&nbsp;Incluso aquellas que nada tuvieron que ver con las revelaciones de este diario.<\/em><\/p>\n\n\n\n<p><em>\u201cLe comento que a noche cerca de las 2 de la ma\u00f1ana recib\u00ed una amenaza&nbsp;<strong>donde me dicen que sigo pas\u00e1ndole informaci\u00f3n a UD van a matar a mi hija o me van a fabricar una causa para mandarme al penal\u201d<\/strong>, me dijo uno de ellos, en consonancia con tantos otros.<\/em><\/p>\n\n\n\n<p><em>En lo personal, decid\u00ed no responder la amenaza, porque \u00bfqu\u00e9 podr\u00eda decir?&nbsp;<strong>A su vez, hice la denuncia correspondiente ante la fiscal\u00eda de turno. Es la N\u00b0 D-16543\/23.<\/strong><\/em><\/p>\n\n\n\n<p><em>Finalmente, responsabilizo a los funcionarios del Ministerio de Seguridad de Mendoza, ya que, si bien han avanzado contra los uniformados denunciados por m\u00ed en mis notas,&nbsp;<strong>nada han hecho respecto de los jefes m\u00e1ximos. Los que est\u00e1n en la c\u00faspide de la pir\u00e1mide.<\/strong><\/em><\/p>\n\n\n\n<p><em>Esa inacci\u00f3n es la que les permite sentirse impunes a los corruptos y avanzar contra aquellos que desnudamos sus desaguisados. Es casi de manual.&nbsp;<strong>A esta altura, uno sospecha que ya deber\u00edan saberlo<\/strong>.<\/em><\/p>\n\n\n\n<figure class=\"wp-block-image is-resized\"><img loading=\"lazy\" decoding=\"async\" src=\"https:\/\/mendozatoday.com.ar\/wp-content\/uploads\/2023\/03\/Images-37.jpg\" alt=\"\" class=\"wp-image-131457\" width=\"964\" height=\"834\"\/><\/figure>\n","protected":false},"excerpt":{"rendered":"<p>En las \u00faltimas horas se supo de una grave amenaza a un diario digital de Mendoza, y a su director Christian Sanz, y a sus fuentes de informaci\u00f3n que revelaron la corrupci\u00f3n policial de la provincia. Desde la redacci\u00f3n de EL FEDERAL MENDOZA, repudia este grave hecho y nos solidarizamos con el periodista amenazado. El<a class=\"read-more\" href=\"https:\/\/elfederalmendoza.com.ar\/index.php\/2023\/03\/02\/grave-amenaza-contra-un-periodista-y-un-diario-de-mendoza-por-revelar-la-corrupcion-policial-te-vamos-a-matar\/\"> [&hellip;]<\/a><\/p>\n","protected":false},"author":2,"featured_media":20872,"comment_status":"open","ping_status":"open","sticky":false,"template":"","format":"standard","meta":{"footnotes":""},"categories":[1],"tags":[],"class_list":["post-20871","post","type-post","status-publish","format-standard","has-post-thumbnail","hentry","category-mza"],"rttpg_featured_image_url":{"full":["https:\/\/elfederalmendoza.com.ar\/wp-content\/uploads\/2023\/03\/christian-sanz.jpg",843,633,false],"landscape":["https:\/\/elfederalmendoza.com.ar\/wp-content\/uploads\/2023\/03\/christian-sanz.jpg",843,633,false],"portraits":["https:\/\/elfederalmendoza.com.ar\/wp-content\/uploads\/2023\/03\/christian-sanz.jpg",843,633,false],"thumbnail":["https:\/\/elfederalmendoza.com.ar\/wp-content\/uploads\/2023\/03\/christian-sanz-150x150.jpg",150,150,true],"medium":["https:\/\/elfederalmendoza.com.ar\/wp-content\/uploads\/2023\/03\/christian-sanz-300x225.jpg",300,225,true],"large":["https:\/\/elfederalmendoza.com.ar\/wp-content\/uploads\/2023\/03\/christian-sanz.jpg",640,481,false],"1536x1536":["https:\/\/elfederalmendoza.com.ar\/wp-content\/uploads\/2023\/03\/christian-sanz.jpg",843,633,false],"2048x2048":["https:\/\/elfederalmendoza.com.ar\/wp-content\/uploads\/2023\/03\/christian-sanz.jpg",843,633,false],"ultp_layout_landscape_large":["https:\/\/elfederalmendoza.com.ar\/wp-content\/uploads\/2023\/03\/christian-sanz.jpg",843,633,false],"ultp_layout_landscape":["https:\/\/elfederalmendoza.com.ar\/wp-content\/uploads\/2023\/03\/christian-sanz-843x570.jpg",843,570,true],"ultp_layout_portrait":["https:\/\/elfederalmendoza.com.ar\/wp-content\/uploads\/2023\/03\/christian-sanz-600x633.jpg",600,633,true],"ultp_layout_square":["https:\/\/elfederalmendoza.com.ar\/wp-content\/uploads\/2023\/03\/christian-sanz-600x600.jpg",600,600,true],"rpwe-thumbnail":["https:\/\/elfederalmendoza.com.ar\/wp-content\/uploads\/2023\/03\/christian-sanz-45x45.jpg",45,45,true],"advps-thumb-one":["https:\/\/elfederalmendoza.com.ar\/wp-content\/uploads\/2023\/03\/christian-sanz-843x420.jpg",843,420,true]},"rttpg_author":{"display_name":"Redacci\u00f3n El Federal","author_link":"https:\/\/elfederalmendoza.com.ar\/index.php\/author\/angelflores\/"},"rttpg_comment":0,"rttpg_category":"<a href=\"https:\/\/elfederalmendoza.com.ar\/index.php\/category\/mza\/\" rel=\"category tag\">Mendoza<\/a>","rttpg_excerpt":"En las \u00faltimas horas se supo de una grave amenaza a un diario digital de Mendoza, y a su director Christian Sanz, y a sus fuentes de informaci\u00f3n que revelaron la corrupci\u00f3n policial de la provincia. Desde la redacci\u00f3n de EL FEDERAL MENDOZA, repudia este grave hecho y nos solidarizamos con el periodista amenazado. El&hellip;","_links":{"self":[{"href":"https:\/\/elfederalmendoza.com.ar\/index.php\/wp-json\/wp\/v2\/posts\/20871","targetHints":{"allow":["GET"]}}],"collection":[{"href":"https:\/\/elfederalmendoza.com.ar\/index.php\/wp-json\/wp\/v2\/posts"}],"about":[{"href":"https:\/\/elfederalmendoza.com.ar\/index.php\/wp-json\/wp\/v2\/types\/post"}],"author":[{"embeddable":true,"href":"https:\/\/elfederalmendoza.com.ar\/index.php\/wp-json\/wp\/v2\/users\/2"}],"replies":[{"embeddable":true,"href":"https:\/\/elfederalmendoza.com.ar\/index.php\/wp-json\/wp\/v2\/comments?post=20871"}],"version-history":[{"count":3,"href":"https:\/\/elfederalmendoza.com.ar\/index.php\/wp-json\/wp\/v2\/posts\/20871\/revisions"}],"predecessor-version":[{"id":20876,"href":"https:\/\/elfederalmendoza.com.ar\/index.php\/wp-json\/wp\/v2\/posts\/20871\/revisions\/20876"}],"wp:featuredmedia":[{"embeddable":true,"href":"https:\/\/elfederalmendoza.com.ar\/index.php\/wp-json\/wp\/v2\/media\/20872"}],"wp:attachment":[{"href":"https:\/\/elfederalmendoza.com.ar\/index.php\/wp-json\/wp\/v2\/media?parent=20871"}],"wp:term":[{"taxonomy":"category","embeddable":true,"href":"https:\/\/elfederalmendoza.com.ar\/index.php\/wp-json\/wp\/v2\/categories?post=20871"},{"taxonomy":"post_tag","embeddable":true,"href":"https:\/\/elfederalmendoza.com.ar\/index.php\/wp-json\/wp\/v2\/tags?post=20871"}],"curies":[{"name":"wp","href":"https:\/\/api.w.org\/{rel}","templated":true}]}}