{"id":20884,"date":"2023-03-02T09:16:00","date_gmt":"2023-03-02T12:16:00","guid":{"rendered":"https:\/\/elfederalmendoza.com\/?p=20884"},"modified":"2023-03-02T14:49:01","modified_gmt":"2023-03-02T17:49:01","slug":"larreta-hablo-de-la-interna-de-cambia-mendoza-yo-siempre-defiendo-la-unidad","status":"publish","type":"post","link":"https:\/\/elfederalmendoza.com.ar\/index.php\/2023\/03\/02\/larreta-hablo-de-la-interna-de-cambia-mendoza-yo-siempre-defiendo-la-unidad\/","title":{"rendered":"Larreta habl\u00f3 de la interna de Cambia Mendoza: \u00abYo siempre defiendo la unidad\u00bb"},"content":{"rendered":"\n<p>El jefe de gobierno de la Ciudad de Buenos Aires,\u00a0<strong>Horacio Rodr\u00edguez Larreta, est\u00e1 en la provincia de Mendoza<\/strong>\u00a0para disfrutar de las actividades de Vendimia y en una conferencia de prensa dio su opini\u00f3n sobre la interna de Cambia Mendoza y la posibilidad de que Omar De Marchi vaya por afuera del Frente en las\u00a0pr\u00f3ximas PASO.<\/p>\n\n\n\n<p>El mandam\u00e1s porte\u00f1o, uno de los presidenciables del PRO, lleg\u00f3 a la provincia junto al secretario de Asuntos P\u00fablicos de CABA, Waldo Wolff, brind\u00f3 una conferencia de prensa en el Espacio Arizu, en el departamento de Godoy Cruz, donde\u00a0<strong>fue recibido por el intendente Tadeo Garc\u00eda Zalazar<\/strong>.<\/p>\n\n\n\n<p>En contexto de\u00a0elecciones en la provincia\u00a0y tras sus primeras palabras, Rodr\u00edguez Larreta fue consultado por Radio Nihuil sobre la posibilidad de que Omar De Marchi (quien estaba a su lado) se abra de Cambia Mendoza y vaya por afuera en las pr\u00f3ximas elecciones primarias.\u00a0 \u00abYo siempre defiendo la unidad, lo tengo como un principio rector&#8230;despu\u00e9s la dirigencia mendocina tiene que definir eso\u00bb, sentenci\u00f3.<\/p>\n\n\n\n<p>\u00abParte de nuestro desaf\u00edo es recuperar el federalismo,&nbsp; por eso he venido hasta ac\u00e1 a aprender, a escuchar, a entender.&nbsp;<strong>Yo no voy a venir desde Buenos Aires para decir qui\u00e9n tiene que ser candidato<\/strong>, para eso hay gente capacitada en Mendoza\u00bb, a\u00f1adi\u00f3 el jefe de gobierno porte\u00f1o .&nbsp;&nbsp;<\/p>\n\n\n\n<p>En su discurso, Larreta se mostr\u00f3 en \u00abmodo campa\u00f1a\u00bb y remarc\u00f3 que la Argetina tiene que plantearse un modelo de desarrollo y que para eso hay que incentivar a la industria agroalimenticia, a lo que agreg\u00f3: \u00abEso incluye a la vitivinicultura. Mendoza tiene mucho potencial y adem\u00e1s es una de las provincias m\u00e1s lindas para el turismo\u00bb.<\/p>\n\n\n\n<p>El impulso del jefe de gobierno de CABA genera expectativa en Cambia Mendoza, aunque como contamos\u00a0<a href=\"https:\/\/www.mendozapost.com\/politica\/jueves-el-gran-hermano-de-la-politica-que-viene-a-la-vendimia\/\" target=\"_blank\" rel=\"noreferrer noopener\">en la nota de este jueves<\/a>, Omar De Marchi tiene decidido ser candidato a gobernador por fuera del Frente o no ser\u00e1 nada. Ello, a pesar de que la asamblea provincial del PRO que maneja el demarchismo\u00a0<strong>se integr\u00f3 al frente oficialista provincial<\/strong>\u00a0en los siete departamentos que van a elecciones anticipadas PASO el 30 de abril.<\/p>\n\n\n\n<figure class=\"wp-block-embed is-type-rich is-provider-twitter wp-block-embed-twitter\"><div class=\"wp-block-embed__wrapper\">\n<blockquote class=\"twitter-tweet\" data-width=\"550\" data-dnt=\"true\"><p lang=\"es\" dir=\"ltr\">Recibimos en <a href=\"https:\/\/twitter.com\/hashtag\/Arizu?src=hash&amp;ref_src=twsrc%5Etfw\">#Arizu<\/a> a <a href=\"https:\/\/twitter.com\/horaciorlarreta?ref_src=twsrc%5Etfw\">@horaciorlarreta<\/a> Bienvenido a <a href=\"https:\/\/twitter.com\/hashtag\/GodoyCruz?src=hash&amp;ref_src=twsrc%5Etfw\">#GodoyCruz<\/a>! <a href=\"https:\/\/t.co\/A6mfyg2GiP\">pic.twitter.com\/A6mfyg2GiP<\/a><\/p>&mdash; Tadeo Garcia Zalazar (@TadeoGZ) <a href=\"https:\/\/twitter.com\/TadeoGZ\/status\/1631285360746438660?ref_src=twsrc%5Etfw\">March 2, 2023<\/a><\/blockquote><script async src=\"https:\/\/platform.twitter.com\/widgets.js\" charset=\"utf-8\"><\/script>\n<\/div><\/figure>\n\n\n\n<p><em>Fuente: Mendoza Post<\/em><\/p>\n","protected":false},"excerpt":{"rendered":"<p>El jefe de gobierno de la Ciudad de Buenos Aires,\u00a0Horacio Rodr\u00edguez Larreta, est\u00e1 en la provincia de Mendoza\u00a0para disfrutar de las actividades de Vendimia y en una conferencia de prensa dio su opini\u00f3n sobre la interna de Cambia Mendoza y la posibilidad de que Omar De Marchi vaya por afuera del Frente en las\u00a0pr\u00f3ximas PASO.<a class=\"read-more\" href=\"https:\/\/elfederalmendoza.com.ar\/index.php\/2023\/03\/02\/larreta-hablo-de-la-interna-de-cambia-mendoza-yo-siempre-defiendo-la-unidad\/\"> [&hellip;]<\/a><\/p>\n","protected":false},"author":2,"featured_media":20885,"comment_status":"open","ping_status":"open","sticky":false,"template":"","format":"standard","meta":{"footnotes":""},"categories":[1],"tags":[],"class_list":["post-20884","post","type-post","status-publish","format-standard","has-post-thumbnail","hentry","category-mza"],"rttpg_featured_image_url":{"full":["https:\/\/elfederalmendoza.com.ar\/wp-content\/uploads\/2023\/03\/Image-603.jpg",1440,856,false],"landscape":["https:\/\/elfederalmendoza.com.ar\/wp-content\/uploads\/2023\/03\/Image-603.jpg",1440,856,false],"portraits":["https:\/\/elfederalmendoza.com.ar\/wp-content\/uploads\/2023\/03\/Image-603.jpg",1440,856,false],"thumbnail":["https:\/\/elfederalmendoza.com.ar\/wp-content\/uploads\/2023\/03\/Image-603-150x150.jpg",150,150,true],"medium":["https:\/\/elfederalmendoza.com.ar\/wp-content\/uploads\/2023\/03\/Image-603-300x178.jpg",300,178,true],"large":["https:\/\/elfederalmendoza.com.ar\/wp-content\/uploads\/2023\/03\/Image-603-1024x609.jpg",640,381,true],"1536x1536":["https:\/\/elfederalmendoza.com.ar\/wp-content\/uploads\/2023\/03\/Image-603.jpg",1440,856,false],"2048x2048":["https:\/\/elfederalmendoza.com.ar\/wp-content\/uploads\/2023\/03\/Image-603.jpg",1440,856,false],"ultp_layout_landscape_large":["https:\/\/elfederalmendoza.com.ar\/wp-content\/uploads\/2023\/03\/Image-603-1200x800.jpg",1200,800,true],"ultp_layout_landscape":["https:\/\/elfederalmendoza.com.ar\/wp-content\/uploads\/2023\/03\/Image-603-870x570.jpg",870,570,true],"ultp_layout_portrait":["https:\/\/elfederalmendoza.com.ar\/wp-content\/uploads\/2023\/03\/Image-603-600x856.jpg",600,856,true],"ultp_layout_square":["https:\/\/elfederalmendoza.com.ar\/wp-content\/uploads\/2023\/03\/Image-603-600x600.jpg",600,600,true],"rpwe-thumbnail":["https:\/\/elfederalmendoza.com.ar\/wp-content\/uploads\/2023\/03\/Image-603-45x45.jpg",45,45,true],"advps-thumb-one":["https:\/\/elfederalmendoza.com.ar\/wp-content\/uploads\/2023\/03\/Image-603-1200x420.jpg",1200,420,true]},"rttpg_author":{"display_name":"Redacci\u00f3n El Federal","author_link":"https:\/\/elfederalmendoza.com.ar\/index.php\/author\/angelflores\/"},"rttpg_comment":0,"rttpg_category":"<a href=\"https:\/\/elfederalmendoza.com.ar\/index.php\/category\/mza\/\" rel=\"category tag\">Mendoza<\/a>","rttpg_excerpt":"El jefe de gobierno de la Ciudad de Buenos Aires,\u00a0Horacio Rodr\u00edguez Larreta, est\u00e1 en la provincia de Mendoza\u00a0para disfrutar de las actividades de Vendimia y en una conferencia de prensa dio su opini\u00f3n sobre la interna de Cambia Mendoza y la posibilidad de que Omar De Marchi vaya por afuera del Frente en las\u00a0pr\u00f3ximas PASO.&hellip;","_links":{"self":[{"href":"https:\/\/elfederalmendoza.com.ar\/index.php\/wp-json\/wp\/v2\/posts\/20884","targetHints":{"allow":["GET"]}}],"collection":[{"href":"https:\/\/elfederalmendoza.com.ar\/index.php\/wp-json\/wp\/v2\/posts"}],"about":[{"href":"https:\/\/elfederalmendoza.com.ar\/index.php\/wp-json\/wp\/v2\/types\/post"}],"author":[{"embeddable":true,"href":"https:\/\/elfederalmendoza.com.ar\/index.php\/wp-json\/wp\/v2\/users\/2"}],"replies":[{"embeddable":true,"href":"https:\/\/elfederalmendoza.com.ar\/index.php\/wp-json\/wp\/v2\/comments?post=20884"}],"version-history":[{"count":1,"href":"https:\/\/elfederalmendoza.com.ar\/index.php\/wp-json\/wp\/v2\/posts\/20884\/revisions"}],"predecessor-version":[{"id":20886,"href":"https:\/\/elfederalmendoza.com.ar\/index.php\/wp-json\/wp\/v2\/posts\/20884\/revisions\/20886"}],"wp:featuredmedia":[{"embeddable":true,"href":"https:\/\/elfederalmendoza.com.ar\/index.php\/wp-json\/wp\/v2\/media\/20885"}],"wp:attachment":[{"href":"https:\/\/elfederalmendoza.com.ar\/index.php\/wp-json\/wp\/v2\/media?parent=20884"}],"wp:term":[{"taxonomy":"category","embeddable":true,"href":"https:\/\/elfederalmendoza.com.ar\/index.php\/wp-json\/wp\/v2\/categories?post=20884"},{"taxonomy":"post_tag","embeddable":true,"href":"https:\/\/elfederalmendoza.com.ar\/index.php\/wp-json\/wp\/v2\/tags?post=20884"}],"curies":[{"name":"wp","href":"https:\/\/api.w.org\/{rel}","templated":true}]}}