{"id":20888,"date":"2023-03-02T15:19:11","date_gmt":"2023-03-02T18:19:11","guid":{"rendered":"https:\/\/elfederalmendoza.com\/?p=20888"},"modified":"2023-03-02T15:19:12","modified_gmt":"2023-03-02T18:19:12","slug":"los-narcos-han-ganado-admitio-anibal-fernandez-al-hablar-del-ataque-a-balazos-al-supermercado-de-la-familia-de-antonela-roccuzzo","status":"publish","type":"post","link":"https:\/\/elfederalmendoza.com.ar\/index.php\/2023\/03\/02\/los-narcos-han-ganado-admitio-anibal-fernandez-al-hablar-del-ataque-a-balazos-al-supermercado-de-la-familia-de-antonela-roccuzzo\/","title":{"rendered":"\u201cLos narcos han ganado\u201d, admiti\u00f3 An\u00edbal Fern\u00e1ndez al hablar del ataque a balazos al supermercado de la familia de Antonela Roccuzzo"},"content":{"rendered":"\n<p><strong><a href=\"https:\/\/elfederalmendoza.com\/index.php\/2023\/03\/02\/messi-te-estamos-esperando-balearon-un-supermercado-de-la-familia-de-antonela-roccuzzo-en-rosario-y-dejaron-un-mensaje-mafioso\/\">El ataque a balazos contra un supermercado<\/a><\/strong> de la familia de\u00a0<strong>Antonela Roccuzzo<\/strong>\u00a0reabri\u00f3 el debate sobre la ola de<strong>\u00a0violencia narco<\/strong>\u00a0que sacude a la provincia de Santa Fe, con epicentro en Rosario.<\/p>\n\n\n\n<p>Luego del reclamo p\u00fablico del intendente&nbsp;<strong>Pablo Javkin<\/strong>, qui\u00e9n pidi\u00f3 respuestas de funcionarios nacionales, lleg\u00f3 el testimonio de&nbsp;<strong>An\u00edbal Fern\u00e1ndez<\/strong>, quien asegur\u00f3 que vienen trabajando hace un a\u00f1o para revertir una situaci\u00f3n muy dif\u00edcil, pero admiti\u00f3 que \u201c<strong>los narcos han ganado<\/strong>\u201d porque en Rosario esto \u201c<strong>sucede hace 20 a\u00f1os<\/strong>\u201d.<\/p>\n\n\n\n<p>El ministro de Seguridad de la Naci\u00f3n se\u00f1al\u00f3 que lo de hoy fue \u201cun<strong>&nbsp;hecho policial t\u00edpico\u201d&nbsp;<\/strong>de los que se registran en esa regi\u00f3n hace dos d\u00e9cadas\u201d, pero destac\u00f3 que el gobierno nacional est\u00e1 trabajando con todas sus fuerzas para modificar un escenario demasiado complejo: \u201c<strong>Esto tard\u00f3 20 a\u00f1os en instalarse, no se va a desinstalar en 20 minutos&#8230;\u201d.<\/strong><\/p>\n\n\n\n<p>En declaraciones a la prensa que ofreci\u00f3 desde la puerta del Ministerio de Seguridad de la Naci\u00f3n, el funcionario apunt\u00f3: \u201cNosotros entramos con todo lo que tenemos. El a\u00f1o pasado arrancamos para torcer esa realidad y\u00a0<strong>realizamos 2.050 procedimientos en los que hubo 2.077 detenidos<\/strong>. No estamos jugando con esto, estamos trabajando muy fuerte en funci\u00f3n de las investigaciones\u201d.<\/p>\n\n\n\n<figure class=\"wp-block-image size-full is-resized\"><img loading=\"lazy\" decoding=\"async\" src=\"https:\/\/elfederalmendoza.com\/wp-content\/uploads\/2023\/03\/messi-amenazado-1.jpg\" alt=\"\" class=\"wp-image-20889\" width=\"968\" height=\"495\" srcset=\"https:\/\/elfederalmendoza.com.ar\/wp-content\/uploads\/2023\/03\/messi-amenazado-1.jpg 894w, https:\/\/elfederalmendoza.com.ar\/wp-content\/uploads\/2023\/03\/messi-amenazado-1-300x153.jpg 300w, https:\/\/elfederalmendoza.com.ar\/wp-content\/uploads\/2023\/03\/messi-amenazado-1-768x393.jpg 768w\" sizes=\"auto, (max-width: 968px) 100vw, 968px\" \/><\/figure>\n\n\n\n<p>MInutos antes, Fern\u00e1ndez brind\u00f3 una entrevista radial en la que alert\u00f3 que muchos de los detenidos durante el a\u00f1o pasado&nbsp;<strong>\u201cestaban presos\u201d<\/strong>. \u201cDetuvimos a tipos que estando presos, estaban afuera choreando y que fueron detenidos y en alg\u00fan caso abatidos por las fuerzas de seguridad\u201d, detall\u00f3 en di\u00e1logo con&nbsp;<em>Radio 10.<\/em><\/p>\n\n\n\n<p>En cuanto a la metodolog\u00eda que aplica su equipo de trabajo para reducir la violencia en Rosario, Fern\u00e1ndez precis\u00f3 que se analiza el mapa del delito donde se se\u00f1alan los barrios \u201cm\u00e1s calientes\u201d de la ciudad, y conforme a eso se designan \u201c<strong>fajas de empe\u00f1amiento<\/strong>\u2019\u201d. \u201cEste lugar no estaba dentro de estas fajas\u201d, indic\u00f3 el funcionario, en relaci\u00f3n al supermercado atacado durante la madrugada de hoy.<\/p>\n\n\n\n<p>Como consecuencia de la amenaza a Lionel Messi, Fern\u00e1ndez adelant\u00f3 que durante esta semana se redefinir\u00e1n muchas pol\u00edticas. \u201cMuchas cosas que est\u00e1bamos haciendo de una manera y las vamos a trabajar mucho m\u00e1s profundo, m\u00e1s fuerte y con m\u00e1s personal\u201d, precis\u00f3 en declaraciones radiales. Entre esas medidas, Fern\u00e1ndez comunic\u00f3 la decisi\u00f3n de reemplazar al titular que est\u00e1 al frente del grupo de las cuatro fuerzas federales. De esta manera, el comandante Ricardo Daniel Castillo continuar\u00e1 al frente de las tareas en la regi\u00f3n, pero ser\u00e1 reemplazado en su puesto por el comandante mayor\u00a0<strong>Oscar Alfredo Mario<\/strong>, seg\u00fan precisaron fuentes de Gendarmer\u00eda a este medio.<\/p>\n\n\n\n<figure class=\"wp-block-image size-full is-resized\"><img loading=\"lazy\" decoding=\"async\" src=\"https:\/\/elfederalmendoza.com\/wp-content\/uploads\/2023\/03\/supermercado-messi.jpg\" alt=\"\" class=\"wp-image-20890\" width=\"957\" height=\"537\" srcset=\"https:\/\/elfederalmendoza.com.ar\/wp-content\/uploads\/2023\/03\/supermercado-messi.jpg 474w, https:\/\/elfederalmendoza.com.ar\/wp-content\/uploads\/2023\/03\/supermercado-messi-300x168.jpg 300w\" sizes=\"auto, (max-width: 957px) 100vw, 957px\" \/><\/figure>\n\n\n\n<p>En simult\u00e1neo, el ministro Fern\u00e1ndez design\u00f3 a&nbsp;<strong>Jos\u00e9 Lucas Gaincerain<\/strong>, jefe de Gabinete del Ministerio de Seguridad de la Naci\u00f3n, como nexo pol\u00edtico para estar al tanto de lo que ocurre en Rosario.<\/p>\n\n\n\n<p>Por \u00faltimo, Fern\u00e1ndez se hizo eco de las reacciones de la oposici\u00f3n y apunt\u00f3 contra los dirigentes que se manifestaron en las \u00faltimas horas. \u201c<strong>Patricia Bullrich&nbsp;<\/strong>y&nbsp;<strong>Mauricio Macri<\/strong>&nbsp;gobernaron cuatro a\u00f1os. \u00bfQu\u00e9 hicieron esos cuatro a\u00f1os? Nada\u201d, critic\u00f3.<\/p>\n\n\n\n<p>Javkin, el intendente de Rosario apuntado en el mensaje mafioso a Lionel Messi, reclam\u00f3 esta ma\u00f1ana m\u00e1s ayuda de los gobiernos provincial y nacional para frenar el avance criminal y narco y&nbsp;<strong>responsabiliz\u00f3 directamente a las fuerzas de seguridad<\/strong>.<\/p>\n\n\n\n<p>El jefe comunal plante\u00f3 sus dudas sobre los autores del hecho: \u201cEn los \u00faltimos dos a\u00f1os hemos hablado de este tipo de balaceras y de todos estos hechos y hay una caracter\u00edstica com\u00fan:&nbsp;<strong>ninguna persecuci\u00f3n posterior, ninguna situaci\u00f3n de accionar, ning\u00fan enfrentamiento<\/strong>\u201d.<\/p>\n\n\n\n<p>Javkin insisti\u00f3 en que este tipo de ataques ocurre por acci\u00f3n u omisi\u00f3n de las fuerzas de seguridad que tienen que cuidar a los ciudadanos. \u201cAc\u00e1 tenemos varias fuerzas actuando.&nbsp;<strong>Es inexplicable la libertad con la que suceden estas cosas<\/strong>, con relaci\u00f3n al accionar de las bancas narcos y con lo que sucede con la no persecuci\u00f3n\u201d, se quej\u00f3 durante una comunicaci\u00f3n con&nbsp;<strong>Eduardo Feinmann<\/strong>&nbsp;y&nbsp;<strong>Jorge Lanata<\/strong>&nbsp;en&nbsp;<em>Radio Mitre<\/em>.<\/p>\n","protected":false},"excerpt":{"rendered":"<p>El ataque a balazos contra un supermercado de la familia de\u00a0Antonela Roccuzzo\u00a0reabri\u00f3 el debate sobre la ola de\u00a0violencia narco\u00a0que sacude a la provincia de Santa Fe, con epicentro en Rosario. Luego del reclamo p\u00fablico del intendente&nbsp;Pablo Javkin, qui\u00e9n pidi\u00f3 respuestas de funcionarios nacionales, lleg\u00f3 el testimonio de&nbsp;An\u00edbal Fern\u00e1ndez, quien asegur\u00f3 que vienen trabajando hace un<a class=\"read-more\" href=\"https:\/\/elfederalmendoza.com.ar\/index.php\/2023\/03\/02\/los-narcos-han-ganado-admitio-anibal-fernandez-al-hablar-del-ataque-a-balazos-al-supermercado-de-la-familia-de-antonela-roccuzzo\/\"> [&hellip;]<\/a><\/p>\n","protected":false},"author":2,"featured_media":20892,"comment_status":"open","ping_status":"open","sticky":false,"template":"","format":"standard","meta":{"footnotes":""},"categories":[5618],"tags":[],"class_list":["post-20888","post","type-post","status-publish","format-standard","has-post-thumbnail","hentry","category-arg"],"rttpg_featured_image_url":{"full":["https:\/\/elfederalmendoza.com.ar\/wp-content\/uploads\/2023\/03\/anibal-narco1.jpg",1007,566,false],"landscape":["https:\/\/elfederalmendoza.com.ar\/wp-content\/uploads\/2023\/03\/anibal-narco1.jpg",1007,566,false],"portraits":["https:\/\/elfederalmendoza.com.ar\/wp-content\/uploads\/2023\/03\/anibal-narco1.jpg",1007,566,false],"thumbnail":["https:\/\/elfederalmendoza.com.ar\/wp-content\/uploads\/2023\/03\/anibal-narco1-150x150.jpg",150,150,true],"medium":["https:\/\/elfederalmendoza.com.ar\/wp-content\/uploads\/2023\/03\/anibal-narco1-300x169.jpg",300,169,true],"large":["https:\/\/elfederalmendoza.com.ar\/wp-content\/uploads\/2023\/03\/anibal-narco1.jpg",640,360,false],"1536x1536":["https:\/\/elfederalmendoza.com.ar\/wp-content\/uploads\/2023\/03\/anibal-narco1.jpg",1007,566,false],"2048x2048":["https:\/\/elfederalmendoza.com.ar\/wp-content\/uploads\/2023\/03\/anibal-narco1.jpg",1007,566,false],"ultp_layout_landscape_large":["https:\/\/elfederalmendoza.com.ar\/wp-content\/uploads\/2023\/03\/anibal-narco1.jpg",1007,566,false],"ultp_layout_landscape":["https:\/\/elfederalmendoza.com.ar\/wp-content\/uploads\/2023\/03\/anibal-narco1-870x566.jpg",870,566,true],"ultp_layout_portrait":["https:\/\/elfederalmendoza.com.ar\/wp-content\/uploads\/2023\/03\/anibal-narco1-600x566.jpg",600,566,true],"ultp_layout_square":["https:\/\/elfederalmendoza.com.ar\/wp-content\/uploads\/2023\/03\/anibal-narco1-600x566.jpg",600,566,true],"rpwe-thumbnail":["https:\/\/elfederalmendoza.com.ar\/wp-content\/uploads\/2023\/03\/anibal-narco1-45x45.jpg",45,45,true],"advps-thumb-one":["https:\/\/elfederalmendoza.com.ar\/wp-content\/uploads\/2023\/03\/anibal-narco1-1007x420.jpg",1007,420,true]},"rttpg_author":{"display_name":"Redacci\u00f3n El Federal","author_link":"https:\/\/elfederalmendoza.com.ar\/index.php\/author\/angelflores\/"},"rttpg_comment":0,"rttpg_category":"<a href=\"https:\/\/elfederalmendoza.com.ar\/index.php\/category\/arg\/\" rel=\"category tag\">Argentina<\/a>","rttpg_excerpt":"El ataque a balazos contra un supermercado de la familia de\u00a0Antonela Roccuzzo\u00a0reabri\u00f3 el debate sobre la ola de\u00a0violencia narco\u00a0que sacude a la provincia de Santa Fe, con epicentro en Rosario. Luego del reclamo p\u00fablico del intendente&nbsp;Pablo Javkin, qui\u00e9n pidi\u00f3 respuestas de funcionarios nacionales, lleg\u00f3 el testimonio de&nbsp;An\u00edbal Fern\u00e1ndez, quien asegur\u00f3 que vienen trabajando hace un&hellip;","_links":{"self":[{"href":"https:\/\/elfederalmendoza.com.ar\/index.php\/wp-json\/wp\/v2\/posts\/20888","targetHints":{"allow":["GET"]}}],"collection":[{"href":"https:\/\/elfederalmendoza.com.ar\/index.php\/wp-json\/wp\/v2\/posts"}],"about":[{"href":"https:\/\/elfederalmendoza.com.ar\/index.php\/wp-json\/wp\/v2\/types\/post"}],"author":[{"embeddable":true,"href":"https:\/\/elfederalmendoza.com.ar\/index.php\/wp-json\/wp\/v2\/users\/2"}],"replies":[{"embeddable":true,"href":"https:\/\/elfederalmendoza.com.ar\/index.php\/wp-json\/wp\/v2\/comments?post=20888"}],"version-history":[{"count":1,"href":"https:\/\/elfederalmendoza.com.ar\/index.php\/wp-json\/wp\/v2\/posts\/20888\/revisions"}],"predecessor-version":[{"id":20894,"href":"https:\/\/elfederalmendoza.com.ar\/index.php\/wp-json\/wp\/v2\/posts\/20888\/revisions\/20894"}],"wp:featuredmedia":[{"embeddable":true,"href":"https:\/\/elfederalmendoza.com.ar\/index.php\/wp-json\/wp\/v2\/media\/20892"}],"wp:attachment":[{"href":"https:\/\/elfederalmendoza.com.ar\/index.php\/wp-json\/wp\/v2\/media?parent=20888"}],"wp:term":[{"taxonomy":"category","embeddable":true,"href":"https:\/\/elfederalmendoza.com.ar\/index.php\/wp-json\/wp\/v2\/categories?post=20888"},{"taxonomy":"post_tag","embeddable":true,"href":"https:\/\/elfederalmendoza.com.ar\/index.php\/wp-json\/wp\/v2\/tags?post=20888"}],"curies":[{"name":"wp","href":"https:\/\/api.w.org\/{rel}","templated":true}]}}