{"id":20897,"date":"2023-03-02T03:29:00","date_gmt":"2023-03-02T06:29:00","guid":{"rendered":"https:\/\/elfederalmendoza.com\/?p=20897"},"modified":"2023-03-02T15:46:01","modified_gmt":"2023-03-02T18:46:01","slug":"alberto-fernandez-le-puse-el-pecho-a-la-pandemia","status":"publish","type":"post","link":"https:\/\/elfederalmendoza.com.ar\/index.php\/2023\/03\/02\/alberto-fernandez-le-puse-el-pecho-a-la-pandemia\/","title":{"rendered":"Alberto Fern\u00e1ndez: \u00abLe puse el pecho a la pandemia\u00bb"},"content":{"rendered":"\n<p><strong>En medio de la interna del Frente de Todos, el presidente, Alberto Fern\u00e1ndez abri\u00f3 el 141\u00b0 per\u00edodo de sesiones ordinarias durante la tradicional Asamblea Legislativa,<\/strong>&nbsp;con defensa de su gesti\u00f3n y cr\u00edticas a la Justicia. En su cuarta apertura el Presidente inaugur\u00f3 el nuevo a\u00f1o parlamentario en una ceremonia que empez\u00f3 a las 11 en el recinto de la C\u00e1mara de diputados, con la presencia de la vice, Cristina Kirchner.<\/p>\n\n\n\n<p>Durante todo el discurso, sali\u00f3 al cruce de las cr\u00edticas de La C\u00e1mpora por su \u201cmoderaci\u00f3n\u201d:&nbsp;<strong>\u201cEscuch\u00e9 que criticaban mi moderaci\u00f3n, pero me enfrent\u00e9 a acreedores privados, le puse el pecho a la pandemia, constru\u00ed hospitales modulares mientras pon\u00eda de pie un sistema de salud abandonado\u201d<\/strong>.<\/p>\n\n\n\n<p><strong>La frase \u201cle puse el pecho a la pandemia\u201d gener\u00f3 indignaci\u00f3n en las redes sociales.<\/strong>\u00a0Los usuarios recordaron la cena de cumplea\u00f1os que hubo en la Quinta de Olivos en medio de la cuarentena estricta de 2020.<\/p>\n\n\n\n<p>En su momento, Alberto Fern\u00e1ndez hab\u00eda comentado:&nbsp;<strong>\u201cEfectivamente, en la pandemia, por un desliz, por un descuido, se organiz\u00f3 una comida en Olivos que no debi\u00f3 haberse organizado\u201d.<\/strong><\/p>\n\n\n\n<p>Esta frase despert\u00f3 muchos comentarios en las redes, quienes pegaron el \u201cle puse el pecho a la pandemia\u201d adjuntando fotos de la fiesta de cumplea\u00f1os que se celebr\u00f3 en Olivos.<\/p>\n","protected":false},"excerpt":{"rendered":"<p>En medio de la interna del Frente de Todos, el presidente, Alberto Fern\u00e1ndez abri\u00f3 el 141\u00b0 per\u00edodo de sesiones ordinarias durante la tradicional Asamblea Legislativa,&nbsp;con defensa de su gesti\u00f3n y cr\u00edticas a la Justicia. En su cuarta apertura el Presidente inaugur\u00f3 el nuevo a\u00f1o parlamentario en una ceremonia que empez\u00f3 a las 11 en el<a class=\"read-more\" href=\"https:\/\/elfederalmendoza.com.ar\/index.php\/2023\/03\/02\/alberto-fernandez-le-puse-el-pecho-a-la-pandemia\/\"> [&hellip;]<\/a><\/p>\n","protected":false},"author":2,"featured_media":20898,"comment_status":"open","ping_status":"open","sticky":false,"template":"","format":"standard","meta":{"footnotes":""},"categories":[5618],"tags":[],"class_list":["post-20897","post","type-post","status-publish","format-standard","has-post-thumbnail","hentry","category-arg"],"rttpg_featured_image_url":{"full":["https:\/\/elfederalmendoza.com.ar\/wp-content\/uploads\/2023\/03\/la-foto-de-la-fiesta-de-alberto-fernandez-y-fabiola-yanez-en-olivos-1217964.jpg",1280,720,false],"landscape":["https:\/\/elfederalmendoza.com.ar\/wp-content\/uploads\/2023\/03\/la-foto-de-la-fiesta-de-alberto-fernandez-y-fabiola-yanez-en-olivos-1217964.jpg",1280,720,false],"portraits":["https:\/\/elfederalmendoza.com.ar\/wp-content\/uploads\/2023\/03\/la-foto-de-la-fiesta-de-alberto-fernandez-y-fabiola-yanez-en-olivos-1217964.jpg",1280,720,false],"thumbnail":["https:\/\/elfederalmendoza.com.ar\/wp-content\/uploads\/2023\/03\/la-foto-de-la-fiesta-de-alberto-fernandez-y-fabiola-yanez-en-olivos-1217964-150x150.jpg",150,150,true],"medium":["https:\/\/elfederalmendoza.com.ar\/wp-content\/uploads\/2023\/03\/la-foto-de-la-fiesta-de-alberto-fernandez-y-fabiola-yanez-en-olivos-1217964-300x169.jpg",300,169,true],"large":["https:\/\/elfederalmendoza.com.ar\/wp-content\/uploads\/2023\/03\/la-foto-de-la-fiesta-de-alberto-fernandez-y-fabiola-yanez-en-olivos-1217964-1024x576.jpg",640,360,true],"1536x1536":["https:\/\/elfederalmendoza.com.ar\/wp-content\/uploads\/2023\/03\/la-foto-de-la-fiesta-de-alberto-fernandez-y-fabiola-yanez-en-olivos-1217964.jpg",1280,720,false],"2048x2048":["https:\/\/elfederalmendoza.com.ar\/wp-content\/uploads\/2023\/03\/la-foto-de-la-fiesta-de-alberto-fernandez-y-fabiola-yanez-en-olivos-1217964.jpg",1280,720,false],"ultp_layout_landscape_large":["https:\/\/elfederalmendoza.com.ar\/wp-content\/uploads\/2023\/03\/la-foto-de-la-fiesta-de-alberto-fernandez-y-fabiola-yanez-en-olivos-1217964-1200x720.jpg",1200,720,true],"ultp_layout_landscape":["https:\/\/elfederalmendoza.com.ar\/wp-content\/uploads\/2023\/03\/la-foto-de-la-fiesta-de-alberto-fernandez-y-fabiola-yanez-en-olivos-1217964-870x570.jpg",870,570,true],"ultp_layout_portrait":["https:\/\/elfederalmendoza.com.ar\/wp-content\/uploads\/2023\/03\/la-foto-de-la-fiesta-de-alberto-fernandez-y-fabiola-yanez-en-olivos-1217964-600x720.jpg",600,720,true],"ultp_layout_square":["https:\/\/elfederalmendoza.com.ar\/wp-content\/uploads\/2023\/03\/la-foto-de-la-fiesta-de-alberto-fernandez-y-fabiola-yanez-en-olivos-1217964-600x600.jpg",600,600,true],"rpwe-thumbnail":["https:\/\/elfederalmendoza.com.ar\/wp-content\/uploads\/2023\/03\/la-foto-de-la-fiesta-de-alberto-fernandez-y-fabiola-yanez-en-olivos-1217964-45x45.jpg",45,45,true],"advps-thumb-one":["https:\/\/elfederalmendoza.com.ar\/wp-content\/uploads\/2023\/03\/la-foto-de-la-fiesta-de-alberto-fernandez-y-fabiola-yanez-en-olivos-1217964-1200x420.jpg",1200,420,true]},"rttpg_author":{"display_name":"Redacci\u00f3n El Federal","author_link":"https:\/\/elfederalmendoza.com.ar\/index.php\/author\/angelflores\/"},"rttpg_comment":0,"rttpg_category":"<a href=\"https:\/\/elfederalmendoza.com.ar\/index.php\/category\/arg\/\" rel=\"category tag\">Argentina<\/a>","rttpg_excerpt":"En medio de la interna del Frente de Todos, el presidente, Alberto Fern\u00e1ndez abri\u00f3 el 141\u00b0 per\u00edodo de sesiones ordinarias durante la tradicional Asamblea Legislativa,&nbsp;con defensa de su gesti\u00f3n y cr\u00edticas a la Justicia. En su cuarta apertura el Presidente inaugur\u00f3 el nuevo a\u00f1o parlamentario en una ceremonia que empez\u00f3 a las 11 en el&hellip;","_links":{"self":[{"href":"https:\/\/elfederalmendoza.com.ar\/index.php\/wp-json\/wp\/v2\/posts\/20897","targetHints":{"allow":["GET"]}}],"collection":[{"href":"https:\/\/elfederalmendoza.com.ar\/index.php\/wp-json\/wp\/v2\/posts"}],"about":[{"href":"https:\/\/elfederalmendoza.com.ar\/index.php\/wp-json\/wp\/v2\/types\/post"}],"author":[{"embeddable":true,"href":"https:\/\/elfederalmendoza.com.ar\/index.php\/wp-json\/wp\/v2\/users\/2"}],"replies":[{"embeddable":true,"href":"https:\/\/elfederalmendoza.com.ar\/index.php\/wp-json\/wp\/v2\/comments?post=20897"}],"version-history":[{"count":1,"href":"https:\/\/elfederalmendoza.com.ar\/index.php\/wp-json\/wp\/v2\/posts\/20897\/revisions"}],"predecessor-version":[{"id":20899,"href":"https:\/\/elfederalmendoza.com.ar\/index.php\/wp-json\/wp\/v2\/posts\/20897\/revisions\/20899"}],"wp:featuredmedia":[{"embeddable":true,"href":"https:\/\/elfederalmendoza.com.ar\/index.php\/wp-json\/wp\/v2\/media\/20898"}],"wp:attachment":[{"href":"https:\/\/elfederalmendoza.com.ar\/index.php\/wp-json\/wp\/v2\/media?parent=20897"}],"wp:term":[{"taxonomy":"category","embeddable":true,"href":"https:\/\/elfederalmendoza.com.ar\/index.php\/wp-json\/wp\/v2\/categories?post=20897"},{"taxonomy":"post_tag","embeddable":true,"href":"https:\/\/elfederalmendoza.com.ar\/index.php\/wp-json\/wp\/v2\/tags?post=20897"}],"curies":[{"name":"wp","href":"https:\/\/api.w.org\/{rel}","templated":true}]}}