{"id":209,"date":"2019-10-28T19:32:08","date_gmt":"2019-10-28T22:32:08","guid":{"rendered":"https:\/\/elfederalmendoza.com\/?p=209"},"modified":"2019-10-28T19:32:08","modified_gmt":"2019-10-28T22:32:08","slug":"alfredo-cornejo-el-nombre-que-se-dijo-en-voz-alta-en-el-bunker-de-cambiemos-para-comenzar-a-armar-la-oposicion-en-argentina","status":"publish","type":"post","link":"https:\/\/elfederalmendoza.com.ar\/index.php\/2019\/10\/28\/alfredo-cornejo-el-nombre-que-se-dijo-en-voz-alta-en-el-bunker-de-cambiemos-para-comenzar-a-armar-la-oposicion-en-argentina\/","title":{"rendered":"Alfredo Cornejo: el nombre que se dijo en voz alta en el bunker de Cambiemos para comenzar a armar la oposici\u00f3n en Argentina"},"content":{"rendered":"<p>Las elecciones dejaron lesionado al espectro de funcionarios macristas que en una reuni\u00f3n de gabinete de Casa Rosada en la tarde de hoy, coincidieron que dejan una oposici\u00f3n muy fuerte que se demuestra de como qued\u00f3 conformada la c\u00e1mara de Diputados de Naci\u00f3n.<\/p>\n<p>Y desde all\u00ed se puede comenzar el armado 2023 con nombres y referentes que ya suenan como voces que tendr\u00e1n un gran protagonismo en los pr\u00f3ximos 4 a\u00f1os, uno de ellos es el de Alfredo Cornejo, gobernador saliente de Mendoza.<\/p>\n<p>Su presencia en la c\u00e1mara baja, tendr\u00e1 una fundamental palabra de autoridad, por su gesti\u00f3n en la provincia de Mendoza, y por ser el presidente de la UCR.<\/p>\n<p>Euf\u00f3rico en los festejos de las elecciones, Cornejo, seg\u00fan cuentan sus allegados, festej\u00f3 los resultados de las elecciones de su provincia m\u00e1s que su banca ganada como diputado nacional. Demostr\u00f3 una vez m\u00e1s que pudo dar vuelta los resultados de las PASO, y eso le da un plus especial entre sus pares.<\/p>\n<p>\u00abHemos hecho elecciones muy significativas en muchos departamentos que en las PASO hab\u00edamos tenido resultados negativos. Hoy podemos decir que hemos ganado en la mayor\u00eda de los departamentos, incluso en algunos como Tunuy\u00e1n donde hab\u00edamos sido derrotados durante todo el a\u00f1o y en San Rafael\u00bb.<\/p>\n<p><img loading=\"lazy\" decoding=\"async\" class=\"alignnone  wp-image-211\" src=\"https:\/\/elfederalmendoza.com\/wp-content\/uploads\/2019\/10\/5db63eb9013a7.r_d.891-405-300x169.jpeg\" alt=\"\" width=\"1340\" height=\"755\" srcset=\"https:\/\/elfederalmendoza.com.ar\/wp-content\/uploads\/2019\/10\/5db63eb9013a7.r_d.891-405-300x169.jpeg 300w, https:\/\/elfederalmendoza.com.ar\/wp-content\/uploads\/2019\/10\/5db63eb9013a7.r_d.891-405-768x432.jpeg 768w, https:\/\/elfederalmendoza.com.ar\/wp-content\/uploads\/2019\/10\/5db63eb9013a7.r_d.891-405.jpeg 844w\" sizes=\"auto, (max-width: 1340px) 100vw, 1340px\" \/><\/p>\n<p>Adem\u00e1s sus allegados no niegan sus aspiraciones para ser presidente. \u00abVa a esperar la transici\u00f3n hasta diciembre, y el pr\u00f3ximo a\u00f1o ser\u00e1 el comienzo del armado opositor\u00bb, dijo un alto funcionario radical de Mendoza. Mar\u00eda Eugenia Vidal, Mart\u00edn Loustou,\u00a0 Rodriguez Larreta y Alfredo Cornejo junto a su correligionario Mario Negri, fueron los nombres mencionados en una reuni\u00f3n improvisada en el bunker macrista.<\/p>\n<p>Por primera vez, su nombre fue mencionado ante los irreversibles resultados de las elecciones que puso como presidente a Alberto Fern\u00e1ndez, y que pone a la alianza PRO-UCR en una posici\u00f3n fuerte por remontar varios puntos en relaci\u00f3n a las PASO. La mitad de los argentinos. Pero con una aspiraci\u00f3n que Cornejo desea imponer, el de posicionar opositores de su partido.<\/p>\n<p>Lo significativo y quiz\u00e1s como cr\u00f3nica de la nota, es que los principales referentes de Cambiemos comenzaron a mirar a los costados y en voz alta sali\u00f3 el nombre de Alfredo Cornejo. \u00abEsto reci\u00e9n comienza\u00bb, finalizaron con un gui\u00f1o al flamante diputado nacional de Mendoza.<\/p>\n","protected":false},"excerpt":{"rendered":"<p>Las elecciones dejaron lesionado al espectro de funcionarios macristas que en una reuni\u00f3n de gabinete de Casa Rosada en la tarde de hoy, coincidieron que dejan una oposici\u00f3n muy fuerte que se demuestra de como qued\u00f3 conformada la c\u00e1mara de Diputados de Naci\u00f3n. Y desde all\u00ed se puede comenzar el armado 2023 con nombres y<a class=\"read-more\" href=\"https:\/\/elfederalmendoza.com.ar\/index.php\/2019\/10\/28\/alfredo-cornejo-el-nombre-que-se-dijo-en-voz-alta-en-el-bunker-de-cambiemos-para-comenzar-a-armar-la-oposicion-en-argentina\/\"> [&hellip;]<\/a><\/p>\n","protected":false},"author":2,"featured_media":210,"comment_status":"open","ping_status":"open","sticky":false,"template":"","format":"image","meta":{"footnotes":""},"categories":[1],"tags":[89,14,90,91],"class_list":["post-209","post","type-post","status-publish","format-image","has-post-thumbnail","hentry","category-mza","tag-alfredo-cornejo","tag-elecciones","tag-oposicion","tag-ucr","post_format-post-format-image"],"rttpg_featured_image_url":{"full":["https:\/\/elfederalmendoza.com.ar\/wp-content\/uploads\/2019\/10\/festejo-cornejo-suarez-elecciones-mendoza.jpg",929,523,false],"landscape":["https:\/\/elfederalmendoza.com.ar\/wp-content\/uploads\/2019\/10\/festejo-cornejo-suarez-elecciones-mendoza.jpg",929,523,false],"portraits":["https:\/\/elfederalmendoza.com.ar\/wp-content\/uploads\/2019\/10\/festejo-cornejo-suarez-elecciones-mendoza.jpg",929,523,false],"thumbnail":["https:\/\/elfederalmendoza.com.ar\/wp-content\/uploads\/2019\/10\/festejo-cornejo-suarez-elecciones-mendoza-150x150.jpg",150,150,true],"medium":["https:\/\/elfederalmendoza.com.ar\/wp-content\/uploads\/2019\/10\/festejo-cornejo-suarez-elecciones-mendoza-300x169.jpg",300,169,true],"large":["https:\/\/elfederalmendoza.com.ar\/wp-content\/uploads\/2019\/10\/festejo-cornejo-suarez-elecciones-mendoza.jpg",640,360,false],"1536x1536":["https:\/\/elfederalmendoza.com.ar\/wp-content\/uploads\/2019\/10\/festejo-cornejo-suarez-elecciones-mendoza.jpg",929,523,false],"2048x2048":["https:\/\/elfederalmendoza.com.ar\/wp-content\/uploads\/2019\/10\/festejo-cornejo-suarez-elecciones-mendoza.jpg",929,523,false],"ultp_layout_landscape_large":["https:\/\/elfederalmendoza.com.ar\/wp-content\/uploads\/2019\/10\/festejo-cornejo-suarez-elecciones-mendoza.jpg",929,523,false],"ultp_layout_landscape":["https:\/\/elfederalmendoza.com.ar\/wp-content\/uploads\/2019\/10\/festejo-cornejo-suarez-elecciones-mendoza.jpg",870,490,false],"ultp_layout_portrait":["https:\/\/elfederalmendoza.com.ar\/wp-content\/uploads\/2019\/10\/festejo-cornejo-suarez-elecciones-mendoza.jpg",600,338,false],"ultp_layout_square":["https:\/\/elfederalmendoza.com.ar\/wp-content\/uploads\/2019\/10\/festejo-cornejo-suarez-elecciones-mendoza.jpg",600,338,false],"rpwe-thumbnail":["https:\/\/elfederalmendoza.com.ar\/wp-content\/uploads\/2019\/10\/festejo-cornejo-suarez-elecciones-mendoza-45x45.jpg",45,45,true],"advps-thumb-one":["https:\/\/elfederalmendoza.com.ar\/wp-content\/uploads\/2019\/10\/festejo-cornejo-suarez-elecciones-mendoza-600x220.jpg",600,220,true]},"rttpg_author":{"display_name":"Redacci\u00f3n El Federal","author_link":"https:\/\/elfederalmendoza.com.ar\/index.php\/author\/angelflores\/"},"rttpg_comment":0,"rttpg_category":"<a href=\"https:\/\/elfederalmendoza.com.ar\/index.php\/category\/mza\/\" rel=\"category tag\">Mendoza<\/a>","rttpg_excerpt":"Las elecciones dejaron lesionado al espectro de funcionarios macristas que en una reuni\u00f3n de gabinete de Casa Rosada en la tarde de hoy, coincidieron que dejan una oposici\u00f3n muy fuerte que se demuestra de como qued\u00f3 conformada la c\u00e1mara de Diputados de Naci\u00f3n. Y desde all\u00ed se puede comenzar el armado 2023 con nombres y&hellip;","_links":{"self":[{"href":"https:\/\/elfederalmendoza.com.ar\/index.php\/wp-json\/wp\/v2\/posts\/209","targetHints":{"allow":["GET"]}}],"collection":[{"href":"https:\/\/elfederalmendoza.com.ar\/index.php\/wp-json\/wp\/v2\/posts"}],"about":[{"href":"https:\/\/elfederalmendoza.com.ar\/index.php\/wp-json\/wp\/v2\/types\/post"}],"author":[{"embeddable":true,"href":"https:\/\/elfederalmendoza.com.ar\/index.php\/wp-json\/wp\/v2\/users\/2"}],"replies":[{"embeddable":true,"href":"https:\/\/elfederalmendoza.com.ar\/index.php\/wp-json\/wp\/v2\/comments?post=209"}],"version-history":[{"count":1,"href":"https:\/\/elfederalmendoza.com.ar\/index.php\/wp-json\/wp\/v2\/posts\/209\/revisions"}],"predecessor-version":[{"id":212,"href":"https:\/\/elfederalmendoza.com.ar\/index.php\/wp-json\/wp\/v2\/posts\/209\/revisions\/212"}],"wp:featuredmedia":[{"embeddable":true,"href":"https:\/\/elfederalmendoza.com.ar\/index.php\/wp-json\/wp\/v2\/media\/210"}],"wp:attachment":[{"href":"https:\/\/elfederalmendoza.com.ar\/index.php\/wp-json\/wp\/v2\/media?parent=209"}],"wp:term":[{"taxonomy":"category","embeddable":true,"href":"https:\/\/elfederalmendoza.com.ar\/index.php\/wp-json\/wp\/v2\/categories?post=209"},{"taxonomy":"post_tag","embeddable":true,"href":"https:\/\/elfederalmendoza.com.ar\/index.php\/wp-json\/wp\/v2\/tags?post=209"}],"curies":[{"name":"wp","href":"https:\/\/api.w.org\/{rel}","templated":true}]}}