{"id":20900,"date":"2023-03-02T03:46:00","date_gmt":"2023-03-02T06:46:00","guid":{"rendered":"https:\/\/elfederalmendoza.com\/?p=20900"},"modified":"2023-03-02T16:43:08","modified_gmt":"2023-03-02T19:43:08","slug":"dibu-martinez-conto-el-motivo-de-su-polemico-gesto-con-el-guante-de-oro-una-apuesta","status":"publish","type":"post","link":"https:\/\/elfederalmendoza.com.ar\/index.php\/2023\/03\/02\/dibu-martinez-conto-el-motivo-de-su-polemico-gesto-con-el-guante-de-oro-una-apuesta\/","title":{"rendered":"Dibu Mart\u00ednez cont\u00f3 el motivo de su pol\u00e9mico gesto con el guante de oro: una apuesta"},"content":{"rendered":"\n<p><strong>Una de las im\u00e1genes que recorri\u00f3 el mundo luego de la consagraci\u00f3n de la Selecci\u00f3n Argentina en el Mundial de Qatar 2022 fue la de Dibu Mart\u00ednez con el premio del guante de oro y el pol\u00e9mico gesto que hizo tras recibirlo.<\/strong><\/p>\n\n\n\n<p>A casi tres meses de la obtenci\u00f3n de la tercera estrella, el arquero del Aston Villa de la Premier League de Inglaterra cont\u00f3 en una entrevista con&nbsp;<strong>Gast\u00f3n Edul&nbsp;<\/strong>por TyC Sports c\u00f3mo naci\u00f3 y por qu\u00e9 lo hizo.<\/p>\n\n\n\n<p><strong>\u00abNo estoy orgulloso de eso, obviamente, pero era una apuesta que justo cuando me iban a dar el guante de oro \u2019\u00bfa que no hac\u00e9s lo mismo que en la Copa Am\u00e9rica?\u2019 me dec\u00edan los chicos. \u2019\u00bfA que si?\u2019\u00bb<\/strong>, revel\u00f3 el guardameta.<\/p>\n\n\n\n<figure class=\"wp-block-embed is-type-rich is-provider-twitter wp-block-embed-twitter\"><div class=\"wp-block-embed__wrapper\">\n<blockquote class=\"twitter-tweet\" data-width=\"550\" data-dnt=\"true\"><p lang=\"es\" dir=\"ltr\">&quot;SI LO HAC\u00cdA ME TEN\u00cdA QUE IR&quot; \ud83d\ude02<br><br>El Dibu cont\u00f3 la raz\u00f3n por la cual no realiz\u00f3 su tradicional festejo en la entrega de los premios The Best. <a href=\"https:\/\/t.co\/InyWDdddZ7\">pic.twitter.com\/InyWDdddZ7<\/a><\/p>&mdash; TyC Sports (@TyCSports) <a href=\"https:\/\/twitter.com\/TyCSports\/status\/1631304148862763010?ref_src=twsrc%5Etfw\">March 2, 2023<\/a><\/blockquote><script async src=\"https:\/\/platform.twitter.com\/widgets.js\" charset=\"utf-8\"><\/script>\n<\/div><\/figure>\n\n\n\n<p>Sus compa\u00f1eros, seg\u00fan \u00e9l, fueron los culpables del suceso que gener\u00f3 indignaci\u00f3n en el mundo del f\u00fatbol.&nbsp;<strong>\u00abEs culpa de ellos, de mis compa\u00f1eros\u00bb<\/strong>, agreg\u00f3 Dibu.<\/p>\n\n\n\n<p>Tras ello, fue consultado sobre los memes y apuestas sobre si podr\u00eda hacer lo mismo en la entrega de los premios The Best y lo neg\u00f3 contundentemente: \u00abEra otro evento, con traje&#8230; En una cancha de f\u00fatbol capaz con la adrenalina si. Mi \u00fanico objetivo era no llorar\u00bb, explic\u00f3.<\/p>\n\n\n\n<figure class=\"wp-block-image size-full\"><img loading=\"lazy\" decoding=\"async\" width=\"610\" height=\"372\" src=\"https:\/\/elfederalmendoza.com\/wp-content\/uploads\/2023\/03\/image-1.png\" alt=\"\" class=\"wp-image-20901\" srcset=\"https:\/\/elfederalmendoza.com.ar\/wp-content\/uploads\/2023\/03\/image-1.png 610w, https:\/\/elfederalmendoza.com.ar\/wp-content\/uploads\/2023\/03\/image-1-300x183.png 300w\" sizes=\"auto, (max-width: 610px) 100vw, 610px\" \/><\/figure>\n\n\n\n<p>El flamante ganador al premio The Best de la FIFA al mejor arquero del Mundo del 2022 admiti\u00f3 que no \u00abesperaba\u00bb ser el elegido y asegur\u00f3 que no le interesan los cuestionamientos que recibi\u00f3.<\/p>\n\n\n\n<p>\u00abMe entran por un o\u00eddo y salen por el otro.&nbsp;<strong>Solo me interesa lo que piensan en mi pa\u00eds, en el cuerpo t\u00e9cnico y mis compa\u00f1eros<\/strong>\u00ab, afirm\u00f3 el art\u00edfice de la mejor atajada en la historia de los mundiales.<\/p>\n\n\n\n<p><\/p>\n","protected":false},"excerpt":{"rendered":"<p>Una de las im\u00e1genes que recorri\u00f3 el mundo luego de la consagraci\u00f3n de la Selecci\u00f3n Argentina en el Mundial de Qatar 2022 fue la de Dibu Mart\u00ednez con el premio del guante de oro y el pol\u00e9mico gesto que hizo tras recibirlo. A casi tres meses de la obtenci\u00f3n de la tercera estrella, el arquero<a class=\"read-more\" href=\"https:\/\/elfederalmendoza.com.ar\/index.php\/2023\/03\/02\/dibu-martinez-conto-el-motivo-de-su-polemico-gesto-con-el-guante-de-oro-una-apuesta\/\"> [&hellip;]<\/a><\/p>\n","protected":false},"author":2,"featured_media":20903,"comment_status":"open","ping_status":"open","sticky":false,"template":"","format":"standard","meta":{"footnotes":""},"categories":[5620],"tags":[],"class_list":["post-20900","post","type-post","status-publish","format-standard","has-post-thumbnail","hentry","category-deportes"],"rttpg_featured_image_url":{"full":["https:\/\/elfederalmendoza.com.ar\/wp-content\/uploads\/2023\/03\/f1280x720-1372078_1503753_5050.jpg",1280,720,false],"landscape":["https:\/\/elfederalmendoza.com.ar\/wp-content\/uploads\/2023\/03\/f1280x720-1372078_1503753_5050.jpg",1280,720,false],"portraits":["https:\/\/elfederalmendoza.com.ar\/wp-content\/uploads\/2023\/03\/f1280x720-1372078_1503753_5050.jpg",1280,720,false],"thumbnail":["https:\/\/elfederalmendoza.com.ar\/wp-content\/uploads\/2023\/03\/f1280x720-1372078_1503753_5050-150x150.jpg",150,150,true],"medium":["https:\/\/elfederalmendoza.com.ar\/wp-content\/uploads\/2023\/03\/f1280x720-1372078_1503753_5050-300x169.jpg",300,169,true],"large":["https:\/\/elfederalmendoza.com.ar\/wp-content\/uploads\/2023\/03\/f1280x720-1372078_1503753_5050-1024x576.jpg",640,360,true],"1536x1536":["https:\/\/elfederalmendoza.com.ar\/wp-content\/uploads\/2023\/03\/f1280x720-1372078_1503753_5050.jpg",1280,720,false],"2048x2048":["https:\/\/elfederalmendoza.com.ar\/wp-content\/uploads\/2023\/03\/f1280x720-1372078_1503753_5050.jpg",1280,720,false],"ultp_layout_landscape_large":["https:\/\/elfederalmendoza.com.ar\/wp-content\/uploads\/2023\/03\/f1280x720-1372078_1503753_5050-1200x720.jpg",1200,720,true],"ultp_layout_landscape":["https:\/\/elfederalmendoza.com.ar\/wp-content\/uploads\/2023\/03\/f1280x720-1372078_1503753_5050-870x570.jpg",870,570,true],"ultp_layout_portrait":["https:\/\/elfederalmendoza.com.ar\/wp-content\/uploads\/2023\/03\/f1280x720-1372078_1503753_5050-600x720.jpg",600,720,true],"ultp_layout_square":["https:\/\/elfederalmendoza.com.ar\/wp-content\/uploads\/2023\/03\/f1280x720-1372078_1503753_5050-600x600.jpg",600,600,true],"rpwe-thumbnail":["https:\/\/elfederalmendoza.com.ar\/wp-content\/uploads\/2023\/03\/f1280x720-1372078_1503753_5050-45x45.jpg",45,45,true],"advps-thumb-one":["https:\/\/elfederalmendoza.com.ar\/wp-content\/uploads\/2023\/03\/f1280x720-1372078_1503753_5050-1200x420.jpg",1200,420,true]},"rttpg_author":{"display_name":"Redacci\u00f3n El Federal","author_link":"https:\/\/elfederalmendoza.com.ar\/index.php\/author\/angelflores\/"},"rttpg_comment":0,"rttpg_category":"<a href=\"https:\/\/elfederalmendoza.com.ar\/index.php\/category\/deportes\/\" rel=\"category tag\">Deportes<\/a>","rttpg_excerpt":"Una de las im\u00e1genes que recorri\u00f3 el mundo luego de la consagraci\u00f3n de la Selecci\u00f3n Argentina en el Mundial de Qatar 2022 fue la de Dibu Mart\u00ednez con el premio del guante de oro y el pol\u00e9mico gesto que hizo tras recibirlo. A casi tres meses de la obtenci\u00f3n de la tercera estrella, el arquero&hellip;","_links":{"self":[{"href":"https:\/\/elfederalmendoza.com.ar\/index.php\/wp-json\/wp\/v2\/posts\/20900","targetHints":{"allow":["GET"]}}],"collection":[{"href":"https:\/\/elfederalmendoza.com.ar\/index.php\/wp-json\/wp\/v2\/posts"}],"about":[{"href":"https:\/\/elfederalmendoza.com.ar\/index.php\/wp-json\/wp\/v2\/types\/post"}],"author":[{"embeddable":true,"href":"https:\/\/elfederalmendoza.com.ar\/index.php\/wp-json\/wp\/v2\/users\/2"}],"replies":[{"embeddable":true,"href":"https:\/\/elfederalmendoza.com.ar\/index.php\/wp-json\/wp\/v2\/comments?post=20900"}],"version-history":[{"count":1,"href":"https:\/\/elfederalmendoza.com.ar\/index.php\/wp-json\/wp\/v2\/posts\/20900\/revisions"}],"predecessor-version":[{"id":20902,"href":"https:\/\/elfederalmendoza.com.ar\/index.php\/wp-json\/wp\/v2\/posts\/20900\/revisions\/20902"}],"wp:featuredmedia":[{"embeddable":true,"href":"https:\/\/elfederalmendoza.com.ar\/index.php\/wp-json\/wp\/v2\/media\/20903"}],"wp:attachment":[{"href":"https:\/\/elfederalmendoza.com.ar\/index.php\/wp-json\/wp\/v2\/media?parent=20900"}],"wp:term":[{"taxonomy":"category","embeddable":true,"href":"https:\/\/elfederalmendoza.com.ar\/index.php\/wp-json\/wp\/v2\/categories?post=20900"},{"taxonomy":"post_tag","embeddable":true,"href":"https:\/\/elfederalmendoza.com.ar\/index.php\/wp-json\/wp\/v2\/tags?post=20900"}],"curies":[{"name":"wp","href":"https:\/\/api.w.org\/{rel}","templated":true}]}}