{"id":20905,"date":"2023-03-03T11:33:15","date_gmt":"2023-03-03T14:33:15","guid":{"rendered":"https:\/\/elfederalmendoza.com\/?p=20905"},"modified":"2023-03-03T11:33:55","modified_gmt":"2023-03-03T14:33:55","slug":"estos-son-los-7-empleos-mas-demandados-de-espana","status":"publish","type":"post","link":"https:\/\/elfederalmendoza.com.ar\/index.php\/2023\/03\/03\/estos-son-los-7-empleos-mas-demandados-de-espana\/","title":{"rendered":"Estos son los 7 empleos m\u00e1s demandados de Espa\u00f1a"},"content":{"rendered":"\n<p>&nbsp;En Argentina son cada vez m\u00e1s las personas que buscan otro destino para tener una mejor calidad de vida.&nbsp;<strong>Uno de los pa\u00edses m\u00e1s elegido es Espa\u00f1a<\/strong> que, seg\u00fan&nbsp;<em><a href=\"https:\/\/www.perfil.com\/noticias\/sociedad\/trabajar-en-espana-los-siete-empleos-mas-demandados.phtml\" target=\"_blank\" rel=\"noreferrer noopener\">Diario Perfil<\/a><\/em>, tiene<strong>&nbsp;siete empleos que son los m\u00e1s demandados<\/strong>, entre los que se destacan&nbsp;<strong>mozos de almac\u00e9n<\/strong>,&nbsp;<strong>atenci\u00f3n al cliente, conductores de reparto, administrativo, desarrollador de software, represetantes de venta y empleados de comercios<\/strong>.<\/p>\n\n\n\n<p>De acuerdo al art\u00edculo publicado por este medio,&nbsp;<strong>en el a\u00f1o 2022, se emplearon a casi 280 mil personas<\/strong>, casi un 2% m\u00e1s que el 2021. De esa manera, se pudo alcanzar la cifra de 20 millones de empleados.<\/p>\n\n\n\n<p>Si bien las empresas espa\u00f1olas no tienen pensado aumentar su plantilla, hay&nbsp;<strong>otros rubros que est\u00e1n buscando personas para poder trabajar<\/strong>. La consultora espa\u00f1ola de Recursos Humanos Cuni y Asociados elabor\u00f3 una lista de los&nbsp;<strong>siete empleos m\u00e1s demandados en Espa\u00f1a<\/strong>.<\/p>\n\n\n\n<figure class=\"wp-block-image is-resized\"><img loading=\"lazy\" decoding=\"async\" src=\"https:\/\/www.mendozapost.com\/files\/image\/462\/462425\/6401030b39a39_570_320!.jpg?s=029e9d9e2c34c39cfaf9977d49bfe57b&amp;d=1677787921\" alt=\"\" width=\"965\" height=\"542\"\/><figcaption class=\"wp-element-caption\">Los 7 empleos m\u00e1s demandados de Espa\u00f1a<\/figcaption><\/figure>\n\n\n\n<h2 class=\"wp-block-heading\"><strong>Atenci\u00f3n al cliente:<\/strong><\/h2>\n\n\n\n<p>Luego de la pandemia,<strong>&nbsp;los trabajos online se han incrementado<\/strong>&nbsp;y su demanda ha sido mayor. Para este puesto se necesitan de&nbsp;<strong>aptitudes<\/strong>&nbsp;de asistencia t\u00e9cnica, buen trato a los clientes y resoluci\u00f3n de problemas.<\/p>\n\n\n\n<figure class=\"wp-block-image is-resized\"><img loading=\"lazy\" decoding=\"async\" src=\"https:\/\/www.mendozapost.com\/files\/image\/124\/124663\/5926c3c676667_570_376!.jpg?s=92ca15831c6cbe7339a818a5738c961c&amp;d=1677788117\" alt=\"\" width=\"958\" height=\"632\"\/><figcaption class=\"wp-element-caption\">Atenci\u00f3n al cliente es uno de los empleos m\u00e1s requeridos<\/figcaption><\/figure>\n\n\n\n<h2 class=\"wp-block-heading\"><strong>Mozos de almac\u00e9n:<\/strong><\/h2>\n\n\n\n<p>Son los que<strong>&nbsp;reciben mercader\u00eda dentro de un dep\u00f3sito y que pueden ser de cualquier tipo<\/strong>. La principal funci\u00f3n es revisar toda la mercader\u00eda que entra y sale para asegurarse de que no haya elementos faltantes.<\/p>\n\n\n\n<h2 class=\"wp-block-heading\"><strong>Conductores de reparto:<\/strong><\/h2>\n\n\n\n<p>Est\u00e1 relacionado al empleo anterior, donde si no te toca trabajar en el dep\u00f3sito,<strong>&nbsp;te puede tocar hacer el reparto de la mercader\u00eda<\/strong>. Ante mayor demanda, mayor ser\u00e1 la necesidad de adaptaci\u00f3n.<\/p>\n\n\n\n<figure class=\"wp-block-image is-resized\"><img loading=\"lazy\" decoding=\"async\" src=\"https:\/\/www.mendozapost.com\/files\/image\/462\/462427\/6401058606d93_570_297!.jpg?s=d5f1e55cb4ec8a88a5e9ff45451f6386&amp;d=1677788555\" alt=\"\" width=\"962\" height=\"501\"\/><figcaption class=\"wp-element-caption\">Repartidores es ora de las opciones<\/figcaption><\/figure>\n\n\n\n<h2 class=\"wp-block-heading\"><strong>Desarrolladores de software:<\/strong><\/h2>\n\n\n\n<p>Es un empleo que&nbsp;<strong>tiene mucha demanda en el \u00faltimo tiempo<\/strong>&nbsp;y que f\u00e1cilmente puedas conseguir alg\u00fan puesto. Tener conocimiento en programaci\u00f3n ser\u00e1 muy bueno para que aumenten las oportunidades laborales.<\/p>\n\n\n\n<h2 class=\"wp-block-heading\"><strong>Administrativo:<\/strong><\/h2>\n\n\n\n<p>La mayor parte de las empresas necesitan de&nbsp;<strong>personal administrativo<\/strong>, teniendo en cuenta que<strong>&nbsp;realizan tareas de planificaci\u00f3n, gesti\u00f3n y de atenci\u00f3n<\/strong>.<\/p>\n\n\n\n<figure class=\"wp-block-image is-resized\"><img loading=\"lazy\" decoding=\"async\" src=\"https:\/\/www.mendozapost.com\/files\/image\/280\/280177\/5fb58860bc15f_570_344!.png?s=5295341f46656f314edefec5e7765989&amp;d=1638313495\" alt=\"\" width=\"967\" height=\"584\"\/><figcaption class=\"wp-element-caption\">Muchas empresas requieren personal administrativo<\/figcaption><\/figure>\n\n\n\n<h2 class=\"wp-block-heading\"><strong>Empleados de tienda:<\/strong><\/h2>\n\n\n\n<p>Son las personas encargadas de&nbsp;<strong>recibir, atender y cobrar a los clientes<\/strong>&nbsp;que asisten a un local o a un establecimiento.&nbsp;<\/p>\n\n\n\n<figure class=\"wp-block-image is-resized\"><img loading=\"lazy\" decoding=\"async\" src=\"https:\/\/www.mendozapost.com\/files\/image\/462\/462429\/640106f5f15b5_570_376!.jpg?s=06145f6448c6a59c4f4f3eb2dfd9dbf9&amp;d=1677788923\" alt=\"\" width=\"963\" height=\"635\"\/><figcaption class=\"wp-element-caption\">Los empleados de tiendas son puestos requeridos<\/figcaption><\/figure>\n\n\n\n<h2 class=\"wp-block-heading\"><strong>Representantes de ventas:<\/strong><\/h2>\n\n\n\n<p>Tiene muchas oportunidades laborales, debido a que&nbsp;<strong>en todos los negocios necesitan a una persona capacitada para persuadir a otros<\/strong>&nbsp;y de esa manera vender de manera efectiva un servicio o producto.<\/p>\n\n\n\n<p><em>Fuente: Perfil<\/em><\/p>\n","protected":false},"excerpt":{"rendered":"<p>&nbsp;En Argentina son cada vez m\u00e1s las personas que buscan otro destino para tener una mejor calidad de vida.&nbsp;Uno de los pa\u00edses m\u00e1s elegido es Espa\u00f1a que, seg\u00fan&nbsp;Diario Perfil, tiene&nbsp;siete empleos que son los m\u00e1s demandados, entre los que se destacan&nbsp;mozos de almac\u00e9n,&nbsp;atenci\u00f3n al cliente, conductores de reparto, administrativo, desarrollador de software, represetantes de venta<a class=\"read-more\" href=\"https:\/\/elfederalmendoza.com.ar\/index.php\/2023\/03\/03\/estos-son-los-7-empleos-mas-demandados-de-espana\/\"> [&hellip;]<\/a><\/p>\n","protected":false},"author":2,"featured_media":20906,"comment_status":"open","ping_status":"open","sticky":false,"template":"","format":"standard","meta":{"footnotes":""},"categories":[5618],"tags":[],"class_list":["post-20905","post","type-post","status-publish","format-standard","has-post-thumbnail","hentry","category-arg"],"rttpg_featured_image_url":{"full":["https:\/\/elfederalmendoza.com.ar\/wp-content\/uploads\/2023\/03\/jovenes-se-van1.jpg",1229,676,false],"landscape":["https:\/\/elfederalmendoza.com.ar\/wp-content\/uploads\/2023\/03\/jovenes-se-van1.jpg",1229,676,false],"portraits":["https:\/\/elfederalmendoza.com.ar\/wp-content\/uploads\/2023\/03\/jovenes-se-van1.jpg",1229,676,false],"thumbnail":["https:\/\/elfederalmendoza.com.ar\/wp-content\/uploads\/2023\/03\/jovenes-se-van1-150x150.jpg",150,150,true],"medium":["https:\/\/elfederalmendoza.com.ar\/wp-content\/uploads\/2023\/03\/jovenes-se-van1-300x165.jpg",300,165,true],"large":["https:\/\/elfederalmendoza.com.ar\/wp-content\/uploads\/2023\/03\/jovenes-se-van1-1024x563.jpg",640,352,true],"1536x1536":["https:\/\/elfederalmendoza.com.ar\/wp-content\/uploads\/2023\/03\/jovenes-se-van1.jpg",1229,676,false],"2048x2048":["https:\/\/elfederalmendoza.com.ar\/wp-content\/uploads\/2023\/03\/jovenes-se-van1.jpg",1229,676,false],"ultp_layout_landscape_large":["https:\/\/elfederalmendoza.com.ar\/wp-content\/uploads\/2023\/03\/jovenes-se-van1-1200x676.jpg",1200,676,true],"ultp_layout_landscape":["https:\/\/elfederalmendoza.com.ar\/wp-content\/uploads\/2023\/03\/jovenes-se-van1-870x570.jpg",870,570,true],"ultp_layout_portrait":["https:\/\/elfederalmendoza.com.ar\/wp-content\/uploads\/2023\/03\/jovenes-se-van1-600x676.jpg",600,676,true],"ultp_layout_square":["https:\/\/elfederalmendoza.com.ar\/wp-content\/uploads\/2023\/03\/jovenes-se-van1-600x600.jpg",600,600,true],"rpwe-thumbnail":["https:\/\/elfederalmendoza.com.ar\/wp-content\/uploads\/2023\/03\/jovenes-se-van1-45x45.jpg",45,45,true],"advps-thumb-one":["https:\/\/elfederalmendoza.com.ar\/wp-content\/uploads\/2023\/03\/jovenes-se-van1-1200x420.jpg",1200,420,true]},"rttpg_author":{"display_name":"Redacci\u00f3n El Federal","author_link":"https:\/\/elfederalmendoza.com.ar\/index.php\/author\/angelflores\/"},"rttpg_comment":0,"rttpg_category":"<a href=\"https:\/\/elfederalmendoza.com.ar\/index.php\/category\/arg\/\" rel=\"category tag\">Argentina<\/a>","rttpg_excerpt":"&nbsp;En Argentina son cada vez m\u00e1s las personas que buscan otro destino para tener una mejor calidad de vida.&nbsp;Uno de los pa\u00edses m\u00e1s elegido es Espa\u00f1a que, seg\u00fan&nbsp;Diario Perfil, tiene&nbsp;siete empleos que son los m\u00e1s demandados, entre los que se destacan&nbsp;mozos de almac\u00e9n,&nbsp;atenci\u00f3n al cliente, conductores de reparto, administrativo, desarrollador de software, represetantes de venta&hellip;","_links":{"self":[{"href":"https:\/\/elfederalmendoza.com.ar\/index.php\/wp-json\/wp\/v2\/posts\/20905","targetHints":{"allow":["GET"]}}],"collection":[{"href":"https:\/\/elfederalmendoza.com.ar\/index.php\/wp-json\/wp\/v2\/posts"}],"about":[{"href":"https:\/\/elfederalmendoza.com.ar\/index.php\/wp-json\/wp\/v2\/types\/post"}],"author":[{"embeddable":true,"href":"https:\/\/elfederalmendoza.com.ar\/index.php\/wp-json\/wp\/v2\/users\/2"}],"replies":[{"embeddable":true,"href":"https:\/\/elfederalmendoza.com.ar\/index.php\/wp-json\/wp\/v2\/comments?post=20905"}],"version-history":[{"count":2,"href":"https:\/\/elfederalmendoza.com.ar\/index.php\/wp-json\/wp\/v2\/posts\/20905\/revisions"}],"predecessor-version":[{"id":20908,"href":"https:\/\/elfederalmendoza.com.ar\/index.php\/wp-json\/wp\/v2\/posts\/20905\/revisions\/20908"}],"wp:featuredmedia":[{"embeddable":true,"href":"https:\/\/elfederalmendoza.com.ar\/index.php\/wp-json\/wp\/v2\/media\/20906"}],"wp:attachment":[{"href":"https:\/\/elfederalmendoza.com.ar\/index.php\/wp-json\/wp\/v2\/media?parent=20905"}],"wp:term":[{"taxonomy":"category","embeddable":true,"href":"https:\/\/elfederalmendoza.com.ar\/index.php\/wp-json\/wp\/v2\/categories?post=20905"},{"taxonomy":"post_tag","embeddable":true,"href":"https:\/\/elfederalmendoza.com.ar\/index.php\/wp-json\/wp\/v2\/tags?post=20905"}],"curies":[{"name":"wp","href":"https:\/\/api.w.org\/{rel}","templated":true}]}}