{"id":20935,"date":"2023-03-04T09:50:29","date_gmt":"2023-03-04T12:50:29","guid":{"rendered":"https:\/\/elfederalmendoza.com\/?p=20935"},"modified":"2023-03-04T09:50:30","modified_gmt":"2023-03-04T12:50:30","slug":"presos-por-delitos-sexuales-en-huelga-de-hambre-en-la-carcel-de-mendoza","status":"publish","type":"post","link":"https:\/\/elfederalmendoza.com.ar\/index.php\/2023\/03\/04\/presos-por-delitos-sexuales-en-huelga-de-hambre-en-la-carcel-de-mendoza\/","title":{"rendered":"Presos por delitos sexuales en huelga de hambre en la c\u00e1rcel de Mendoza"},"content":{"rendered":"\n<p><strong>Franco Gabriel \u00abNary\u00bb Gonz\u00e1lez<\/strong>\u00a0fue condenado a siete a\u00f1os de c\u00e1rcel por una violaci\u00f3n cometida durante una\u00a0<strong>fiesta clandestina<\/strong>\u00a0en Rivadavia, durante el periodo de aislamiento. Dice que es inocente y por este motivo \u00e9l, su pabell\u00f3n y otros presos de otras c\u00e1rceles de la provincia que est\u00e1n tras las rejas por delito de violencia sexual, se sumaron a la medida.<\/p>\n\n\n\n<p>Los<strong>\u00a0jueces Armando Mart\u00ednez, Federico Rapacioli y Viviana Morici<\/strong>\u00a0decidieron la pena el pasado 6 de junio bas\u00e1ndose en los testimonios, en las pericias psicol\u00f3gicas y un debate sobre el estado de una puerta por la que dijo salir la v\u00edctima.<\/p>\n\n\n\n<p>El hecho ocurri\u00f3 el 14 de noviembre de 2020 en plena pandemia de Covid. Seg\u00fan la denuncia de la v\u00edctima,&nbsp;<strong>Gonz\u00e1lez<\/strong>&nbsp;la encerr\u00f3 en una habitaci\u00f3n, la oblig\u00f3 a hacerle sexo oral y la penetr\u00f3. Sin embargo, el condenado insiste en su inocencia y afirma que solo se dieron un beso. Por tal motivo, present\u00f3 un<em>&nbsp;habeas corpus&nbsp;<\/em>al&nbsp; juzgado penal colegiado de la tercera&nbsp; circunscripci\u00f3n&nbsp;&nbsp;de Mendoza,&nbsp; manifestando&nbsp; esta decisi\u00f3n para reclamar por beneficios y para que su causa se agilice ya que la condena no est\u00e1 firme.&nbsp;<\/p>\n\n\n\n<p><strong>Gonz\u00e1lez<\/strong>\u00a0tiene una personalidad de liderazgo y es un referente, seg\u00fan su relato, entre los presos de los pabellones donde estuvo. Por tal motivo, sus compa\u00f1eros actuales\u00a0y de otras c\u00e1rceles de\u00a0<strong>Mendoza<\/strong>\u00a0donde hay presos por delitos de violencia sexual se van a sumar a la causa ya que afirma el l\u00edder de esta manifestaci\u00f3n, que hay muchos hombres inocentes detenidos injustamente.<\/p>\n\n\n\n<figure class=\"wp-block-image size-large\"><img loading=\"lazy\" decoding=\"async\" width=\"1024\" height=\"577\" src=\"https:\/\/elfederalmendoza.com\/wp-content\/uploads\/2023\/03\/presos-mendoza1-1024x577.jpg\" alt=\"\" class=\"wp-image-20937\" srcset=\"https:\/\/elfederalmendoza.com.ar\/wp-content\/uploads\/2023\/03\/presos-mendoza1-1024x577.jpg 1024w, https:\/\/elfederalmendoza.com.ar\/wp-content\/uploads\/2023\/03\/presos-mendoza1-300x169.jpg 300w, https:\/\/elfederalmendoza.com.ar\/wp-content\/uploads\/2023\/03\/presos-mendoza1-768x433.jpg 768w, https:\/\/elfederalmendoza.com.ar\/wp-content\/uploads\/2023\/03\/presos-mendoza1-1536x865.jpg 1536w, https:\/\/elfederalmendoza.com.ar\/wp-content\/uploads\/2023\/03\/presos-mendoza1.jpg 1800w\" sizes=\"auto, (max-width: 1024px) 100vw, 1024px\" \/><\/figure>\n\n\n\n<h2 class=\"wp-block-heading\"><strong>Qu\u00e9 dice \u00abNary\u00bb Gonz\u00e1lez, el condenado por el caso de violaci\u00f3n en La Madriguera en Rivadavia<\/strong><\/h2>\n\n\n\n<p>&nbsp;\u00abEsta huelga de hambre la hice yo porque no he accedido a ning\u00fan beneficio, estoy viviendo una condena injusta de siete a\u00f1os y soy inocente. Dec\u00ed actuar y tomar esta medida y la voy a pelear. Pido por lo menos que se me de una domiciliaria, que mi causa se mueva m\u00e1s r\u00e1pido. Me han tra\u00eddo a un penal donde trabaja la madre de la chica que me denunci\u00f3. Me pueden trasladar a Cacheuta sabiendo que ah\u00ed est\u00e1n alojados presos que me agredieron en el pabell\u00f3n. Adem\u00e1s soy referente del pabell\u00f3n 5 ac\u00e1 en San Felipe y vamos a hacer una huelga de hambre que comienza ma\u00f1ana. Porque voy a pelear por mis derechos y los dem\u00e1s varones, hay mucha gente que est\u00e1 ac\u00e1 y es inocente. Me cans\u00e9 quiero estar con mi familia, quiero trabajar\u00bb,&nbsp;<strong>expres\u00f3 al Post.<\/strong><\/p>\n\n\n\n<p>\u00abMi condena no est\u00e1 firme, est\u00e1 elevada a la Suprema Corte de Justicia de Mendoza y si no me dan un fallo favorable, llegaremos a la Corte Suprema de la Naci\u00f3n y voy a seguir en huelga hasta que me resuelvan. Se lo dije al juez, o me saca de un caj\u00f3n de ac\u00e1 pero no me sacan de ac\u00e1 tildado como un violador\u00bb, agreg\u00f3. \u00abA la medida se suma todo el pabell\u00f3n 16, tambi\u00e9n me han escrito del pabell\u00f3n 5 de Boulogne Sur Mer y del 1A de San Felipe y se van a unir todos. Van a participar todos los pabellones de violencia y abuso sexual\u00bb, finaliz\u00f3.<\/p>\n\n\n\n<h2 class=\"wp-block-heading\"><strong>Qu\u00e9 dice el Servicio Penitenciario de Mendoza<\/strong><\/h2>\n\n\n\n<p>El titular,&nbsp;<strong>Eduardo Orellana<\/strong>&nbsp;respondi\u00f3 a la consulta sobre este caso pero prefiri\u00f3 no dar informaci\u00f3n. \u00abSin comentarios\u00bb, dijo.<\/p>\n\n\n\n<h2 class=\"wp-block-heading\"><strong>C\u00f3mo fue el caso de abuso en \u00abLa Madriguera\u00bb de Mendoza<\/strong><\/h2>\n\n\n\n<p>\u00a0El hecho ocurri\u00f3 el 14 de noviembre de 2020, cuando a\u00fan reg\u00edan las restricciones y aislamiento obligatorio por la pandemia de coronavirus. Una joven denunci\u00f3 que en determinado momento de la noche, durante la fiesta clandestina en La Madriguera, fue al ba\u00f1o y al salir, Gonz\u00e1lez la tom\u00f3 del pelo y la vej\u00f3 en una habitaci\u00f3n. Los peritos concluyeron que el relato de la joven es cre\u00edble aunque no presentaba signos f\u00edsicos de abuso. No obstante, los tres jueces resolvieron que el acusado era culpable y le dictaron la pena de siete a\u00f1os de c\u00e1rcel.<\/p>\n\n\n\n<p>Mendoza Post<\/p>\n","protected":false},"excerpt":{"rendered":"<p>Franco Gabriel \u00abNary\u00bb Gonz\u00e1lez\u00a0fue condenado a siete a\u00f1os de c\u00e1rcel por una violaci\u00f3n cometida durante una\u00a0fiesta clandestina\u00a0en Rivadavia, durante el periodo de aislamiento. Dice que es inocente y por este motivo \u00e9l, su pabell\u00f3n y otros presos de otras c\u00e1rceles de la provincia que est\u00e1n tras las rejas por delito de violencia sexual, se sumaron<a class=\"read-more\" href=\"https:\/\/elfederalmendoza.com.ar\/index.php\/2023\/03\/04\/presos-por-delitos-sexuales-en-huelga-de-hambre-en-la-carcel-de-mendoza\/\"> [&hellip;]<\/a><\/p>\n","protected":false},"author":2,"featured_media":20936,"comment_status":"open","ping_status":"open","sticky":false,"template":"","format":"standard","meta":{"footnotes":""},"categories":[1],"tags":[],"class_list":["post-20935","post","type-post","status-publish","format-standard","has-post-thumbnail","hentry","category-mza"],"rttpg_featured_image_url":{"full":["https:\/\/elfederalmendoza.com.ar\/wp-content\/uploads\/2023\/03\/presos-mendoza.jpg",1096,665,false],"landscape":["https:\/\/elfederalmendoza.com.ar\/wp-content\/uploads\/2023\/03\/presos-mendoza.jpg",1096,665,false],"portraits":["https:\/\/elfederalmendoza.com.ar\/wp-content\/uploads\/2023\/03\/presos-mendoza.jpg",1096,665,false],"thumbnail":["https:\/\/elfederalmendoza.com.ar\/wp-content\/uploads\/2023\/03\/presos-mendoza-150x150.jpg",150,150,true],"medium":["https:\/\/elfederalmendoza.com.ar\/wp-content\/uploads\/2023\/03\/presos-mendoza-300x182.jpg",300,182,true],"large":["https:\/\/elfederalmendoza.com.ar\/wp-content\/uploads\/2023\/03\/presos-mendoza-1024x621.jpg",640,388,true],"1536x1536":["https:\/\/elfederalmendoza.com.ar\/wp-content\/uploads\/2023\/03\/presos-mendoza.jpg",1096,665,false],"2048x2048":["https:\/\/elfederalmendoza.com.ar\/wp-content\/uploads\/2023\/03\/presos-mendoza.jpg",1096,665,false],"ultp_layout_landscape_large":["https:\/\/elfederalmendoza.com.ar\/wp-content\/uploads\/2023\/03\/presos-mendoza.jpg",1096,665,false],"ultp_layout_landscape":["https:\/\/elfederalmendoza.com.ar\/wp-content\/uploads\/2023\/03\/presos-mendoza-870x570.jpg",870,570,true],"ultp_layout_portrait":["https:\/\/elfederalmendoza.com.ar\/wp-content\/uploads\/2023\/03\/presos-mendoza-600x665.jpg",600,665,true],"ultp_layout_square":["https:\/\/elfederalmendoza.com.ar\/wp-content\/uploads\/2023\/03\/presos-mendoza-600x600.jpg",600,600,true],"rpwe-thumbnail":["https:\/\/elfederalmendoza.com.ar\/wp-content\/uploads\/2023\/03\/presos-mendoza-45x45.jpg",45,45,true],"advps-thumb-one":["https:\/\/elfederalmendoza.com.ar\/wp-content\/uploads\/2023\/03\/presos-mendoza-1096x420.jpg",1096,420,true]},"rttpg_author":{"display_name":"Redacci\u00f3n El Federal","author_link":"https:\/\/elfederalmendoza.com.ar\/index.php\/author\/angelflores\/"},"rttpg_comment":0,"rttpg_category":"<a href=\"https:\/\/elfederalmendoza.com.ar\/index.php\/category\/mza\/\" rel=\"category tag\">Mendoza<\/a>","rttpg_excerpt":"Franco Gabriel \u00abNary\u00bb Gonz\u00e1lez\u00a0fue condenado a siete a\u00f1os de c\u00e1rcel por una violaci\u00f3n cometida durante una\u00a0fiesta clandestina\u00a0en Rivadavia, durante el periodo de aislamiento. Dice que es inocente y por este motivo \u00e9l, su pabell\u00f3n y otros presos de otras c\u00e1rceles de la provincia que est\u00e1n tras las rejas por delito de violencia sexual, se sumaron&hellip;","_links":{"self":[{"href":"https:\/\/elfederalmendoza.com.ar\/index.php\/wp-json\/wp\/v2\/posts\/20935","targetHints":{"allow":["GET"]}}],"collection":[{"href":"https:\/\/elfederalmendoza.com.ar\/index.php\/wp-json\/wp\/v2\/posts"}],"about":[{"href":"https:\/\/elfederalmendoza.com.ar\/index.php\/wp-json\/wp\/v2\/types\/post"}],"author":[{"embeddable":true,"href":"https:\/\/elfederalmendoza.com.ar\/index.php\/wp-json\/wp\/v2\/users\/2"}],"replies":[{"embeddable":true,"href":"https:\/\/elfederalmendoza.com.ar\/index.php\/wp-json\/wp\/v2\/comments?post=20935"}],"version-history":[{"count":1,"href":"https:\/\/elfederalmendoza.com.ar\/index.php\/wp-json\/wp\/v2\/posts\/20935\/revisions"}],"predecessor-version":[{"id":20938,"href":"https:\/\/elfederalmendoza.com.ar\/index.php\/wp-json\/wp\/v2\/posts\/20935\/revisions\/20938"}],"wp:featuredmedia":[{"embeddable":true,"href":"https:\/\/elfederalmendoza.com.ar\/index.php\/wp-json\/wp\/v2\/media\/20936"}],"wp:attachment":[{"href":"https:\/\/elfederalmendoza.com.ar\/index.php\/wp-json\/wp\/v2\/media?parent=20935"}],"wp:term":[{"taxonomy":"category","embeddable":true,"href":"https:\/\/elfederalmendoza.com.ar\/index.php\/wp-json\/wp\/v2\/categories?post=20935"},{"taxonomy":"post_tag","embeddable":true,"href":"https:\/\/elfederalmendoza.com.ar\/index.php\/wp-json\/wp\/v2\/tags?post=20935"}],"curies":[{"name":"wp","href":"https:\/\/api.w.org\/{rel}","templated":true}]}}