{"id":20939,"date":"2023-03-04T10:12:55","date_gmt":"2023-03-04T13:12:55","guid":{"rendered":"https:\/\/elfederalmendoza.com\/?p=20939"},"modified":"2023-03-04T10:12:57","modified_gmt":"2023-03-04T13:12:57","slug":"fotos-multitudinaria-colorida-y-original-via-blanca-2023","status":"publish","type":"post","link":"https:\/\/elfederalmendoza.com.ar\/index.php\/2023\/03\/04\/fotos-multitudinaria-colorida-y-original-via-blanca-2023\/","title":{"rendered":"-FOTOS- Multitudinaria, colorida y original V\u00eda Blanca 2023"},"content":{"rendered":"\n<p>Referencias a la producci\u00f3n, las econom\u00edas regionales, el reciclado, el cuidado del agua y diversos homenajes, desde el cineasta santarrosino Leonardo Favio pasando por referencias a Baco, el dios romano del vino, hasta un trono con forma de drone. Los carros de la\u00a0V\u00eda Blanca de la Vendimia 2023\u00a0demostraron este viernes que no hay l\u00edmites en la imaginaci\u00f3n de quien los crea, aunque tambi\u00e9n\u00a0<strong>dejaron nuevamente al descubierto que no hay un hilo conductor que gu\u00ede el desfile.<\/strong><\/p>\n\n\n\n<figure class=\"wp-block-image\"><img decoding=\"async\" src=\"https:\/\/media.diariouno.com.ar\/p\/8aaf7b0ef3589b24c1b3d303386a558e\/adjuntos\/298\/imagenes\/009\/122\/0009122527\/1200x0\/smart\/carro-via-blancajfif.jfif\" alt=\"Los colores vibrantes de los carros contrastaron con el gris del cielo mendocino.\"\/><\/figure>\n\n\n\n<p>Los colores vibrantes de los carros contrastaron con el gris del cielo mendocino.<\/p>\n\n\n\n<p>Foto: Axel Lloret<\/p>\n\n\n\n<p><strong>La \u00fanica novedad fue la elecci\u00f3n de artistas pl\u00e1sticos para el dise\u00f1o de algunos de los carros.<\/strong><\/p>\n\n\n\n<p>De todas maneras, nada impidi\u00f3 que el desarrollo de la V\u00eda Blanca captara la atenci\u00f3n de miles de turistas y mendocinos, que se agolparon en las calles c\u00e9ntricas para poder ver de cerca a su candidata favorita al centro nacional de la Vendimia. Incluso,&nbsp;<strong>hubo momentos donde la Polic\u00eda no pudo contenter a la multitud que cop\u00f3 el recorrido de los carros.<\/strong><\/p>\n\n\n\n<h2 class=\"wp-block-heading\">Econom\u00edas regionales y reciclado, la tem\u00e1tica de Guaymall\u00e9n y Las Heras<\/h2>\n\n\n\n<p>Quiz\u00e1s el departamento m\u00e1s cuestionado en esta Vendimia 2023 sea<strong>&nbsp;Guaymall\u00e9n,<\/strong>&nbsp;por la particular elecci\u00f3n de su representante y la pol\u00e9mica que se gener\u00f3 en torno a ella. Sin embargo, fueron de lo m\u00e1s concretos a la hora de presentar un carro aleg\u00f3rico.<\/p>\n\n\n\n<p>El carro de Guaymall\u00e9n&nbsp;<strong>puso \u00e9nfasis en la pol\u00edtica de reducir, reutilizar y reciclar los residuos s\u00f3lidos urbanos<\/strong>. Para plasmarlo est\u00e9ticamente, se utilizaron pl\u00e1sticos y elementos reciclables provenientes de los puntos verdes del departamento.<\/p>\n\n\n\n<p>Adem\u00e1s, se quiso representar el aporte de este departamento en la producci\u00f3n de verduras y hortalizas y como uni\u00f3n entre ellas, se destac\u00f3 la importancia de los&nbsp;<strong>canales de agua libres de contaminaci\u00f3n.<\/strong><\/p>\n\n\n\n<p><strong>Otro carro con referencia a la importancia del reciclado fue el de Las Heras<\/strong>, que rinde homenaje a los recuperadores urbanos y pone en valor el reciclado como un modo imprescindible para mejorar la calidad de vida de los vecinos.<\/p>\n\n\n\n<p><strong>M\u00e1s de la mitad del carro se mostr\u00f3 recubierto con cartones y materiales adquiridos a los recuperadores del Centro Verde&nbsp;<\/strong>de Las Heras. Con estos elementos reciclables se han realizado esculturas de \u00edconos del departamento. En lo m\u00e1s alto se ubic\u00f3 a la reina departamental, rodeada por dos hileras de vides.<\/p>\n\n\n\n<p>En la parte trasera del carro, un conjunto de tubos transparentes que sirven para separar residuos, se fueron llenando a lo largo del recorrido del carro por las calles de la Ciudad.<\/p>\n\n\n\n<h2 class=\"wp-block-heading\">San Mart\u00edn, Santa Rosa y Godoy Cruz homenajearon a personajes de la historia y la cultura<\/h2>\n\n\n\n<p>En el 2023 se cumplen 200 a\u00f1os del regreso de<strong>&nbsp;Jos\u00e9 de San Mart\u00edn&nbsp;<\/strong>a su \u00abTebaida\u00bb, es decir, la&nbsp;<strong>chacra que el Padre de la Patria pose\u00eda en este departamento<\/strong>. Por esto, el dise\u00f1o del carro vendimial evoca esta parte de la vida del pr\u00f3cer.<\/p>\n\n\n\n<p>El carro invit\u00f3 a imaginarlo recorriendo las calles del departamento que lleva su nombre,&nbsp;<strong>caminando como un vecino m\u00e1s,<\/strong>&nbsp;so\u00f1ando en un pueblo que avanza, trabajando la tierra como un labriego y cultivando el Bonarda como un viticultor.<\/p>\n\n\n\n<p>El dise\u00f1o y la mano de obra para su construcci\u00f3n fueron enteramente aportados por equipos propios, artesanos y hacedores de cultura del Municipio de San Mart\u00edn.<\/p>\n\n\n\n<figure class=\"wp-block-image\"><img decoding=\"async\" src=\"https:\/\/media.diariouno.com.ar\/p\/b682c5973114fdffb4ccac0ecad8366f\/adjuntos\/298\/imagenes\/009\/122\/0009122530\/1200x0\/smart\/via-blanca-vendimia-2023-81.jpeg\" alt=\"Godoy Cruz y su referencia al dios Baco.\"\/><\/figure>\n\n\n\n<p>Godoy Cruz y su referencia al dios Baco.<\/p>\n\n\n\n<p>Foto: Axel Lloret<\/p>\n\n\n\n<p>En cuanto a&nbsp;<strong>Santa Rosa, quisieron recordar al santarrosino y \u00abjuglar de Am\u00e9rica\u00bb, el cantautor, cineasta y actor Leonardo Favio<\/strong>, a 10 a\u00f1os de su fallecimiento.&nbsp;<strong>Su legado perdura sobre todo en los habitantes del pueblo de Las Catitas<\/strong>, la tierra que lo vio nacer. Favio cultiv\u00f3 con sus propias manos los parrales de la finca \u201cLa Carola\u201d, que fue un lugar de reuniones y tertulias de amigos, artistas y vecinos del lugar. El carro vendimial 2023 represent\u00f3 el cari\u00f1o de los santarrosinos hacia el gran Leonardo Favio.<\/p>\n\n\n\n<p><strong>En el caso de Godoy Cruz, se record\u00f3 el legado del artista pl\u00e1stico \u00c1ngel P\u00e9rez Vega<\/strong>. As\u00ed, mostr\u00f3 obras de quien dedic\u00f3 gran parte de su vida a plasmar escenas de la fiesta m\u00e1xima de la provincia.<\/p>\n\n\n\n<p>Se trata de las mismas pinturas que vistieron los escenarios de las distritales y la Vendimia departamental. Adem\u00e1s,&nbsp;<strong>reflejaron el universo de la cosecha, la labor en la tierra, la calidez del paisaje rural y la vida entre vi\u00f1edos,&nbsp;<\/strong>con una mirada social, realista y bella.<\/p>\n\n\n\n<p>Adem\u00e1s, se hizo referencia a Baco, el dios romano del vino.<\/p>\n\n\n\n<h2 class=\"wp-block-heading\">General Alvear, San Rafael y La Paz, carros con perspectiva moderna<\/h2>\n\n\n\n<p>Entre los que mostraron conceptos m\u00e1s modernos, se ubic\u00f3&nbsp;<strong>San Rafael, que centr\u00f3 su dise\u00f1o en una \u00fanica idea: la referencia a Baco, el dios del vino.<\/strong>&nbsp;Todo el carro gir\u00f3 en torno a la cara de Baco en forma de copa y una serie de racimos donde se ubicaron las representantes distritales.<strong>&nbsp;La idea fue representar a este personaje mitol\u00f3gico, pero con conceptos modernos.<\/strong><\/p>\n\n\n\n<figure class=\"wp-block-image\"><img decoding=\"async\" src=\"https:\/\/media.diariouno.com.ar\/p\/d923eab23f7ec4f36219b19707ecdad4\/adjuntos\/298\/imagenes\/009\/122\/0009122517\/1200x0\/smart\/via-blanca-vendimia-2023-72.jpeg\" alt=\"El carro de San Rafael, con l\u00edneas modernas que recordaron a Baco, el dios del vino.\"\/><\/figure>\n\n\n\n<p>El carro de San Rafael, con l\u00edneas modernas que recordaron a Baco, el dios del vino.<\/p>\n\n\n\n<p>Foto: Axel Lloret<\/p>\n\n\n\n<p>La misma idea de vanguardia estuvo plasmada en el carro de<strong>&nbsp;General Alvear<\/strong>, mostrando el trabajo que se est\u00e1 realizando en el centro de biotecnolog\u00eda vegetal sustentable. En el carro se pudo observar la&nbsp;<strong>simbolog\u00eda del ADN y de las mol\u00e9culas de la vid.<\/strong><\/p>\n\n\n\n<p>Alvear se quiere proyectar hacia la vanguardia tecnol\u00f3gica y por esto tambi\u00e9n se quiso plasmar en el carro el primer centro estatal de capacitaci\u00f3n de veh\u00edculos a\u00e9reos no tripulados.&nbsp;<strong>El trono de la reina departamental fue un VANT (drones) gigante a punto de despegar.<\/strong>&nbsp;Tambi\u00e9n se tuvo en cuenta plasmar los colores y la marca propia de General Alvear en cada detalle.<\/p>\n\n\n\n<p><strong>Otro que recurri\u00f3 a conceptos modernos fue el carro de La Paz,<\/strong>&nbsp;que represent\u00f3 a trav\u00e9s de sus<strong>&nbsp;formas geom\u00e9tricas,&nbsp;<\/strong>las caracter\u00edsticas de la<strong>&nbsp;parra creciendo desde lo m\u00e1s profundo de la tierra<\/strong>; el hombre, con sus conocimientos interviene y le permite jugar con esas formas de los vi\u00f1edos. Los arcos y sus verticales simbolizaron hileras y espalderos inclinados.<\/p>\n\n\n\n<p>Las formas trapezoidales se extendieron hacia arriba y hacia atr\u00e1s&nbsp;<strong>creando puentes que unieron 2 puntas: presente y futuro,<\/strong>&nbsp;trabajo y desarrollo, uni\u00f3n e independencia, adem\u00e1s de transmitir una sensaci\u00f3n de dinamismo y velocidad. Aportando estabilidad y firmeza se apreciaron l\u00edneas verticales que bajaban de cada arco, las cuales representaron los tirantes de los puentes y al mismo tiempo&nbsp;<strong>sugirieron las cuerdas de un arpa, el sonido de este instrumento, reconocido por transmitir paz y tranquilidad.<\/strong><\/p>\n\n\n\n<h2 class=\"wp-block-heading\">Las uvas y el agua como tem\u00e1tica central en los carros de Jun\u00edn y Luj\u00e1n<\/h2>\n\n\n\n<p>El carro del departamento de<strong>&nbsp;Jun\u00edn tuvo como dise\u00f1o principal una corona central,<\/strong>&nbsp;desde donde emerg\u00eda la soberana, cuyas gemas fueron<strong>&nbsp;luminarias reconvertidas de sodio a led, reflejando el compromiso con la eficiencia energ\u00e9tica y la reducci\u00f3n de emisiones contaminantes.<\/strong><\/p>\n\n\n\n<p>Conjug\u00f3 con un cuadro vendimial, donde la protecci\u00f3n del medio ambiente se vio reflejada en el agua, en los vi\u00f1edos y en la calidad de nuestros vinos.<\/p>\n\n\n\n<figure class=\"wp-block-image\"><img decoding=\"async\" src=\"https:\/\/media.diariouno.com.ar\/p\/15ec94d51106fe8127e8acf0212d232c\/adjuntos\/298\/imagenes\/009\/122\/0009122535\/1200x0\/smart\/carro-lujan-2jfif.jfif\" alt=\"Luj&aacute;n se luci&oacute; con una obra del artista Luis Battaglia\"\/><\/figure>\n\n\n\n<p>Luj\u00e1n se luci\u00f3 con una obra del artista Luis Battaglia<\/p>\n\n\n\n<p>Axel Lloret<\/p>\n\n\n\n<p><strong>Gran parte del carro estuvo realizado con elementos en desuso, con mano de obra municipal.&nbsp;<\/strong>M\u00e1s de 5 mil metros lineales de material desechado transformado en objetos est\u00e9ticos a trav\u00e9s del dise\u00f1o, recuperados de la planta Jun\u00edn Punto Limpio.<\/p>\n\n\n\n<p><strong>En el caso de Luj\u00e1n de Cuyo, el carro fue una obra del artista pl\u00e1stico Luis Battaglia.&nbsp;<\/strong>Con hierros reciclados se construy\u00f3 una corona central, que desde lejos se observ\u00f3 como formas irregulares sobre un fondo texturizado y recubierto de dorado a la hoja. Fue una&nbsp;<strong>referencia a Luj\u00e1n como Tierra del Malbec.<\/strong><\/p>\n\n\n\n<h2 class=\"wp-block-heading\">San Carlos y Tunuy\u00e1n rindieron culto al agua pura<\/h2>\n\n\n\n<p>En el&nbsp;<strong>caso de San Carlos<\/strong>, la referencia como siempre, fue al&nbsp;<strong>cuidado del agua pura<\/strong>. Fue el eje conceptual del dise\u00f1o del carro vendimial.<\/p>\n\n\n\n<p>Desde un t\u00e9mpano de hielo surg\u00eda el agua que riega los vi\u00f1edos. Festejaron los 250 a\u00f1os de la fundaci\u00f3n con una imagen que gir\u00f3 y aport\u00f3 dinamismo a la composici\u00f3n.<\/p>\n\n\n\n<figure class=\"wp-block-image\"><img decoding=\"async\" src=\"https:\/\/media.diariouno.com.ar\/p\/ec31ef508eae451002a0603d3c31e217\/adjuntos\/298\/imagenes\/009\/122\/0009122520\/1200x0\/smart\/via-blanca-vendimia-2023-75.jpeg\" alt=\"Uno de los carros que hizo referencia al agua fue el del departamento de Tunuy\u00e1n.\"\/><\/figure>\n\n\n\n<p>Uno de los carros que hizo referencia al agua fue el del departamento de Tunuy\u00e1n.<\/p>\n\n\n\n<p>Foto: Axel Lloret<\/p>\n\n\n\n<p><strong>Un tren record\u00f3 la llegada del ferrocarril a nuestra provincia<\/strong>, fuente de est\u00edmulo tur\u00edstico y productivo.<\/p>\n\n\n\n<p>El carro cont\u00f3 con el aporte de los alumnos de la ENET de La Consulta, en el desarrollo de los diversos mecanismos que implic\u00f3 el dise\u00f1o.<\/p>\n\n\n\n<p>El&nbsp;<strong>carro de Tunuy\u00e1n quiso representar el paisaje de la regi\u00f3n<\/strong>: una vista privilegiada, monta\u00f1as, vi\u00f1edos y campos de cultivos de frutales.<\/p>\n\n\n\n<p>All\u00ed, en la Cordillera de los Andes, a m\u00e1s de 5.000 metros de altura nace Eco de los Andes.&nbsp;<strong>En el dise\u00f1o se pudo ver el recorrido del agua desde la inmensidad de la monta\u00f1a hasta llegar a los campos de cultivo y vi\u00f1edos<\/strong>.<\/p>\n\n\n\n<h2 class=\"wp-block-heading\">Maip\u00fa y Ciudad, carros que transmiten la alegr\u00eda de la fiesta<\/h2>\n\n\n\n<p>La&nbsp;<strong>Ciudad de Mendoza<\/strong>&nbsp;elabor\u00f3 un carro en el que se represent\u00f3 la<strong>&nbsp;alegr\u00eda de ser el departamento anfitri\u00f3n de la Fiesta Nacional de la Vendimia.<\/strong><\/p>\n\n\n\n<p><strong>M\u00e1s de 30 figuras&nbsp;<\/strong>compusieron el carro de la Capital. Al frente, los corazones dieron la bienvenida y transmitieron el esp\u00edritu amigable de una ciudad que recibe a todos y todas.<\/p>\n\n\n\n<figure class=\"wp-block-image\"><img decoding=\"async\" src=\"https:\/\/media.diariouno.com.ar\/p\/5027f731a0973adb7436be4458df8d18\/adjuntos\/298\/imagenes\/009\/122\/0009122533\/1200x0\/smart\/via-blanca-vendimia-2023-84.jpeg\" alt=\"La Capital hizo alusi\u00f3n a la alegr\u00eda de darle la Bienvenida a la Vendimia a mendocinos y turistas.\"\/><\/figure>\n\n\n\n<p>La Capital hizo alusi\u00f3n a la alegr\u00eda de darle la Bienvenida a la Vendimia a mendocinos y turistas.<\/p>\n\n\n\n<p>Foto: Axel Lloret<\/p>\n\n\n\n<p><strong>En el centro se ubic\u00f3 la corte, que precedi\u00f3 y acompa\u00f1\u00f3 a la Reina, coronada por racimos, tachos y vino rindiendo homenaje a la vendimia.<\/strong>&nbsp;Pero resultaron notables las cientos de tiras de tela anudadas entre s\u00ed, entrelazadas, juntas, que fueron elementos simb\u00f3licos que contaron que a la Ciudad la hacemos entre todos y todas.<\/p>\n\n\n\n<p>El dise\u00f1o del Carro estuvo a cargo de Alejandro Castilla.<\/p>\n\n\n\n<p>El&nbsp;<strong>concepto de Maip\u00fa&nbsp;<\/strong>tambi\u00e9n fue transmitir alegr\u00eda,&nbsp;<strong>lo concibieron como el fruto del trabajo de todo un a\u00f1o donde cada familia de productores cosecha sus vi\u00f1edos con mucha dedicaci\u00f3n, trabajo y sacrificio&nbsp;<\/strong>para obtener las uvas.<\/p>\n\n\n\n<p>El carro busc\u00f3 transmitir ese concepto de festividad, con un dise\u00f1o colorido y alegre; curvas que permitieron representar el amanecer de una ma\u00f1ana de vendimia, el carro de este a\u00f1o invit\u00f3 a disfrutar esta fiesta tradicional y popular de Mendoza.<\/p>\n\n\n\n<p>Otro punto que siempre Maip\u00fa quiere resaltar, fue la&nbsp;<strong>bandera que representa el arraigo por la tierra.<\/strong><\/p>\n\n\n\n<h2 class=\"wp-block-heading\">Malarg\u00fce y Lavalle rindieron homenaje a los atributos de sus tierras<\/h2>\n\n\n\n<p>En el caso de&nbsp;<strong>Malarg\u00fce<\/strong>&nbsp;se tom\u00f3 como motor para el concepto de su carro el nombre de la Vendimia Central, \u201cJuglares de Vendimia, un canto a la naturaleza\u201d.<\/p>\n\n\n\n<p>As\u00ed, realiz\u00f3 un&nbsp;<strong>dise\u00f1o en el que se mostr\u00f3 un gaucho con su guitarra bajo una parra.<\/strong>&nbsp;Con su canto inspir\u00f3 a la extensi\u00f3n de sus ramas entre valles, su pueblo lleno de tradiciones y cultura, danzas, trashumancia y monta\u00f1as. Culmin\u00f3 en una escultura que ofreci\u00f3 el fruto de nuestra tierra a Dios, como primicia, al creador de todo, quien lo devuelve a la naturaleza, a su cuidado, entregando ese fruto al pueblo.<\/p>\n\n\n\n<figure class=\"wp-block-image\"><img decoding=\"async\" src=\"https:\/\/media.diariouno.com.ar\/p\/b8748b919c045291d9b412bfde8c1eac\/adjuntos\/298\/imagenes\/009\/122\/0009122531\/1200x0\/smart\/via-blanca-vendimia-2023-82.jpeg\" alt=\"Los encantos naturales de Malarg\u00fce reflejados en su carro vendimial.\"\/><\/figure>\n\n\n\n<p>Los encantos naturales de Malarg\u00fce reflejados en su carro vendimial.<\/p>\n\n\n\n<p>Foto: Axel Lloret<\/p>\n\n\n\n<p>En cada obra de este carro se fundieron los productos que la tierra malarg\u00fcina otorga. La vid, sin ser el producto principal, tambi\u00e9n en Malarg\u00fce se traduce en sombra refrescante de algunos patios;<strong>&nbsp;la miner\u00eda, reflejada en la escultura de la mujer de rodillas,<\/strong>&nbsp;hecha con chatarra reciclada; la cultura, el arte y sus juglares; la papa, el ajo y, por supuesto, el chivito malarg\u00fcino, esfuerzo de todos sus crianceros.<\/p>\n\n\n\n<p><strong>El carro de Lavalle tambi\u00e9n hizo referencia a los encantos de su tierra.<\/strong><\/p>\n\n\n\n<p>El eje central del carro que transporta a Morena Gonz\u00e1lez Reggio, reina departamental, fue un<strong>&nbsp;\u00edcono de la cultura y tradici\u00f3n huarpe,<\/strong>&nbsp;<strong>el telar, que se enriquece en cada entramado.<\/strong><\/p>\n\n\n\n<p><strong>Los hilos que tejen ese telar invitaron a recorrer la historia de los antepasados,<\/strong>&nbsp;all\u00ed se pudo ver la silueta de la ancestral Capilla de Lagunas del Rosario, el presente simbolizado en el desarrollo productivo y las experiencias genuinas de turismo rural, religioso y el futuro, representado en la juventud de las mujeres lavallinas que impulsan el desarrollo y crecimiento.<\/p>\n\n\n\n<p>Se visualizaron en los costados del carro<strong>&nbsp;im\u00e1genes que mostraron el desarrollo productivo con sus vides, los tradicionales melones y sand\u00edas, olivos y la exquisita miel.<\/strong><\/p>\n\n\n\n<h2 class=\"wp-block-heading\">Tupungato y el trabajo de una artista pl\u00e1stica<\/h2>\n\n\n\n<p><strong>Este a\u00f1o la artista pl\u00e1stica Liliana Coletto fue la encargada de crear el carro de Tupungato<\/strong>, como protagonista explic\u00f3 el proceso de armado -con bocetos mediante- y el paso a paso de elaboraci\u00f3n de las piezas hasta llegar al producto final que se logr\u00f3. \u00abFue todo un desaf\u00edo porque no nos olvidemos que esto va a llevar a nuestra reina, as\u00ed que es una gran responsabilidad estar a cargo de este trabajo, el que me enorgullece haberlo podido hacer y que me hayan convocado\u201d, dijo.<\/p>\n\n\n\n<p>La idea argumental de la fiesta departamental de la Vendimia 2023, \u201cMi Valle: un Tupungato grande\u201d, dio pie para armar la representaci\u00f3n art\u00edstica del acceso a la localidad por Los Cerrillos, la letra corp\u00f3rea de Tupungato y los vi\u00f1edos que se avistan al ingresar.<\/p>\n","protected":false},"excerpt":{"rendered":"<p>Referencias a la producci\u00f3n, las econom\u00edas regionales, el reciclado, el cuidado del agua y diversos homenajes, desde el cineasta santarrosino Leonardo Favio pasando por referencias a Baco, el dios romano del vino, hasta un trono con forma de drone. Los carros de la\u00a0V\u00eda Blanca de la Vendimia 2023\u00a0demostraron este viernes que no hay l\u00edmites en<a class=\"read-more\" href=\"https:\/\/elfederalmendoza.com.ar\/index.php\/2023\/03\/04\/fotos-multitudinaria-colorida-y-original-via-blanca-2023\/\"> [&hellip;]<\/a><\/p>\n","protected":false},"author":2,"featured_media":20940,"comment_status":"open","ping_status":"open","sticky":false,"template":"","format":"standard","meta":{"footnotes":""},"categories":[1],"tags":[],"class_list":["post-20939","post","type-post","status-publish","format-standard","has-post-thumbnail","hentry","category-mza"],"rttpg_featured_image_url":{"full":["https:\/\/elfederalmendoza.com.ar\/wp-content\/uploads\/2023\/03\/CARRUSEL.jpg",1058,648,false],"landscape":["https:\/\/elfederalmendoza.com.ar\/wp-content\/uploads\/2023\/03\/CARRUSEL.jpg",1058,648,false],"portraits":["https:\/\/elfederalmendoza.com.ar\/wp-content\/uploads\/2023\/03\/CARRUSEL.jpg",1058,648,false],"thumbnail":["https:\/\/elfederalmendoza.com.ar\/wp-content\/uploads\/2023\/03\/CARRUSEL-150x150.jpg",150,150,true],"medium":["https:\/\/elfederalmendoza.com.ar\/wp-content\/uploads\/2023\/03\/CARRUSEL-300x184.jpg",300,184,true],"large":["https:\/\/elfederalmendoza.com.ar\/wp-content\/uploads\/2023\/03\/CARRUSEL-1024x627.jpg",640,392,true],"1536x1536":["https:\/\/elfederalmendoza.com.ar\/wp-content\/uploads\/2023\/03\/CARRUSEL.jpg",1058,648,false],"2048x2048":["https:\/\/elfederalmendoza.com.ar\/wp-content\/uploads\/2023\/03\/CARRUSEL.jpg",1058,648,false],"ultp_layout_landscape_large":["https:\/\/elfederalmendoza.com.ar\/wp-content\/uploads\/2023\/03\/CARRUSEL.jpg",1058,648,false],"ultp_layout_landscape":["https:\/\/elfederalmendoza.com.ar\/wp-content\/uploads\/2023\/03\/CARRUSEL-870x570.jpg",870,570,true],"ultp_layout_portrait":["https:\/\/elfederalmendoza.com.ar\/wp-content\/uploads\/2023\/03\/CARRUSEL-600x648.jpg",600,648,true],"ultp_layout_square":["https:\/\/elfederalmendoza.com.ar\/wp-content\/uploads\/2023\/03\/CARRUSEL-600x600.jpg",600,600,true],"rpwe-thumbnail":["https:\/\/elfederalmendoza.com.ar\/wp-content\/uploads\/2023\/03\/CARRUSEL-45x45.jpg",45,45,true],"advps-thumb-one":["https:\/\/elfederalmendoza.com.ar\/wp-content\/uploads\/2023\/03\/CARRUSEL-1058x420.jpg",1058,420,true]},"rttpg_author":{"display_name":"Redacci\u00f3n El Federal","author_link":"https:\/\/elfederalmendoza.com.ar\/index.php\/author\/angelflores\/"},"rttpg_comment":0,"rttpg_category":"<a href=\"https:\/\/elfederalmendoza.com.ar\/index.php\/category\/mza\/\" rel=\"category tag\">Mendoza<\/a>","rttpg_excerpt":"Referencias a la producci\u00f3n, las econom\u00edas regionales, el reciclado, el cuidado del agua y diversos homenajes, desde el cineasta santarrosino Leonardo Favio pasando por referencias a Baco, el dios romano del vino, hasta un trono con forma de drone. Los carros de la\u00a0V\u00eda Blanca de la Vendimia 2023\u00a0demostraron este viernes que no hay l\u00edmites en&hellip;","_links":{"self":[{"href":"https:\/\/elfederalmendoza.com.ar\/index.php\/wp-json\/wp\/v2\/posts\/20939","targetHints":{"allow":["GET"]}}],"collection":[{"href":"https:\/\/elfederalmendoza.com.ar\/index.php\/wp-json\/wp\/v2\/posts"}],"about":[{"href":"https:\/\/elfederalmendoza.com.ar\/index.php\/wp-json\/wp\/v2\/types\/post"}],"author":[{"embeddable":true,"href":"https:\/\/elfederalmendoza.com.ar\/index.php\/wp-json\/wp\/v2\/users\/2"}],"replies":[{"embeddable":true,"href":"https:\/\/elfederalmendoza.com.ar\/index.php\/wp-json\/wp\/v2\/comments?post=20939"}],"version-history":[{"count":1,"href":"https:\/\/elfederalmendoza.com.ar\/index.php\/wp-json\/wp\/v2\/posts\/20939\/revisions"}],"predecessor-version":[{"id":20941,"href":"https:\/\/elfederalmendoza.com.ar\/index.php\/wp-json\/wp\/v2\/posts\/20939\/revisions\/20941"}],"wp:featuredmedia":[{"embeddable":true,"href":"https:\/\/elfederalmendoza.com.ar\/index.php\/wp-json\/wp\/v2\/media\/20940"}],"wp:attachment":[{"href":"https:\/\/elfederalmendoza.com.ar\/index.php\/wp-json\/wp\/v2\/media?parent=20939"}],"wp:term":[{"taxonomy":"category","embeddable":true,"href":"https:\/\/elfederalmendoza.com.ar\/index.php\/wp-json\/wp\/v2\/categories?post=20939"},{"taxonomy":"post_tag","embeddable":true,"href":"https:\/\/elfederalmendoza.com.ar\/index.php\/wp-json\/wp\/v2\/tags?post=20939"}],"curies":[{"name":"wp","href":"https:\/\/api.w.org\/{rel}","templated":true}]}}