{"id":20942,"date":"2023-03-04T01:58:00","date_gmt":"2023-03-04T04:58:00","guid":{"rendered":"https:\/\/elfederalmendoza.com\/?p=20942"},"modified":"2023-03-04T13:58:55","modified_gmt":"2023-03-04T16:58:55","slug":"indemnizacion-a-productores-por-las-heladas-subsidios-y-financiamiento-los-anuncios-de-suarez-en-el-desayuno-de-la-coviar","status":"publish","type":"post","link":"https:\/\/elfederalmendoza.com.ar\/index.php\/2023\/03\/04\/indemnizacion-a-productores-por-las-heladas-subsidios-y-financiamiento-los-anuncios-de-suarez-en-el-desayuno-de-la-coviar\/","title":{"rendered":"Indemnizaci\u00f3n a productores por las heladas, subsidios y financiamiento: los anuncios de Su\u00e1rez en el desayuno de la Coviar"},"content":{"rendered":"\n<p>Luego de los anuncios del ministro de Econom\u00eda, Serio Massa, el gobernador&nbsp;<strong>Rodolfo Suarez<\/strong>&nbsp;brind\u00f3 su tradicional discurso en el desayuno de la Coviar.<\/p>\n\n\n\n<p>El mandatario brind\u00f3 un mensaje haciendo un repaso de la gesti\u00f3n que se vine realizando para atender las necesidades de los productores y realiz\u00f3 algunos\u00a0<strong>anuncios\u00a0<\/strong>para el sector.<\/p>\n\n\n\n<p>\u201cCon respecto a la protecci\u00f3n de nuestros productores, quiero anunciar la implementaci\u00f3n del Programa&nbsp;<em>\u201cProducir\u201d<\/em>, que cubre con una indemnizaci\u00f3n de&nbsp;<em>38.000 pesos por hect\u00e1rea a todos los productores que han sufrido da\u00f1os superiores al 50<\/em>% por heladas y granizo. Hemos decidido aumentar la indemnizaci\u00f3n de<em>&nbsp;72.000 a 110.000&nbsp;<\/em>pesos por hect\u00e1rea para todos los que han cumplido con el pago del seguro agr\u00edcola e incorporaremos a aquellos productores que no hayan podido totalizar el pago\u201d, anunci\u00f3 Suarez.<\/p>\n\n\n\n<p>Para los casos de quienes vienen del fondo compensador anterior, tambi\u00e9n se elevar\u00e1 la indemnizaci\u00f3n de 72.000 a 110.000 pesos por hect\u00e1rea.<\/p>\n\n\n\n<p>Por otra parte, el gobernador anunci\u00f3 que destinar\u00e1&nbsp;<em>2.300 millones de pesos m\u00e1s productores, contratistas, y bodegueros.<\/em><\/p>\n\n\n\n<p>\u201cEstamos lanzando una l\u00ednea de financiamiento para compra de materia prima para industria con un plazo de devoluci\u00f3n a tres a\u00f1os, un a\u00f1o de gracia y una tasa del 50% de la tasa activa del Banco Naci\u00f3n. Las producciones comprendidas son las de uva, ciruela y oliva. Para dicha l\u00ednea se destinar\u00e1n 5.000 millones de pesos\u201d, a\u00f1adi\u00f3 Suarez.<\/p>\n\n\n\n<p>Asimismo, el gobernador hizo hincapi\u00e9 en la \u201ccentralidad\u201d que tiene la vitivinicutura en la Provincia y aprovech\u00f3 para pasarle factura al gobierno nacional.<\/p>\n\n\n\n<p>\u201cVenimos insistiendo con tanto \u00e9nfasis para que el Gobierno Nacional dimensione el valor total de la actividad, comprenda su realidad y act\u00fae en consecuencia\u201d, insisti\u00f3.<\/p>\n","protected":false},"excerpt":{"rendered":"<p>Luego de los anuncios del ministro de Econom\u00eda, Serio Massa, el gobernador&nbsp;Rodolfo Suarez&nbsp;brind\u00f3 su tradicional discurso en el desayuno de la Coviar. El mandatario brind\u00f3 un mensaje haciendo un repaso de la gesti\u00f3n que se vine realizando para atender las necesidades de los productores y realiz\u00f3 algunos\u00a0anuncios\u00a0para el sector. \u201cCon respecto a la protecci\u00f3n de<a class=\"read-more\" href=\"https:\/\/elfederalmendoza.com.ar\/index.php\/2023\/03\/04\/indemnizacion-a-productores-por-las-heladas-subsidios-y-financiamiento-los-anuncios-de-suarez-en-el-desayuno-de-la-coviar\/\"> [&hellip;]<\/a><\/p>\n","protected":false},"author":2,"featured_media":20944,"comment_status":"open","ping_status":"open","sticky":false,"template":"","format":"standard","meta":{"footnotes":""},"categories":[1],"tags":[],"class_list":["post-20942","post","type-post","status-publish","format-standard","has-post-thumbnail","hentry","category-mza"],"rttpg_featured_image_url":{"full":["https:\/\/elfederalmendoza.com.ar\/wp-content\/uploads\/2023\/03\/rodolfo-suarez.webp",1200,800,false],"landscape":["https:\/\/elfederalmendoza.com.ar\/wp-content\/uploads\/2023\/03\/rodolfo-suarez.webp",1200,800,false],"portraits":["https:\/\/elfederalmendoza.com.ar\/wp-content\/uploads\/2023\/03\/rodolfo-suarez.webp",1200,800,false],"thumbnail":["https:\/\/elfederalmendoza.com.ar\/wp-content\/uploads\/2023\/03\/rodolfo-suarez-150x150.webp",150,150,true],"medium":["https:\/\/elfederalmendoza.com.ar\/wp-content\/uploads\/2023\/03\/rodolfo-suarez-300x200.webp",300,200,true],"large":["https:\/\/elfederalmendoza.com.ar\/wp-content\/uploads\/2023\/03\/rodolfo-suarez-1024x683.webp",640,427,true],"1536x1536":["https:\/\/elfederalmendoza.com.ar\/wp-content\/uploads\/2023\/03\/rodolfo-suarez.webp",1200,800,false],"2048x2048":["https:\/\/elfederalmendoza.com.ar\/wp-content\/uploads\/2023\/03\/rodolfo-suarez.webp",1200,800,false],"ultp_layout_landscape_large":["https:\/\/elfederalmendoza.com.ar\/wp-content\/uploads\/2023\/03\/rodolfo-suarez-1200x800.webp",1200,800,true],"ultp_layout_landscape":["https:\/\/elfederalmendoza.com.ar\/wp-content\/uploads\/2023\/03\/rodolfo-suarez-870x570.webp",870,570,true],"ultp_layout_portrait":["https:\/\/elfederalmendoza.com.ar\/wp-content\/uploads\/2023\/03\/rodolfo-suarez-600x800.webp",600,800,true],"ultp_layout_square":["https:\/\/elfederalmendoza.com.ar\/wp-content\/uploads\/2023\/03\/rodolfo-suarez-600x600.webp",600,600,true],"rpwe-thumbnail":["https:\/\/elfederalmendoza.com.ar\/wp-content\/uploads\/2023\/03\/rodolfo-suarez-45x45.webp",45,45,true],"advps-thumb-one":["https:\/\/elfederalmendoza.com.ar\/wp-content\/uploads\/2023\/03\/rodolfo-suarez-1200x420.webp",1200,420,true]},"rttpg_author":{"display_name":"Redacci\u00f3n El Federal","author_link":"https:\/\/elfederalmendoza.com.ar\/index.php\/author\/angelflores\/"},"rttpg_comment":0,"rttpg_category":"<a href=\"https:\/\/elfederalmendoza.com.ar\/index.php\/category\/mza\/\" rel=\"category tag\">Mendoza<\/a>","rttpg_excerpt":"Luego de los anuncios del ministro de Econom\u00eda, Serio Massa, el gobernador&nbsp;Rodolfo Suarez&nbsp;brind\u00f3 su tradicional discurso en el desayuno de la Coviar. El mandatario brind\u00f3 un mensaje haciendo un repaso de la gesti\u00f3n que se vine realizando para atender las necesidades de los productores y realiz\u00f3 algunos\u00a0anuncios\u00a0para el sector. \u201cCon respecto a la protecci\u00f3n de&hellip;","_links":{"self":[{"href":"https:\/\/elfederalmendoza.com.ar\/index.php\/wp-json\/wp\/v2\/posts\/20942","targetHints":{"allow":["GET"]}}],"collection":[{"href":"https:\/\/elfederalmendoza.com.ar\/index.php\/wp-json\/wp\/v2\/posts"}],"about":[{"href":"https:\/\/elfederalmendoza.com.ar\/index.php\/wp-json\/wp\/v2\/types\/post"}],"author":[{"embeddable":true,"href":"https:\/\/elfederalmendoza.com.ar\/index.php\/wp-json\/wp\/v2\/users\/2"}],"replies":[{"embeddable":true,"href":"https:\/\/elfederalmendoza.com.ar\/index.php\/wp-json\/wp\/v2\/comments?post=20942"}],"version-history":[{"count":1,"href":"https:\/\/elfederalmendoza.com.ar\/index.php\/wp-json\/wp\/v2\/posts\/20942\/revisions"}],"predecessor-version":[{"id":20943,"href":"https:\/\/elfederalmendoza.com.ar\/index.php\/wp-json\/wp\/v2\/posts\/20942\/revisions\/20943"}],"wp:featuredmedia":[{"embeddable":true,"href":"https:\/\/elfederalmendoza.com.ar\/index.php\/wp-json\/wp\/v2\/media\/20944"}],"wp:attachment":[{"href":"https:\/\/elfederalmendoza.com.ar\/index.php\/wp-json\/wp\/v2\/media?parent=20942"}],"wp:term":[{"taxonomy":"category","embeddable":true,"href":"https:\/\/elfederalmendoza.com.ar\/index.php\/wp-json\/wp\/v2\/categories?post=20942"},{"taxonomy":"post_tag","embeddable":true,"href":"https:\/\/elfederalmendoza.com.ar\/index.php\/wp-json\/wp\/v2\/tags?post=20942"}],"curies":[{"name":"wp","href":"https:\/\/api.w.org\/{rel}","templated":true}]}}