{"id":20945,"date":"2023-03-04T18:37:31","date_gmt":"2023-03-04T21:37:31","guid":{"rendered":"https:\/\/elfederalmendoza.com\/?p=20945"},"modified":"2023-03-04T18:37:33","modified_gmt":"2023-03-04T21:37:33","slug":"cayo-el-fachi-acusado-de-matar-a-un-hombre-en-lujan","status":"publish","type":"post","link":"https:\/\/elfederalmendoza.com.ar\/index.php\/2023\/03\/04\/cayo-el-fachi-acusado-de-matar-a-un-hombre-en-lujan\/","title":{"rendered":"Cay\u00f3 el \u00abFachi\u00bb, acusado de matar a un hombre en Luj\u00e1n"},"content":{"rendered":"\n<p>La Divisi\u00f3n de Homicidios\u00a0<strong>detuvo este viernes al presunto autor material del\u00a0crimen de Pablo Dami\u00e1n Cataldo (21), un joven que fue asesinado a balazos en un kiosco de Luj\u00e1n de Cuyo\u00a0<\/strong>en un supuesto enfrentamiento por la venta de droga en la zona.<\/p>\n\n\n\n<p><strong>El sospechoso, Andres Alexis Alcaraz (25), conocido como \u201cFachi\u201d, fue capturado en un allanamiento en el barrio Virgen de Guadalupe, en Luj\u00e1n de Cuyo<\/strong>, donde la polic\u00eda se enfrent\u00f3 con vecinos y hasta con perros que defend\u00edan al ahora imputado.<\/p>\n\n\n\n<p>Seg\u00fan fuentes policiales,&nbsp;<strong>el sospechoso estaba oculto en una casa donde hab\u00eda dos perros Dogo Argentino que imped\u00edan el ingreso al personal de la vivienda.<\/strong><\/p>\n\n\n\n<p>Esto le dio \u201ctiempo\u201d al sospechoso, que intent\u00f3 escapar por los techos de la vivienda, al mismo tiempo que los vecinos intentaban agredir a los detectives. Fue por esto que&nbsp;<strong>personal de Infanter\u00eda debi\u00f3 usar armas largas y gas pimienta para poder reducir a los perros y luego concretar la captura del \u201cFachi\u201d.<\/strong><\/p>\n\n\n\n<p>Alcaraz fue detenido en el marco de la investigaci\u00f3n por el<strong>\u00a0homicidio de Cataldo, ocurrido en la noche del 14 de diciembre del 2022 en el barrio Virgen de Guadalupe<\/strong>, en el distrito Vertientes del Pedemonte, en Luj\u00e1n de Cuyo.<\/p>\n\n\n\n<p>De acuerdo a la reconstrucci\u00f3n de los hechos, se cree que&nbsp;<strong>Alcaraz lleg\u00f3 al lugar donde Cataldo atend\u00eda un kiosco y comenz\u00f3 a efectuar disparos con una pistola calibre 9 mil\u00edmetros. Dos de esos tiros impactaron en el cuerpo de la v\u00edctima, quien falleci\u00f3 a los minutos.<\/strong><\/p>\n\n\n\n<p>Las tareas de inteligencia realizadas por el personal de la Divisi\u00f3n de Homicidios arrojaron que&nbsp;<strong>ese kiosco funcionar\u00eda como \u201cpantalla\u201d para la venta de droga.&nbsp;<\/strong>Adem\u00e1s, el negocio ser\u00eda propiedad de una mujer vinculada a una familia conocida del barrio, la cual est\u00e1 enfrentada con otra familia de la zona.<\/p>\n\n\n\n<p><strong>Los pesquisas indicaron que estos grupos son identificados como los \u201cV\u00e9lez\u201d y \u201cL\u00f3pez\u201d,<\/strong>&nbsp;quienes protagonizan constantes enfrentamientos armados para tener el control de la venta de droga en el lugar.<\/p>\n\n\n\n<p>El caso est\u00e1 en manos de la fiscal Andrea Lazo, quien imput\u00f3 al \u201cFachi\u201d por homicidio agravado por el uso de arma de fuego. En las pr\u00f3ximas horas se concretar\u00e1 su traslado a la penitenciar\u00eda.<\/p>\n\n\n\n<p><em>Fuente: Sitio Andino<\/em><\/p>\n","protected":false},"excerpt":{"rendered":"<p>La Divisi\u00f3n de Homicidios\u00a0detuvo este viernes al presunto autor material del\u00a0crimen de Pablo Dami\u00e1n Cataldo (21), un joven que fue asesinado a balazos en un kiosco de Luj\u00e1n de Cuyo\u00a0en un supuesto enfrentamiento por la venta de droga en la zona. El sospechoso, Andres Alexis Alcaraz (25), conocido como \u201cFachi\u201d, fue capturado en un allanamiento<a class=\"read-more\" href=\"https:\/\/elfederalmendoza.com.ar\/index.php\/2023\/03\/04\/cayo-el-fachi-acusado-de-matar-a-un-hombre-en-lujan\/\"> [&hellip;]<\/a><\/p>\n","protected":false},"author":2,"featured_media":20946,"comment_status":"open","ping_status":"open","sticky":false,"template":"","format":"standard","meta":{"footnotes":""},"categories":[1],"tags":[],"class_list":["post-20945","post","type-post","status-publish","format-standard","has-post-thumbnail","hentry","category-mza"],"rttpg_featured_image_url":{"full":["https:\/\/elfederalmendoza.com.ar\/wp-content\/uploads\/2023\/03\/detenido-andres-alexis-alcaraz.webp",790,527,false],"landscape":["https:\/\/elfederalmendoza.com.ar\/wp-content\/uploads\/2023\/03\/detenido-andres-alexis-alcaraz.webp",790,527,false],"portraits":["https:\/\/elfederalmendoza.com.ar\/wp-content\/uploads\/2023\/03\/detenido-andres-alexis-alcaraz.webp",790,527,false],"thumbnail":["https:\/\/elfederalmendoza.com.ar\/wp-content\/uploads\/2023\/03\/detenido-andres-alexis-alcaraz-150x150.webp",150,150,true],"medium":["https:\/\/elfederalmendoza.com.ar\/wp-content\/uploads\/2023\/03\/detenido-andres-alexis-alcaraz-300x200.webp",300,200,true],"large":["https:\/\/elfederalmendoza.com.ar\/wp-content\/uploads\/2023\/03\/detenido-andres-alexis-alcaraz.webp",640,427,false],"1536x1536":["https:\/\/elfederalmendoza.com.ar\/wp-content\/uploads\/2023\/03\/detenido-andres-alexis-alcaraz.webp",790,527,false],"2048x2048":["https:\/\/elfederalmendoza.com.ar\/wp-content\/uploads\/2023\/03\/detenido-andres-alexis-alcaraz.webp",790,527,false],"ultp_layout_landscape_large":["https:\/\/elfederalmendoza.com.ar\/wp-content\/uploads\/2023\/03\/detenido-andres-alexis-alcaraz.webp",790,527,false],"ultp_layout_landscape":["https:\/\/elfederalmendoza.com.ar\/wp-content\/uploads\/2023\/03\/detenido-andres-alexis-alcaraz.webp",790,527,false],"ultp_layout_portrait":["https:\/\/elfederalmendoza.com.ar\/wp-content\/uploads\/2023\/03\/detenido-andres-alexis-alcaraz-600x527.webp",600,527,true],"ultp_layout_square":["https:\/\/elfederalmendoza.com.ar\/wp-content\/uploads\/2023\/03\/detenido-andres-alexis-alcaraz-600x527.webp",600,527,true],"rpwe-thumbnail":["https:\/\/elfederalmendoza.com.ar\/wp-content\/uploads\/2023\/03\/detenido-andres-alexis-alcaraz-45x45.webp",45,45,true],"advps-thumb-one":["https:\/\/elfederalmendoza.com.ar\/wp-content\/uploads\/2023\/03\/detenido-andres-alexis-alcaraz-790x420.webp",790,420,true]},"rttpg_author":{"display_name":"Redacci\u00f3n El Federal","author_link":"https:\/\/elfederalmendoza.com.ar\/index.php\/author\/angelflores\/"},"rttpg_comment":0,"rttpg_category":"<a href=\"https:\/\/elfederalmendoza.com.ar\/index.php\/category\/mza\/\" rel=\"category tag\">Mendoza<\/a>","rttpg_excerpt":"La Divisi\u00f3n de Homicidios\u00a0detuvo este viernes al presunto autor material del\u00a0crimen de Pablo Dami\u00e1n Cataldo (21), un joven que fue asesinado a balazos en un kiosco de Luj\u00e1n de Cuyo\u00a0en un supuesto enfrentamiento por la venta de droga en la zona. El sospechoso, Andres Alexis Alcaraz (25), conocido como \u201cFachi\u201d, fue capturado en un allanamiento&hellip;","_links":{"self":[{"href":"https:\/\/elfederalmendoza.com.ar\/index.php\/wp-json\/wp\/v2\/posts\/20945","targetHints":{"allow":["GET"]}}],"collection":[{"href":"https:\/\/elfederalmendoza.com.ar\/index.php\/wp-json\/wp\/v2\/posts"}],"about":[{"href":"https:\/\/elfederalmendoza.com.ar\/index.php\/wp-json\/wp\/v2\/types\/post"}],"author":[{"embeddable":true,"href":"https:\/\/elfederalmendoza.com.ar\/index.php\/wp-json\/wp\/v2\/users\/2"}],"replies":[{"embeddable":true,"href":"https:\/\/elfederalmendoza.com.ar\/index.php\/wp-json\/wp\/v2\/comments?post=20945"}],"version-history":[{"count":1,"href":"https:\/\/elfederalmendoza.com.ar\/index.php\/wp-json\/wp\/v2\/posts\/20945\/revisions"}],"predecessor-version":[{"id":20947,"href":"https:\/\/elfederalmendoza.com.ar\/index.php\/wp-json\/wp\/v2\/posts\/20945\/revisions\/20947"}],"wp:featuredmedia":[{"embeddable":true,"href":"https:\/\/elfederalmendoza.com.ar\/index.php\/wp-json\/wp\/v2\/media\/20946"}],"wp:attachment":[{"href":"https:\/\/elfederalmendoza.com.ar\/index.php\/wp-json\/wp\/v2\/media?parent=20945"}],"wp:term":[{"taxonomy":"category","embeddable":true,"href":"https:\/\/elfederalmendoza.com.ar\/index.php\/wp-json\/wp\/v2\/categories?post=20945"},{"taxonomy":"post_tag","embeddable":true,"href":"https:\/\/elfederalmendoza.com.ar\/index.php\/wp-json\/wp\/v2\/tags?post=20945"}],"curies":[{"name":"wp","href":"https:\/\/api.w.org\/{rel}","templated":true}]}}