{"id":20948,"date":"2023-03-04T18:44:06","date_gmt":"2023-03-04T21:44:06","guid":{"rendered":"https:\/\/elfederalmendoza.com\/?p=20948"},"modified":"2023-03-04T18:44:12","modified_gmt":"2023-03-04T21:44:12","slug":"en-el-carrusel-suarez-insistio-por-el-dolar-en-la-vitivinicultura","status":"publish","type":"post","link":"https:\/\/elfederalmendoza.com.ar\/index.php\/2023\/03\/04\/en-el-carrusel-suarez-insistio-por-el-dolar-en-la-vitivinicultura\/","title":{"rendered":"En el Carrusel, Suarez insisti\u00f3 por el d\u00f3lar en la vitivinicultura"},"content":{"rendered":"\n<p>El Gobernador, Rodolfo Suarez, una vez ubicado en el palco de calle Chile, hizo referencia a los anuncios del ministro de Econom\u00eda de la Naci\u00f3n, Sergio Massa.\u00a0<\/p>\n\n\n\n<p>Al respecto, el mandatario expres\u00f3 que\u00a0<strong>\u00abes necesario esperar el\u00a0plazo de d\u00edas que \u00e9l plante\u00f3.\u00a0<\/strong>Queremos que atiendan nuestro reclamo, en cuanto a la diferenciaci\u00f3n del d\u00f3lar y que sea m\u00e1s productivo para la econom\u00eda regional. Necesitamos que no se plantee en forma temporaria, es preciso que se sostenga en el tiempo, porque el vino se comercializa a lo largo de todo el a\u00f1o\u00bb.<\/p>\n\n\n\n<p>En cuanto a las visitas pol\u00edticas nacionales, el Gobernador manifest\u00f3 \u00ablo importante es este caso es que vengan, visiten la provincia y seamos respetuosos en nuestras opiniones\u00bb.<\/p>\n\n\n\n<p>Suarez, estuvo acompa\u00f1ado por su esposa y el vice gobernador, Mario Abed; estuvieron tambi\u00e9n a su lado el gobernador de Jujuy Gerardo Morales, y Patricia Bullrich, pre candidata a Presidente de la Naci\u00f3n en las pr\u00f3ximas\u00a0PASO.<\/p>\n\n\n\n<p>Tambi\u00e9n visitan Mendoza, los senadores Carolina Losada y Luis Naidenof, acompa\u00f1ados por su par Mariana Juri y Alfredo Cornejo. Tambi\u00e9n estaba el diputado Rodrigo de Loredo entre los intendentes, legisladores y autoridades judiciales mendocinas.<\/p>\n\n\n\n<p><\/p>\n\n\n\n<p>Durante la ma\u00f1ana de este s\u00e1bado, tambi\u00e9n en el Carrusel vendimial,&nbsp; el ministro de Econom\u00eda de la Naci\u00f3n,&nbsp;<strong>Sergio Massa se refiri\u00f3<\/strong>&nbsp;al anuncio que hizo durante el desayuno de la Coviar, de un&nbsp;<strong>tipo de cambio diferencial para la vitivinicultura<\/strong>&nbsp;y critic\u00f3 que r\u00e1pidamente se le ponga un nombre marketinero como \u00abd\u00f3lar vino\u00bb o \u00abd\u00f3lar Malbec\u00bb.<\/p>\n\n\n\n<p>\u00ab<strong>C\u00f3mo va a ser el procedimiento de liquidaci\u00f3n<\/strong>, c\u00f3mo va a ser el ingreso y salida de divisas, importaciones y exportaciones, eso\u00a0<strong>lo vamos a coordinar con la Coviar en los pr\u00f3ximos veinte d\u00edas<\/strong>\u00a0, as\u00ed como lo estamos trabajando con otros sectores\u00bb, explic\u00f3.<\/p>\n\n\n\n<p><\/p>\n","protected":false},"excerpt":{"rendered":"<p>El Gobernador, Rodolfo Suarez, una vez ubicado en el palco de calle Chile, hizo referencia a los anuncios del ministro de Econom\u00eda de la Naci\u00f3n, Sergio Massa.\u00a0 Al respecto, el mandatario expres\u00f3 que\u00a0\u00abes necesario esperar el\u00a0plazo de d\u00edas que \u00e9l plante\u00f3.\u00a0Queremos que atiendan nuestro reclamo, en cuanto a la diferenciaci\u00f3n del d\u00f3lar y que sea<a class=\"read-more\" href=\"https:\/\/elfederalmendoza.com.ar\/index.php\/2023\/03\/04\/en-el-carrusel-suarez-insistio-por-el-dolar-en-la-vitivinicultura\/\"> [&hellip;]<\/a><\/p>\n","protected":false},"author":2,"featured_media":20949,"comment_status":"open","ping_status":"open","sticky":false,"template":"","format":"standard","meta":{"footnotes":""},"categories":[1],"tags":[],"class_list":["post-20948","post","type-post","status-publish","format-standard","has-post-thumbnail","hentry","category-mza"],"rttpg_featured_image_url":{"full":["https:\/\/elfederalmendoza.com.ar\/wp-content\/uploads\/2023\/03\/64038bcb484dc_570_381.jpg",570,381,false],"landscape":["https:\/\/elfederalmendoza.com.ar\/wp-content\/uploads\/2023\/03\/64038bcb484dc_570_381.jpg",570,381,false],"portraits":["https:\/\/elfederalmendoza.com.ar\/wp-content\/uploads\/2023\/03\/64038bcb484dc_570_381.jpg",570,381,false],"thumbnail":["https:\/\/elfederalmendoza.com.ar\/wp-content\/uploads\/2023\/03\/64038bcb484dc_570_381-150x150.jpg",150,150,true],"medium":["https:\/\/elfederalmendoza.com.ar\/wp-content\/uploads\/2023\/03\/64038bcb484dc_570_381-300x201.jpg",300,201,true],"large":["https:\/\/elfederalmendoza.com.ar\/wp-content\/uploads\/2023\/03\/64038bcb484dc_570_381.jpg",570,381,false],"1536x1536":["https:\/\/elfederalmendoza.com.ar\/wp-content\/uploads\/2023\/03\/64038bcb484dc_570_381.jpg",570,381,false],"2048x2048":["https:\/\/elfederalmendoza.com.ar\/wp-content\/uploads\/2023\/03\/64038bcb484dc_570_381.jpg",570,381,false],"ultp_layout_landscape_large":["https:\/\/elfederalmendoza.com.ar\/wp-content\/uploads\/2023\/03\/64038bcb484dc_570_381.jpg",570,381,false],"ultp_layout_landscape":["https:\/\/elfederalmendoza.com.ar\/wp-content\/uploads\/2023\/03\/64038bcb484dc_570_381.jpg",570,381,false],"ultp_layout_portrait":["https:\/\/elfederalmendoza.com.ar\/wp-content\/uploads\/2023\/03\/64038bcb484dc_570_381.jpg",570,381,false],"ultp_layout_square":["https:\/\/elfederalmendoza.com.ar\/wp-content\/uploads\/2023\/03\/64038bcb484dc_570_381.jpg",570,381,false],"rpwe-thumbnail":["https:\/\/elfederalmendoza.com.ar\/wp-content\/uploads\/2023\/03\/64038bcb484dc_570_381-45x45.jpg",45,45,true],"advps-thumb-one":["https:\/\/elfederalmendoza.com.ar\/wp-content\/uploads\/2023\/03\/64038bcb484dc_570_381.jpg",570,381,false]},"rttpg_author":{"display_name":"Redacci\u00f3n El Federal","author_link":"https:\/\/elfederalmendoza.com.ar\/index.php\/author\/angelflores\/"},"rttpg_comment":0,"rttpg_category":"<a href=\"https:\/\/elfederalmendoza.com.ar\/index.php\/category\/mza\/\" rel=\"category tag\">Mendoza<\/a>","rttpg_excerpt":"El Gobernador, Rodolfo Suarez, una vez ubicado en el palco de calle Chile, hizo referencia a los anuncios del ministro de Econom\u00eda de la Naci\u00f3n, Sergio Massa.\u00a0 Al respecto, el mandatario expres\u00f3 que\u00a0\u00abes necesario esperar el\u00a0plazo de d\u00edas que \u00e9l plante\u00f3.\u00a0Queremos que atiendan nuestro reclamo, en cuanto a la diferenciaci\u00f3n del d\u00f3lar y que sea&hellip;","_links":{"self":[{"href":"https:\/\/elfederalmendoza.com.ar\/index.php\/wp-json\/wp\/v2\/posts\/20948","targetHints":{"allow":["GET"]}}],"collection":[{"href":"https:\/\/elfederalmendoza.com.ar\/index.php\/wp-json\/wp\/v2\/posts"}],"about":[{"href":"https:\/\/elfederalmendoza.com.ar\/index.php\/wp-json\/wp\/v2\/types\/post"}],"author":[{"embeddable":true,"href":"https:\/\/elfederalmendoza.com.ar\/index.php\/wp-json\/wp\/v2\/users\/2"}],"replies":[{"embeddable":true,"href":"https:\/\/elfederalmendoza.com.ar\/index.php\/wp-json\/wp\/v2\/comments?post=20948"}],"version-history":[{"count":1,"href":"https:\/\/elfederalmendoza.com.ar\/index.php\/wp-json\/wp\/v2\/posts\/20948\/revisions"}],"predecessor-version":[{"id":20950,"href":"https:\/\/elfederalmendoza.com.ar\/index.php\/wp-json\/wp\/v2\/posts\/20948\/revisions\/20950"}],"wp:featuredmedia":[{"embeddable":true,"href":"https:\/\/elfederalmendoza.com.ar\/index.php\/wp-json\/wp\/v2\/media\/20949"}],"wp:attachment":[{"href":"https:\/\/elfederalmendoza.com.ar\/index.php\/wp-json\/wp\/v2\/media?parent=20948"}],"wp:term":[{"taxonomy":"category","embeddable":true,"href":"https:\/\/elfederalmendoza.com.ar\/index.php\/wp-json\/wp\/v2\/categories?post=20948"},{"taxonomy":"post_tag","embeddable":true,"href":"https:\/\/elfederalmendoza.com.ar\/index.php\/wp-json\/wp\/v2\/tags?post=20948"}],"curies":[{"name":"wp","href":"https:\/\/api.w.org\/{rel}","templated":true}]}}