{"id":20951,"date":"2023-03-04T06:58:00","date_gmt":"2023-03-04T09:58:00","guid":{"rendered":"https:\/\/elfederalmendoza.com\/?p=20951"},"modified":"2023-03-04T19:01:07","modified_gmt":"2023-03-04T22:01:07","slug":"20951","status":"publish","type":"post","link":"https:\/\/elfederalmendoza.com.ar\/index.php\/2023\/03\/04\/20951\/","title":{"rendered":"Preocupaci\u00f3n por un joven padre que desapareci\u00f3 en el oeste de Godoy Cruz"},"content":{"rendered":"\n<p><strong>La Polic\u00eda busca intensamente por estas horas<\/strong>\u00a0-con medidas concretas como rastrillajes y allanamientos- a\u00a0<strong>un joven de Godoy Cruz que fue visto por sus familiares en la tarde del domingo<\/strong>\u00a0pasado en el barrio Campo Papa.<\/p>\n\n\n\n<p>Se trata de<strong>&nbsp;Lucas Nahuel Ampuero (25)<\/strong>, un joven que tiene un hijo y que su pareja se encuentra esperando otro beb\u00e9, seg\u00fan explican sus parientes y amigos en distintas publicaciones realizadas en las redes sociales.<\/p>\n\n\n\n<p>\u201cLa denuncia est\u00e1 radicada en oficina Fiscal N3 es oriundo del departamento de Godoy Cruz, quien lo vio y puede aportar datos fehacientes\u00a0<strong>comunicarse al 911, al 2616978787 o en su defecto al 2615059914<\/strong>, entre todos podemos ayudar familiares\u201d, dice uno de los mensajes<\/p>\n\n\n\n<p>\u201cSe llama Nahuel Ampuero. El domingo a las 18:30 les dijo a sus pap\u00e1s que sal\u00eda, no ha vuelto y su tel\u00e9fono da apagado. La denuncia ya se realiz\u00f3, si alguien lo vio o sabe algo por favor comun\u00edquense a ese n\u00famero si familia est\u00e1 muy preocupada!\u201d, informa un amigo.<\/p>\n\n\n\n<p>Seg\u00fan otro posteo de Facebook, al momento de dejar su casa v<strong>est\u00eda una camiseta de Boca, un pantal\u00f3n negro y unas zapatillas con tres tiras de color azul.<\/strong><\/p>\n\n\n\n<h2 class=\"wp-block-heading\"><strong>SE INVESTIGAN VARIAS HIP\u00d3TESIS<\/strong><\/h2>\n\n\n\n<p>Luego de que al martes la hermana y la madre del chico en la Oficina Fiscal N\u00ba 3 denunciaran la desaparici\u00f3n del joven, se inici\u00f3 un expediente por paradero que est\u00e1 en manos de fiscal de Homicidios Andrea Lazo.<\/p>\n\n\n\n<p>Personal policial de B\u00fasqueda de Personas y de Investigaciones realizaron distintas medidas para dar con Ampuero, tales como rastrillajes y allanamientos en distintas zonas de Godoy Cruz, seg\u00fan explic\u00f3 una fuente que trabaja en el caso.<\/p>\n\n\n\n<p>Estas acciones apuntan a descartar algunas hip\u00f3tesis de trabajo, pues desde el c\u00edrculo \u00edntimo no se descarta que pudiera ser v\u00edctima de un homicidio e incluso que pudiera estar escondido tras haber visto o participado tangencialmente de alg\u00fan hecho delictivo.<\/p>\n\n\n\n<p><\/p>\n","protected":false},"excerpt":{"rendered":"<p>La Polic\u00eda busca intensamente por estas horas\u00a0-con medidas concretas como rastrillajes y allanamientos- a\u00a0un joven de Godoy Cruz que fue visto por sus familiares en la tarde del domingo\u00a0pasado en el barrio Campo Papa. Se trata de&nbsp;Lucas Nahuel Ampuero (25), un joven que tiene un hijo y que su pareja se encuentra esperando otro beb\u00e9,<a class=\"read-more\" href=\"https:\/\/elfederalmendoza.com.ar\/index.php\/2023\/03\/04\/20951\/\"> [&hellip;]<\/a><\/p>\n","protected":false},"author":2,"featured_media":20952,"comment_status":"open","ping_status":"open","sticky":false,"template":"","format":"standard","meta":{"footnotes":""},"categories":[1],"tags":[],"class_list":["post-20951","post","type-post","status-publish","format-standard","has-post-thumbnail","hentry","category-mza"],"rttpg_featured_image_url":{"full":["https:\/\/elfederalmendoza.com.ar\/wp-content\/uploads\/2023\/03\/WhatsApp-Image-2023-03-04-at-19.00.21.jpeg",980,640,false],"landscape":["https:\/\/elfederalmendoza.com.ar\/wp-content\/uploads\/2023\/03\/WhatsApp-Image-2023-03-04-at-19.00.21.jpeg",980,640,false],"portraits":["https:\/\/elfederalmendoza.com.ar\/wp-content\/uploads\/2023\/03\/WhatsApp-Image-2023-03-04-at-19.00.21.jpeg",980,640,false],"thumbnail":["https:\/\/elfederalmendoza.com.ar\/wp-content\/uploads\/2023\/03\/WhatsApp-Image-2023-03-04-at-19.00.21-150x150.jpeg",150,150,true],"medium":["https:\/\/elfederalmendoza.com.ar\/wp-content\/uploads\/2023\/03\/WhatsApp-Image-2023-03-04-at-19.00.21-300x196.jpeg",300,196,true],"large":["https:\/\/elfederalmendoza.com.ar\/wp-content\/uploads\/2023\/03\/WhatsApp-Image-2023-03-04-at-19.00.21.jpeg",640,418,false],"1536x1536":["https:\/\/elfederalmendoza.com.ar\/wp-content\/uploads\/2023\/03\/WhatsApp-Image-2023-03-04-at-19.00.21.jpeg",980,640,false],"2048x2048":["https:\/\/elfederalmendoza.com.ar\/wp-content\/uploads\/2023\/03\/WhatsApp-Image-2023-03-04-at-19.00.21.jpeg",980,640,false],"ultp_layout_landscape_large":["https:\/\/elfederalmendoza.com.ar\/wp-content\/uploads\/2023\/03\/WhatsApp-Image-2023-03-04-at-19.00.21.jpeg",980,640,false],"ultp_layout_landscape":["https:\/\/elfederalmendoza.com.ar\/wp-content\/uploads\/2023\/03\/WhatsApp-Image-2023-03-04-at-19.00.21-870x570.jpeg",870,570,true],"ultp_layout_portrait":["https:\/\/elfederalmendoza.com.ar\/wp-content\/uploads\/2023\/03\/WhatsApp-Image-2023-03-04-at-19.00.21-600x640.jpeg",600,640,true],"ultp_layout_square":["https:\/\/elfederalmendoza.com.ar\/wp-content\/uploads\/2023\/03\/WhatsApp-Image-2023-03-04-at-19.00.21-600x600.jpeg",600,600,true],"rpwe-thumbnail":["https:\/\/elfederalmendoza.com.ar\/wp-content\/uploads\/2023\/03\/WhatsApp-Image-2023-03-04-at-19.00.21-45x45.jpeg",45,45,true],"advps-thumb-one":["https:\/\/elfederalmendoza.com.ar\/wp-content\/uploads\/2023\/03\/WhatsApp-Image-2023-03-04-at-19.00.21-980x420.jpeg",980,420,true]},"rttpg_author":{"display_name":"Redacci\u00f3n El Federal","author_link":"https:\/\/elfederalmendoza.com.ar\/index.php\/author\/angelflores\/"},"rttpg_comment":0,"rttpg_category":"<a href=\"https:\/\/elfederalmendoza.com.ar\/index.php\/category\/mza\/\" rel=\"category tag\">Mendoza<\/a>","rttpg_excerpt":"La Polic\u00eda busca intensamente por estas horas\u00a0-con medidas concretas como rastrillajes y allanamientos- a\u00a0un joven de Godoy Cruz que fue visto por sus familiares en la tarde del domingo\u00a0pasado en el barrio Campo Papa. Se trata de&nbsp;Lucas Nahuel Ampuero (25), un joven que tiene un hijo y que su pareja se encuentra esperando otro beb\u00e9,&hellip;","_links":{"self":[{"href":"https:\/\/elfederalmendoza.com.ar\/index.php\/wp-json\/wp\/v2\/posts\/20951","targetHints":{"allow":["GET"]}}],"collection":[{"href":"https:\/\/elfederalmendoza.com.ar\/index.php\/wp-json\/wp\/v2\/posts"}],"about":[{"href":"https:\/\/elfederalmendoza.com.ar\/index.php\/wp-json\/wp\/v2\/types\/post"}],"author":[{"embeddable":true,"href":"https:\/\/elfederalmendoza.com.ar\/index.php\/wp-json\/wp\/v2\/users\/2"}],"replies":[{"embeddable":true,"href":"https:\/\/elfederalmendoza.com.ar\/index.php\/wp-json\/wp\/v2\/comments?post=20951"}],"version-history":[{"count":2,"href":"https:\/\/elfederalmendoza.com.ar\/index.php\/wp-json\/wp\/v2\/posts\/20951\/revisions"}],"predecessor-version":[{"id":20954,"href":"https:\/\/elfederalmendoza.com.ar\/index.php\/wp-json\/wp\/v2\/posts\/20951\/revisions\/20954"}],"wp:featuredmedia":[{"embeddable":true,"href":"https:\/\/elfederalmendoza.com.ar\/index.php\/wp-json\/wp\/v2\/media\/20952"}],"wp:attachment":[{"href":"https:\/\/elfederalmendoza.com.ar\/index.php\/wp-json\/wp\/v2\/media?parent=20951"}],"wp:term":[{"taxonomy":"category","embeddable":true,"href":"https:\/\/elfederalmendoza.com.ar\/index.php\/wp-json\/wp\/v2\/categories?post=20951"},{"taxonomy":"post_tag","embeddable":true,"href":"https:\/\/elfederalmendoza.com.ar\/index.php\/wp-json\/wp\/v2\/tags?post=20951"}],"curies":[{"name":"wp","href":"https:\/\/api.w.org\/{rel}","templated":true}]}}