{"id":20956,"date":"2023-03-05T08:47:11","date_gmt":"2023-03-05T11:47:11","guid":{"rendered":"https:\/\/elfederalmendoza.com\/?p=20956"},"modified":"2023-03-05T08:47:13","modified_gmt":"2023-03-05T11:47:13","slug":"fotos-ana-laura-de-la-paz-es-la-reina-nacional-de-la-vendimia-2023","status":"publish","type":"post","link":"https:\/\/elfederalmendoza.com.ar\/index.php\/2023\/03\/05\/fotos-ana-laura-de-la-paz-es-la-reina-nacional-de-la-vendimia-2023\/","title":{"rendered":"-FOTOS- Ana Laura, de La Paz, es la Reina Nacional de la Vendimia 2023"},"content":{"rendered":"\n<p>En un<strong>\u00a0teatro griego<\/strong>\u00a0colmado por el fervor de\u00a0<strong>mendocinos y turistas<\/strong>, fue elegida como reina nacional de la\u00a0<strong>Vendimia 2023 a Ana Laura Verde<\/strong>, representante de\u00a0<strong>La Paz.\u00a0<\/strong>La virreina es Gemina Navarro de Tupungato con 35 votos.<\/p>\n\n\n\n<p>La joven representante del departamento del Este provincial obtuvo la mayor cantidad de votos, con 69.\u00a0 El sistema de voto fue electr\u00f3nico y lo realiz\u00f3 el publico cuyo \u00faltimo n\u00famero del DNI fuese 8. La \u00faltima vez que<strong>\u00a0La Paz<\/strong>\u00a0tuvo reina nacional fue en 1996, cuando fue coronada Lorena Lorca. Hace 27 a\u00f1os atr\u00e1s no se hab\u00eda implementado el voto popular y por primera vez en su historia el municipio tuvo\u00a0<strong>Reina Nacional de la Vendimia.<\/strong><\/p>\n\n\n\n<figure class=\"wp-block-image size-full is-resized\"><img loading=\"lazy\" decoding=\"async\" src=\"https:\/\/elfederalmendoza.com\/wp-content\/uploads\/2023\/03\/ANA-LAURA1.jpg\" alt=\"\" class=\"wp-image-20958\" width=\"961\" height=\"532\" srcset=\"https:\/\/elfederalmendoza.com.ar\/wp-content\/uploads\/2023\/03\/ANA-LAURA1.jpg 807w, https:\/\/elfederalmendoza.com.ar\/wp-content\/uploads\/2023\/03\/ANA-LAURA1-300x166.jpg 300w, https:\/\/elfederalmendoza.com.ar\/wp-content\/uploads\/2023\/03\/ANA-LAURA1-768x425.jpg 768w\" sizes=\"auto, (max-width: 961px) 100vw, 961px\" \/><figcaption class=\"wp-element-caption\">Las nuevas soberanas nacionales de la Vendimia, Ana Laura Verde y Gemina Navarro, junto a las reinas salientes Natasha S\u00e1nchez y Giuliana Pilot.<\/figcaption><\/figure>\n\n\n\n<p><strong>Ana Laura Verde<\/strong>, la nueva reina de la&nbsp;<strong>Vendimia&nbsp;<\/strong>fue elegida para representar a su departamento en una fiesta llamada&nbsp;<strong>\u00abRacimos de Sabidur\u00eda\u00bb<\/strong>. Tiene 22 a\u00f1os, es estudiante de la&nbsp;<strong>Licenciatura en Enolog\u00eda<\/strong>, represent\u00f3 al&nbsp;<strong>Club Defensores del Este.<\/strong><\/p>\n\n\n\n<h2 class=\"wp-block-heading\"><strong>Los momentos m\u00e1s emotivos para Ana Laura<\/strong><\/h2>\n\n\n\n<figure class=\"wp-block-image is-resized\"><img loading=\"lazy\" decoding=\"async\" src=\"https:\/\/www.mendozapost.com\/files\/image\/463\/463241\/64040c80ef399_570_326!.jpg?s=29d73e59b6d9f6e69189b6697f4a40aa&amp;d=1677986948\" alt=\"\" width=\"964\" height=\"551\"\/><figcaption class=\"wp-element-caption\">Gemina de Tupungato es la virreina y Ana Laura de La Paz la reina.&nbsp;<\/figcaption><\/figure>\n\n\n\n<figure class=\"wp-block-image is-resized\"><img loading=\"lazy\" decoding=\"async\" src=\"https:\/\/www.mendozapost.com\/files\/image\/463\/463245\/64040d2979a95_570_425!.jpg?s=f8c7708b0dea7083e1ef8cb2fad682ad&amp;d=1677987115\" alt=\"\" width=\"964\" height=\"719\"\/><figcaption class=\"wp-element-caption\">La coronaci\u00f3n de Gemina.<\/figcaption><\/figure>\n\n\n\n<figure class=\"wp-block-image is-resized\"><img loading=\"lazy\" decoding=\"async\" src=\"https:\/\/www.mendozapost.com\/files\/image\/463\/463243\/64040d1b71283_570_424!.jpg?s=d27a3ee15cb4b338cce0e8a516b3b0fc&amp;d=1677987504\" alt=\"\" width=\"963\" height=\"716\"\/><figcaption class=\"wp-element-caption\">Las nuevas soberanas vendimiales.<\/figcaption><\/figure>\n\n\n\n<figure class=\"wp-block-image is-resized\"><img loading=\"lazy\" decoding=\"async\" src=\"https:\/\/www.mendozapost.com\/files\/image\/463\/463221\/6403fe6ed52c9_570_379!.jpg?s=2abab13a8866043c974d961640971db2&amp;d=1677983345\" alt=\"\" width=\"957\" height=\"636\"\/><figcaption class=\"wp-element-caption\">Ana Laura, junto al intendente Fernando Ubieta.&nbsp;<\/figcaption><\/figure>\n\n\n\n<p><em>\u00abJuglares de Vendimia, un canto a la naturaleza\u00bb<\/em>, con direcci\u00f3n general de Franco Ag\u00fcero y guion de Jorgelina Flores,&nbsp;<em>\u00abfue la celebraci\u00f3n de lo extraordinario, de que, ante las adversidades, con trabajo, logramos transformar esta tierra en toda una industria que nos identifica y nos posiciona en el mundo. Es nuestra cultura\u00bb<\/em>, inform\u00f3 el Gobierno de Mendoza en su p\u00e1gina web.<\/p>\n\n\n\n<p>Este a\u00f1o, la Fiesta Nacional de la Vendimia present\u00f3 un espect\u00e1culo con una impactante puesta de m\u00e1s de 1.300 piezas de vestuario y 650 metros de cajas lum\u00ednicas.<\/p>\n\n\n\n<figure class=\"wp-block-image\"><img decoding=\"async\" src=\"https:\/\/www.mendozapost.com\/files\/image\/463\/463225\/6404083850bd0.jpg\" alt=\"\"\/><\/figure>\n\n\n\n<figure class=\"wp-block-image is-resized\"><img loading=\"lazy\" decoding=\"async\" src=\"https:\/\/www.mendozapost.com\/files\/image\/463\/463227\/640408424e5f4_570_321!.jpg?s=f53ba8b3c3f02f55b86cc234470f05d1&amp;d=1677985861\" alt=\"\" width=\"962\" height=\"542\"\/><\/figure>\n\n\n\n<figure class=\"wp-block-image is-resized\"><img loading=\"lazy\" decoding=\"async\" src=\"https:\/\/www.mendozapost.com\/files\/image\/463\/463229\/6404084fa02e8_570_317!.jpg?s=4c15ff8d9c10d89aa34d8a81c749164e&amp;d=1677985874\" alt=\"\" width=\"964\" height=\"536\"\/><\/figure>\n\n\n\n<figure class=\"wp-block-image is-resized\"><img loading=\"lazy\" decoding=\"async\" src=\"https:\/\/www.mendozapost.com\/files\/image\/463\/463231\/64040858737d3_570_334!.jpg?s=0d368fb18d408d00f411673878d2e9bf&amp;d=1677985883\" alt=\"\" width=\"961\" height=\"563\"\/><\/figure>\n\n\n\n<p>El carro de La Paz en la V\u00eda Blanca<\/p>\n\n\n\n<h2 class=\"wp-block-heading\"><strong>Fotos de la coronaci\u00f3n<\/strong><\/h2>\n\n\n\n<figure class=\"wp-block-image is-resized\"><img loading=\"lazy\" decoding=\"async\" src=\"https:\/\/www.mendozapost.com\/files\/image\/463\/463249\/64040f5fc825e_570_321!.jpg?s=58d2b4b2884f3d3939164983f71b88be&amp;d=1677987682\" alt=\"\" width=\"964\" height=\"543\"\/><\/figure>\n\n\n\n<figure class=\"wp-block-image is-resized\"><img loading=\"lazy\" decoding=\"async\" src=\"https:\/\/www.mendozapost.com\/files\/image\/463\/463251\/64040f67830c3_570_321!.jpg?s=70f61da0d57bd9d62d539fbbbdcb6ded&amp;d=1677987689\" alt=\"\" width=\"968\" height=\"545\"\/><\/figure>\n\n\n\n<figure class=\"wp-block-image is-resized\"><img loading=\"lazy\" decoding=\"async\" src=\"https:\/\/www.mendozapost.com\/files\/image\/463\/463253\/64040f6f5a1df_570_424!.jpg?s=140fee59f92c10765ef866dbc109d5a2&amp;d=1677987697\" alt=\"\" width=\"962\" height=\"716\"\/><\/figure>\n\n\n\n<figure class=\"wp-block-image is-resized\"><img loading=\"lazy\" decoding=\"async\" src=\"https:\/\/www.mendozapost.com\/files\/image\/463\/463255\/6404112e76567_570_315!.jpg?s=c51cde63694f13595efb5572168adf74&amp;d=1677988146\" alt=\"\" width=\"966\" height=\"534\"\/><\/figure>\n","protected":false},"excerpt":{"rendered":"<p>En un\u00a0teatro griego\u00a0colmado por el fervor de\u00a0mendocinos y turistas, fue elegida como reina nacional de la\u00a0Vendimia 2023 a Ana Laura Verde, representante de\u00a0La Paz.\u00a0La virreina es Gemina Navarro de Tupungato con 35 votos. La joven representante del departamento del Este provincial obtuvo la mayor cantidad de votos, con 69.\u00a0 El sistema de voto fue electr\u00f3nico<a class=\"read-more\" href=\"https:\/\/elfederalmendoza.com.ar\/index.php\/2023\/03\/05\/fotos-ana-laura-de-la-paz-es-la-reina-nacional-de-la-vendimia-2023\/\"> [&hellip;]<\/a><\/p>\n","protected":false},"author":2,"featured_media":20957,"comment_status":"open","ping_status":"open","sticky":false,"template":"","format":"standard","meta":{"footnotes":""},"categories":[1],"tags":[],"class_list":["post-20956","post","type-post","status-publish","format-standard","has-post-thumbnail","hentry","category-mza"],"rttpg_featured_image_url":{"full":["https:\/\/elfederalmendoza.com.ar\/wp-content\/uploads\/2023\/03\/ana-laura.jpg",1178,644,false],"landscape":["https:\/\/elfederalmendoza.com.ar\/wp-content\/uploads\/2023\/03\/ana-laura.jpg",1178,644,false],"portraits":["https:\/\/elfederalmendoza.com.ar\/wp-content\/uploads\/2023\/03\/ana-laura.jpg",1178,644,false],"thumbnail":["https:\/\/elfederalmendoza.com.ar\/wp-content\/uploads\/2023\/03\/ana-laura-150x150.jpg",150,150,true],"medium":["https:\/\/elfederalmendoza.com.ar\/wp-content\/uploads\/2023\/03\/ana-laura-300x164.jpg",300,164,true],"large":["https:\/\/elfederalmendoza.com.ar\/wp-content\/uploads\/2023\/03\/ana-laura-1024x560.jpg",640,350,true],"1536x1536":["https:\/\/elfederalmendoza.com.ar\/wp-content\/uploads\/2023\/03\/ana-laura.jpg",1178,644,false],"2048x2048":["https:\/\/elfederalmendoza.com.ar\/wp-content\/uploads\/2023\/03\/ana-laura.jpg",1178,644,false],"ultp_layout_landscape_large":["https:\/\/elfederalmendoza.com.ar\/wp-content\/uploads\/2023\/03\/ana-laura.jpg",1178,644,false],"ultp_layout_landscape":["https:\/\/elfederalmendoza.com.ar\/wp-content\/uploads\/2023\/03\/ana-laura-870x570.jpg",870,570,true],"ultp_layout_portrait":["https:\/\/elfederalmendoza.com.ar\/wp-content\/uploads\/2023\/03\/ana-laura-600x644.jpg",600,644,true],"ultp_layout_square":["https:\/\/elfederalmendoza.com.ar\/wp-content\/uploads\/2023\/03\/ana-laura-600x600.jpg",600,600,true],"rpwe-thumbnail":["https:\/\/elfederalmendoza.com.ar\/wp-content\/uploads\/2023\/03\/ana-laura-45x45.jpg",45,45,true],"advps-thumb-one":["https:\/\/elfederalmendoza.com.ar\/wp-content\/uploads\/2023\/03\/ana-laura-1178x420.jpg",1178,420,true]},"rttpg_author":{"display_name":"Redacci\u00f3n El Federal","author_link":"https:\/\/elfederalmendoza.com.ar\/index.php\/author\/angelflores\/"},"rttpg_comment":0,"rttpg_category":"<a href=\"https:\/\/elfederalmendoza.com.ar\/index.php\/category\/mza\/\" rel=\"category tag\">Mendoza<\/a>","rttpg_excerpt":"En un\u00a0teatro griego\u00a0colmado por el fervor de\u00a0mendocinos y turistas, fue elegida como reina nacional de la\u00a0Vendimia 2023 a Ana Laura Verde, representante de\u00a0La Paz.\u00a0La virreina es Gemina Navarro de Tupungato con 35 votos. La joven representante del departamento del Este provincial obtuvo la mayor cantidad de votos, con 69.\u00a0 El sistema de voto fue electr\u00f3nico&hellip;","_links":{"self":[{"href":"https:\/\/elfederalmendoza.com.ar\/index.php\/wp-json\/wp\/v2\/posts\/20956","targetHints":{"allow":["GET"]}}],"collection":[{"href":"https:\/\/elfederalmendoza.com.ar\/index.php\/wp-json\/wp\/v2\/posts"}],"about":[{"href":"https:\/\/elfederalmendoza.com.ar\/index.php\/wp-json\/wp\/v2\/types\/post"}],"author":[{"embeddable":true,"href":"https:\/\/elfederalmendoza.com.ar\/index.php\/wp-json\/wp\/v2\/users\/2"}],"replies":[{"embeddable":true,"href":"https:\/\/elfederalmendoza.com.ar\/index.php\/wp-json\/wp\/v2\/comments?post=20956"}],"version-history":[{"count":1,"href":"https:\/\/elfederalmendoza.com.ar\/index.php\/wp-json\/wp\/v2\/posts\/20956\/revisions"}],"predecessor-version":[{"id":20959,"href":"https:\/\/elfederalmendoza.com.ar\/index.php\/wp-json\/wp\/v2\/posts\/20956\/revisions\/20959"}],"wp:featuredmedia":[{"embeddable":true,"href":"https:\/\/elfederalmendoza.com.ar\/index.php\/wp-json\/wp\/v2\/media\/20957"}],"wp:attachment":[{"href":"https:\/\/elfederalmendoza.com.ar\/index.php\/wp-json\/wp\/v2\/media?parent=20956"}],"wp:term":[{"taxonomy":"category","embeddable":true,"href":"https:\/\/elfederalmendoza.com.ar\/index.php\/wp-json\/wp\/v2\/categories?post=20956"},{"taxonomy":"post_tag","embeddable":true,"href":"https:\/\/elfederalmendoza.com.ar\/index.php\/wp-json\/wp\/v2\/tags?post=20956"}],"curies":[{"name":"wp","href":"https:\/\/api.w.org\/{rel}","templated":true}]}}