{"id":20960,"date":"2023-03-05T06:11:00","date_gmt":"2023-03-05T09:11:00","guid":{"rendered":"https:\/\/elfederalmendoza.com\/?p=20960"},"modified":"2023-03-05T09:18:29","modified_gmt":"2023-03-05T12:18:29","slug":"videos-el-momento-que-un-joven-le-propuso-casamiento-a-su-novia-ante-20-mil-espectadores","status":"publish","type":"post","link":"https:\/\/elfederalmendoza.com.ar\/index.php\/2023\/03\/05\/videos-el-momento-que-un-joven-le-propuso-casamiento-a-su-novia-ante-20-mil-espectadores\/","title":{"rendered":"-VIDEOS- El momento que un joven le propuso casamiento a su novia ante 20 mil espectadores"},"content":{"rendered":"\n<p><em>&nbsp;\u00ab\u00a1Viva el amor!\u00bb<\/em>, gritaron todos los presentes en el&nbsp;<strong>Frank Romero Day<\/strong>&nbsp;en una situaci\u00f3n que dej\u00f3 sorprendidos a propios y extra\u00f1os. Con la complicidad de&nbsp;<strong>Julieta Farmache&nbsp;<\/strong>y<strong>&nbsp;Juli\u00e1n Chaber<\/strong>t, encargados de la locuci\u00f3n del<strong>&nbsp;Acto Central&nbsp;<\/strong>de la&nbsp;<strong>Fiesta Nacional de la Vendimia<\/strong>, Mat\u00edas le propuso casamiento a Camila en medio del escenario central.<\/p>\n\n\n\n<p><strong>Camila Sol Morales&nbsp;<\/strong>fue reina de Lavalle y virreina nacional de la Vendimia en 2015 y por eso estaba vestida de gala, junto a su pareja, en el lugar indicado para las soberanas de mandato cumplido. Julieta y Juli\u00e1n&nbsp;<em>\u00abbuscaban historias de amor\u00bb<\/em>&nbsp;y entrevistaron al joven, pero no por casualidad.&nbsp;&nbsp;<em>\u00abConoc\u00ed a Vendimia por ella\u00bb<\/em>, cont\u00f3. Y los hicieron subir al escenario central mientras le preguntaban cu\u00e1nto tiempo llevaban de novios.&nbsp;<em>\u00abTres a\u00f1os\u00bb&nbsp;<\/em>fue la respuesta que dio paso a lo inesperado.<\/p>\n\n\n\n<p>Ante la mirada de todos los presentes,&nbsp;<strong>Mat\u00edas se arrodill\u00f3, sac\u00f3 un anillo y le propuso casamiento a Camila<\/strong>, qui\u00e9n no lo pod\u00eda creer y se larg\u00f3 a llorar. Ambos se fundieron en un abrazo y el p\u00fablico aplaudi\u00f3 con entusiasmo el triunfo del amor. El joven le expres\u00f3 a medios locales&nbsp;que&nbsp;<em>\u00abdesde hace meses\u00bb<\/em>&nbsp;estaba planificada la propuesta junto a los locutores y locutoras.<\/p>\n\n\n\n<figure class=\"wp-block-video\"><video controls src=\"https:\/\/elfederalmendoza.com\/wp-content\/uploads\/2023\/03\/Studio_Project-2.mp4\"><\/video><\/figure>\n\n\n\n<figure class=\"wp-block-video\"><video controls src=\"https:\/\/elfederalmendoza.com\/wp-content\/uploads\/2023\/03\/Studio_Project-3.mp4\"><\/video><\/figure>\n","protected":false},"excerpt":{"rendered":"<p>&nbsp;\u00ab\u00a1Viva el amor!\u00bb, gritaron todos los presentes en el&nbsp;Frank Romero Day&nbsp;en una situaci\u00f3n que dej\u00f3 sorprendidos a propios y extra\u00f1os. Con la complicidad de&nbsp;Julieta Farmache&nbsp;y&nbsp;Juli\u00e1n Chabert, encargados de la locuci\u00f3n del&nbsp;Acto Central&nbsp;de la&nbsp;Fiesta Nacional de la Vendimia, Mat\u00edas le propuso casamiento a Camila en medio del escenario central. Camila Sol Morales&nbsp;fue reina de Lavalle y<a class=\"read-more\" href=\"https:\/\/elfederalmendoza.com.ar\/index.php\/2023\/03\/05\/videos-el-momento-que-un-joven-le-propuso-casamiento-a-su-novia-ante-20-mil-espectadores\/\"> [&hellip;]<\/a><\/p>\n","protected":false},"author":2,"featured_media":20963,"comment_status":"open","ping_status":"open","sticky":false,"template":"","format":"standard","meta":{"footnotes":""},"categories":[1],"tags":[],"class_list":["post-20960","post","type-post","status-publish","format-standard","has-post-thumbnail","hentry","category-mza"],"rttpg_featured_image_url":{"full":["https:\/\/elfederalmendoza.com.ar\/wp-content\/uploads\/2023\/03\/propuesta.jpg",1030,536,false],"landscape":["https:\/\/elfederalmendoza.com.ar\/wp-content\/uploads\/2023\/03\/propuesta.jpg",1030,536,false],"portraits":["https:\/\/elfederalmendoza.com.ar\/wp-content\/uploads\/2023\/03\/propuesta.jpg",1030,536,false],"thumbnail":["https:\/\/elfederalmendoza.com.ar\/wp-content\/uploads\/2023\/03\/propuesta-150x150.jpg",150,150,true],"medium":["https:\/\/elfederalmendoza.com.ar\/wp-content\/uploads\/2023\/03\/propuesta-300x156.jpg",300,156,true],"large":["https:\/\/elfederalmendoza.com.ar\/wp-content\/uploads\/2023\/03\/propuesta-1024x533.jpg",640,333,true],"1536x1536":["https:\/\/elfederalmendoza.com.ar\/wp-content\/uploads\/2023\/03\/propuesta.jpg",1030,536,false],"2048x2048":["https:\/\/elfederalmendoza.com.ar\/wp-content\/uploads\/2023\/03\/propuesta.jpg",1030,536,false],"ultp_layout_landscape_large":["https:\/\/elfederalmendoza.com.ar\/wp-content\/uploads\/2023\/03\/propuesta.jpg",1030,536,false],"ultp_layout_landscape":["https:\/\/elfederalmendoza.com.ar\/wp-content\/uploads\/2023\/03\/propuesta-870x536.jpg",870,536,true],"ultp_layout_portrait":["https:\/\/elfederalmendoza.com.ar\/wp-content\/uploads\/2023\/03\/propuesta-600x536.jpg",600,536,true],"ultp_layout_square":["https:\/\/elfederalmendoza.com.ar\/wp-content\/uploads\/2023\/03\/propuesta-600x536.jpg",600,536,true],"rpwe-thumbnail":["https:\/\/elfederalmendoza.com.ar\/wp-content\/uploads\/2023\/03\/propuesta-45x45.jpg",45,45,true],"advps-thumb-one":["https:\/\/elfederalmendoza.com.ar\/wp-content\/uploads\/2023\/03\/propuesta-1030x420.jpg",1030,420,true]},"rttpg_author":{"display_name":"Redacci\u00f3n El Federal","author_link":"https:\/\/elfederalmendoza.com.ar\/index.php\/author\/angelflores\/"},"rttpg_comment":0,"rttpg_category":"<a href=\"https:\/\/elfederalmendoza.com.ar\/index.php\/category\/mza\/\" rel=\"category tag\">Mendoza<\/a>","rttpg_excerpt":"&nbsp;\u00ab\u00a1Viva el amor!\u00bb, gritaron todos los presentes en el&nbsp;Frank Romero Day&nbsp;en una situaci\u00f3n que dej\u00f3 sorprendidos a propios y extra\u00f1os. Con la complicidad de&nbsp;Julieta Farmache&nbsp;y&nbsp;Juli\u00e1n Chabert, encargados de la locuci\u00f3n del&nbsp;Acto Central&nbsp;de la&nbsp;Fiesta Nacional de la Vendimia, Mat\u00edas le propuso casamiento a Camila en medio del escenario central. Camila Sol Morales&nbsp;fue reina de Lavalle y&hellip;","_links":{"self":[{"href":"https:\/\/elfederalmendoza.com.ar\/index.php\/wp-json\/wp\/v2\/posts\/20960","targetHints":{"allow":["GET"]}}],"collection":[{"href":"https:\/\/elfederalmendoza.com.ar\/index.php\/wp-json\/wp\/v2\/posts"}],"about":[{"href":"https:\/\/elfederalmendoza.com.ar\/index.php\/wp-json\/wp\/v2\/types\/post"}],"author":[{"embeddable":true,"href":"https:\/\/elfederalmendoza.com.ar\/index.php\/wp-json\/wp\/v2\/users\/2"}],"replies":[{"embeddable":true,"href":"https:\/\/elfederalmendoza.com.ar\/index.php\/wp-json\/wp\/v2\/comments?post=20960"}],"version-history":[{"count":2,"href":"https:\/\/elfederalmendoza.com.ar\/index.php\/wp-json\/wp\/v2\/posts\/20960\/revisions"}],"predecessor-version":[{"id":20965,"href":"https:\/\/elfederalmendoza.com.ar\/index.php\/wp-json\/wp\/v2\/posts\/20960\/revisions\/20965"}],"wp:featuredmedia":[{"embeddable":true,"href":"https:\/\/elfederalmendoza.com.ar\/index.php\/wp-json\/wp\/v2\/media\/20963"}],"wp:attachment":[{"href":"https:\/\/elfederalmendoza.com.ar\/index.php\/wp-json\/wp\/v2\/media?parent=20960"}],"wp:term":[{"taxonomy":"category","embeddable":true,"href":"https:\/\/elfederalmendoza.com.ar\/index.php\/wp-json\/wp\/v2\/categories?post=20960"},{"taxonomy":"post_tag","embeddable":true,"href":"https:\/\/elfederalmendoza.com.ar\/index.php\/wp-json\/wp\/v2\/tags?post=20960"}],"curies":[{"name":"wp","href":"https:\/\/api.w.org\/{rel}","templated":true}]}}