{"id":20966,"date":"2023-03-05T05:56:00","date_gmt":"2023-03-05T08:56:00","guid":{"rendered":"https:\/\/elfederalmendoza.com\/?p=20966"},"modified":"2023-03-05T09:57:09","modified_gmt":"2023-03-05T12:57:09","slug":"duras-criticas-a-juglares-de-vendimia-una-fiesta-con-un-guion-rebuscado-y-sin-tonadas-mendocinas","status":"publish","type":"post","link":"https:\/\/elfederalmendoza.com.ar\/index.php\/2023\/03\/05\/duras-criticas-a-juglares-de-vendimia-una-fiesta-con-un-guion-rebuscado-y-sin-tonadas-mendocinas\/","title":{"rendered":"Duras cr\u00edticas a \u00abJuglares de Vendimia\u00bb: Una fiesta con un guion rebuscado y sin tonadas mendocinas"},"content":{"rendered":"\n<p><strong>Los puntos m\u00e1s bajos se registraron en todo lo que fue teatralizaci\u00f3n.<\/strong>\u00a0Hay una forma de gesticular y de decir las cosas en Vendimia que suena forzada, falsa. Y eso ocurri\u00f3 en los parlamentos de casi todos los juglares.\u00a0<strong>Tampoco result\u00f3 eficaz la incorporaci\u00f3n de la murga La Buena Moza<\/strong>. El comienzo del espect\u00e1culo con ellos fue pobr\u00edsimo, seg\u00fan <a href=\"https:\/\/www.diariouno.com.ar\/opinion\/juglares-claroscuros-como-se-vio-la-tv-la-fiesta-la-vendimia-n1081442\">Diario Uno.<\/a><\/p>\n\n\n\n<p><strong>Un ingeniero en sonido pareci\u00f3 faltar para separar con sapiencia la m\u00fasica y los textos<\/strong>. En la televisi\u00f3n ambos factores parecieron acoplarse en varios momentos, lo cual no dej\u00f3 escuchar bien al relator ni a los m\u00fasicos. Tal vez en el anfiteatro hayan sonado de una mejor manera.<\/p>\n\n\n\n<figure class=\"wp-block-image size-full is-resized\"><img loading=\"lazy\" decoding=\"async\" src=\"https:\/\/elfederalmendoza.com\/wp-content\/uploads\/2023\/03\/vendimia1.jpg\" alt=\"\" class=\"wp-image-20969\" width=\"965\" height=\"533\" srcset=\"https:\/\/elfederalmendoza.com.ar\/wp-content\/uploads\/2023\/03\/vendimia1.jpg 813w, https:\/\/elfederalmendoza.com.ar\/wp-content\/uploads\/2023\/03\/vendimia1-300x166.jpg 300w, https:\/\/elfederalmendoza.com.ar\/wp-content\/uploads\/2023\/03\/vendimia1-768x424.jpg 768w\" sizes=\"auto, (max-width: 965px) 100vw, 965px\" \/><\/figure>\n\n\n\n<p>Deber\u00edamos probar alguna vez una especie de Vendimia muda,&nbsp;<strong>sin esa remanida poes\u00eda vendimial.&nbsp;<\/strong>Una puesta en escena donde,&nbsp;<strong>como en las viejas pel\u00edculas sin sonido,<\/strong>&nbsp;aparecieran carteles -antes de cada cuadro- para anunciar lo que estuviese por venir. Por ejemplo: Inicio del mundo; Los huarpes; Las primeras cepas. Los inmigrantes. El granizo. Capital del vino. La Virgen. Sin textos dichos con gola. S\u00f3lo con escenograf\u00edas y bailes.<\/p>\n\n\n\n<p>\u00abPor lo menos hasta que aprendamos<strong>\u00a0que hay que plantear de otra manera los guiones\u00bb, dijeron especialistas del diario.<\/strong><\/p>\n\n\n\n<p>Muchos disfrutaron el fragmento a la <strong>Virgen de la Carrodilla<\/strong>, <strong>y otros esperaron una buena tonada mendocina que nunca lleg\u00f3<\/strong>. Altibajos una y otra vez que no alcanzaron a entusiasmar al p\u00fablico con versos rebuscados, baches en la transici\u00f3n del guion y sin al menos,<strong> fragmentos de m\u00fasica cl\u00e1sica folcl\u00f3rica, herramienta inefable de \u00e9xito<\/strong>, y que levantan a la gente.<\/p>\n\n\n\n<figure class=\"wp-block-image size-full is-resized\"><img loading=\"lazy\" decoding=\"async\" src=\"https:\/\/elfederalmendoza.com\/wp-content\/uploads\/2023\/03\/vendimia3.jpg\" alt=\"\" class=\"wp-image-20968\" width=\"962\" height=\"518\" srcset=\"https:\/\/elfederalmendoza.com.ar\/wp-content\/uploads\/2023\/03\/vendimia3.jpg 804w, https:\/\/elfederalmendoza.com.ar\/wp-content\/uploads\/2023\/03\/vendimia3-300x162.jpg 300w, https:\/\/elfederalmendoza.com.ar\/wp-content\/uploads\/2023\/03\/vendimia3-768x414.jpg 768w\" sizes=\"auto, (max-width: 962px) 100vw, 962px\" \/><\/figure>\n\n\n\n<p>Tener un buen gui\u00f3n, no es sin\u00f3nimo de palabrer\u00edo ni de catecismos literarios.&nbsp;<strong>Es, por el contrario, algo vital para asegurar la estructura de un gran espect\u00e1culo vendimial.<\/strong><\/p>\n\n\n\n<p><strong>Jorgelina Flores<\/strong>, la guionista de la Fiesta,&nbsp;<strong>no ha podido sortear con eficacia esa trampa<\/strong>.&nbsp;<strong>O quiz\u00e1s no ha querido<\/strong>.<\/p>\n\n\n\n<p>La idea de que la falta de cuidados de la naturaleza afecte la calidad de los vinos, podr\u00eda haber sido un buen punto de partida,\u00a0<strong>pero las grandilocuencias de la autora\u00a0<\/strong>al convocar a la madre Naturaleza y a su hija la Vendimia para que junto con un grupo de juglares salgan por el mundo y se retrotraigan en el tiempo a fin de investigar por qu\u00e9 el vino est\u00e1 amargo,\u00a0<strong>es un disparate. Y no precisamente po\u00e9tico.<\/strong><\/p>\n\n\n\n<figure class=\"wp-block-image size-full is-resized\"><img loading=\"lazy\" decoding=\"async\" src=\"https:\/\/elfederalmendoza.com\/wp-content\/uploads\/2023\/03\/vendimia2.jpg\" alt=\"\" class=\"wp-image-20970\" width=\"964\" height=\"536\" srcset=\"https:\/\/elfederalmendoza.com.ar\/wp-content\/uploads\/2023\/03\/vendimia2.jpg 813w, https:\/\/elfederalmendoza.com.ar\/wp-content\/uploads\/2023\/03\/vendimia2-300x167.jpg 300w, https:\/\/elfederalmendoza.com.ar\/wp-content\/uploads\/2023\/03\/vendimia2-768x427.jpg 768w\" sizes=\"auto, (max-width: 964px) 100vw, 964px\" \/><\/figure>\n\n\n\n<p><\/p>\n","protected":false},"excerpt":{"rendered":"<p>Los puntos m\u00e1s bajos se registraron en todo lo que fue teatralizaci\u00f3n.\u00a0Hay una forma de gesticular y de decir las cosas en Vendimia que suena forzada, falsa. Y eso ocurri\u00f3 en los parlamentos de casi todos los juglares.\u00a0Tampoco result\u00f3 eficaz la incorporaci\u00f3n de la murga La Buena Moza. El comienzo del espect\u00e1culo con ellos fue<a class=\"read-more\" href=\"https:\/\/elfederalmendoza.com.ar\/index.php\/2023\/03\/05\/duras-criticas-a-juglares-de-vendimia-una-fiesta-con-un-guion-rebuscado-y-sin-tonadas-mendocinas\/\"> [&hellip;]<\/a><\/p>\n","protected":false},"author":2,"featured_media":20967,"comment_status":"open","ping_status":"open","sticky":false,"template":"","format":"standard","meta":{"footnotes":""},"categories":[1],"tags":[],"class_list":["post-20966","post","type-post","status-publish","format-standard","has-post-thumbnail","hentry","category-mza"],"rttpg_featured_image_url":{"full":["https:\/\/elfederalmendoza.com.ar\/wp-content\/uploads\/2023\/03\/VENDIMIA.jpg",1151,633,false],"landscape":["https:\/\/elfederalmendoza.com.ar\/wp-content\/uploads\/2023\/03\/VENDIMIA.jpg",1151,633,false],"portraits":["https:\/\/elfederalmendoza.com.ar\/wp-content\/uploads\/2023\/03\/VENDIMIA.jpg",1151,633,false],"thumbnail":["https:\/\/elfederalmendoza.com.ar\/wp-content\/uploads\/2023\/03\/VENDIMIA-150x150.jpg",150,150,true],"medium":["https:\/\/elfederalmendoza.com.ar\/wp-content\/uploads\/2023\/03\/VENDIMIA-300x165.jpg",300,165,true],"large":["https:\/\/elfederalmendoza.com.ar\/wp-content\/uploads\/2023\/03\/VENDIMIA-1024x563.jpg",640,352,true],"1536x1536":["https:\/\/elfederalmendoza.com.ar\/wp-content\/uploads\/2023\/03\/VENDIMIA.jpg",1151,633,false],"2048x2048":["https:\/\/elfederalmendoza.com.ar\/wp-content\/uploads\/2023\/03\/VENDIMIA.jpg",1151,633,false],"ultp_layout_landscape_large":["https:\/\/elfederalmendoza.com.ar\/wp-content\/uploads\/2023\/03\/VENDIMIA.jpg",1151,633,false],"ultp_layout_landscape":["https:\/\/elfederalmendoza.com.ar\/wp-content\/uploads\/2023\/03\/VENDIMIA-870x570.jpg",870,570,true],"ultp_layout_portrait":["https:\/\/elfederalmendoza.com.ar\/wp-content\/uploads\/2023\/03\/VENDIMIA-600x633.jpg",600,633,true],"ultp_layout_square":["https:\/\/elfederalmendoza.com.ar\/wp-content\/uploads\/2023\/03\/VENDIMIA-600x600.jpg",600,600,true],"rpwe-thumbnail":["https:\/\/elfederalmendoza.com.ar\/wp-content\/uploads\/2023\/03\/VENDIMIA-45x45.jpg",45,45,true],"advps-thumb-one":["https:\/\/elfederalmendoza.com.ar\/wp-content\/uploads\/2023\/03\/VENDIMIA-1151x420.jpg",1151,420,true]},"rttpg_author":{"display_name":"Redacci\u00f3n El Federal","author_link":"https:\/\/elfederalmendoza.com.ar\/index.php\/author\/angelflores\/"},"rttpg_comment":0,"rttpg_category":"<a href=\"https:\/\/elfederalmendoza.com.ar\/index.php\/category\/mza\/\" rel=\"category tag\">Mendoza<\/a>","rttpg_excerpt":"Los puntos m\u00e1s bajos se registraron en todo lo que fue teatralizaci\u00f3n.\u00a0Hay una forma de gesticular y de decir las cosas en Vendimia que suena forzada, falsa. Y eso ocurri\u00f3 en los parlamentos de casi todos los juglares.\u00a0Tampoco result\u00f3 eficaz la incorporaci\u00f3n de la murga La Buena Moza. El comienzo del espect\u00e1culo con ellos fue&hellip;","_links":{"self":[{"href":"https:\/\/elfederalmendoza.com.ar\/index.php\/wp-json\/wp\/v2\/posts\/20966","targetHints":{"allow":["GET"]}}],"collection":[{"href":"https:\/\/elfederalmendoza.com.ar\/index.php\/wp-json\/wp\/v2\/posts"}],"about":[{"href":"https:\/\/elfederalmendoza.com.ar\/index.php\/wp-json\/wp\/v2\/types\/post"}],"author":[{"embeddable":true,"href":"https:\/\/elfederalmendoza.com.ar\/index.php\/wp-json\/wp\/v2\/users\/2"}],"replies":[{"embeddable":true,"href":"https:\/\/elfederalmendoza.com.ar\/index.php\/wp-json\/wp\/v2\/comments?post=20966"}],"version-history":[{"count":1,"href":"https:\/\/elfederalmendoza.com.ar\/index.php\/wp-json\/wp\/v2\/posts\/20966\/revisions"}],"predecessor-version":[{"id":20971,"href":"https:\/\/elfederalmendoza.com.ar\/index.php\/wp-json\/wp\/v2\/posts\/20966\/revisions\/20971"}],"wp:featuredmedia":[{"embeddable":true,"href":"https:\/\/elfederalmendoza.com.ar\/index.php\/wp-json\/wp\/v2\/media\/20967"}],"wp:attachment":[{"href":"https:\/\/elfederalmendoza.com.ar\/index.php\/wp-json\/wp\/v2\/media?parent=20966"}],"wp:term":[{"taxonomy":"category","embeddable":true,"href":"https:\/\/elfederalmendoza.com.ar\/index.php\/wp-json\/wp\/v2\/categories?post=20966"},{"taxonomy":"post_tag","embeddable":true,"href":"https:\/\/elfederalmendoza.com.ar\/index.php\/wp-json\/wp\/v2\/tags?post=20966"}],"curies":[{"name":"wp","href":"https:\/\/api.w.org\/{rel}","templated":true}]}}