{"id":20979,"date":"2023-03-06T09:28:02","date_gmt":"2023-03-06T12:28:02","guid":{"rendered":"https:\/\/elfederalmendoza.com\/?p=20979"},"modified":"2023-03-06T09:28:27","modified_gmt":"2023-03-06T12:28:27","slug":"20979","status":"publish","type":"post","link":"https:\/\/elfederalmendoza.com.ar\/index.php\/2023\/03\/06\/20979\/","title":{"rendered":"Condenaron a dos \u00abprotegidos\u00bb del juez Walter Bento"},"content":{"rendered":"\n<p>Dos hombres a los que se\u00a0<strong>los consideraba \u00abprotegidos\u00bb del juez federal Walter Bento fueron condenados y multados a pagar cifras millonarias. Los acusan del comercio ilegal de d\u00f3lares.<\/strong><\/p>\n\n\n\n<p><strong>Enrique De la Cruz y Jos\u00e9 Mar\u00eda Sanguedolce<\/strong>&nbsp;fueron sindicados como<strong>&nbsp;dos de los miembros de una banda que fueron condenados por la Justicia Federal.<\/strong>&nbsp;Ambos estaban acusados de los&nbsp;<strong>delitos de asociaci\u00f3n il\u00edcita, lavado de dinero y contrabando.<\/strong><\/p>\n\n\n\n<p>Los nombres de los condenados salieron a la<strong>\u00a0luz durante la investigaci\u00f3n contra el juez Bento<\/strong>. En las escuchas telef\u00f3nicas que est\u00e1n en el expediente figura<strong>\u00a0De la Cruz, quien dice que \u00abBento quer\u00eda quedarse con la mitad de la guita, quer\u00eda el 50%\u00bb.<\/strong><\/p>\n\n\n\n<p>De la Cruz estaba sospechado\u00a0<strong>de operar en una \u00abcueva\u00bb ubicada en la galer\u00eda Tonsa en pleno centro mendocino donde realizaba operaciones con d\u00f3lares.<\/strong><\/p>\n\n\n\n<p>De la Cruz, su hijo&nbsp;<strong>Fernando de la Cruz, Jos\u00e9 Mar\u00eda Sanguedolce, Dar\u00edo Nicol\u00e1s Rivaletto, su hermano Daniel Rivaletto y&nbsp; Rosana Elizabeth Lucero eran investigados por Bento, sospechados de operar ilegalmente desde 2014, pero el juez nunca orden\u00f3 una medida en su contra.<\/strong><\/p>\n\n\n\n<p><strong>En ese momento, la investigaci\u00f3n comenz\u00f3 por una denuncia del Banco Central y tras varios allanamientos secuestraron millonarias sumas de dinero y una decena de propiedades.&nbsp;<\/strong><\/p>\n\n\n\n<p><strong>De acuerdo a las sospechas, se trataba de una banda que actuaba tras la pantalla de una empresa de giros de dinero y&nbsp; trascend\u00eda las fronteras.<\/strong><\/p>\n\n\n\n<p>Asimismo, en las escuchas se identifica a&nbsp;<strong>De la Cruz hablar con otro hombre quien le sugiere en varias oportunidades que le conven\u00eda \u00abarreglar con Bento\u00bb.<\/strong><\/p>\n\n\n\n<p><strong>Al parecer, el supuesto v\u00ednculo con el juez federal les permiti\u00f3 seguir en libertad, sin ser procesados y continuar con su negocio.<\/strong><\/p>\n\n\n\n<p>Todo termin\u00f3 con el procesamiento de Bento, ya que&nbsp;<strong>la causa qued\u00f3 en manos de Eduardo Puigd\u00e9ngolas, quien imput\u00f3 a la banda.<\/strong><\/p>\n\n\n\n<p>Todos fueron sometidos a un juicio abreviado,&nbsp;<strong>donde reconocieron los hechos y el juez de C\u00e1mara Alberto Daniel Carelli los conden\u00f3.<\/strong>&nbsp;<\/p>\n\n\n\n<p><strong>De la Cruz y Sanguedolce fueron condenados a 6 a\u00f1os de prisi\u00f3n y casi $16 millones de multa.<\/strong>&nbsp;El&nbsp;<strong>hijo de De la Cruz recibi\u00f3 3 a\u00f1os de prisi\u00f3n y $4.5 millones de multa, al igual que Lucero.<\/strong><\/p>\n\n\n\n<p>Los hermanos&nbsp;<strong>Rivaretto fueron condenados a 2 a\u00f1os de prisi\u00f3n y t<\/strong>odos fueron<strong>&nbsp;inhabilitados por el mismo tiempo de su condena a desempe\u00f1arse como comerciantes o empleados p\u00fablicos.<\/strong><\/p>\n\n\n\n<p>Asimismo,\u00a0<strong>la Justicia orden\u00f3 el decomiso del dinero secuestrado y de gran cantidad de bienes. Entre ellos\u00a0diez veh\u00edculos y un departamento ubicado en Godoy Cruz.<\/strong><\/p>\n\n\n\n<p><em>Fuente: Memo<\/em><\/p>\n","protected":false},"excerpt":{"rendered":"<p>Dos hombres a los que se\u00a0los consideraba \u00abprotegidos\u00bb del juez federal Walter Bento fueron condenados y multados a pagar cifras millonarias. Los acusan del comercio ilegal de d\u00f3lares. Enrique De la Cruz y Jos\u00e9 Mar\u00eda Sanguedolce&nbsp;fueron sindicados como&nbsp;dos de los miembros de una banda que fueron condenados por la Justicia Federal.&nbsp;Ambos estaban acusados de los&nbsp;delitos<a class=\"read-more\" href=\"https:\/\/elfederalmendoza.com.ar\/index.php\/2023\/03\/06\/20979\/\"> [&hellip;]<\/a><\/p>\n","protected":false},"author":2,"featured_media":20980,"comment_status":"open","ping_status":"open","sticky":false,"template":"","format":"standard","meta":{"footnotes":""},"categories":[1],"tags":[],"class_list":["post-20979","post","type-post","status-publish","format-standard","has-post-thumbnail","hentry","category-mza"],"rttpg_featured_image_url":{"full":["https:\/\/elfederalmendoza.com.ar\/wp-content\/uploads\/2023\/03\/62cee362c4882_905_510.jpg",905,510,false],"landscape":["https:\/\/elfederalmendoza.com.ar\/wp-content\/uploads\/2023\/03\/62cee362c4882_905_510.jpg",905,510,false],"portraits":["https:\/\/elfederalmendoza.com.ar\/wp-content\/uploads\/2023\/03\/62cee362c4882_905_510.jpg",905,510,false],"thumbnail":["https:\/\/elfederalmendoza.com.ar\/wp-content\/uploads\/2023\/03\/62cee362c4882_905_510-150x150.jpg",150,150,true],"medium":["https:\/\/elfederalmendoza.com.ar\/wp-content\/uploads\/2023\/03\/62cee362c4882_905_510-300x169.jpg",300,169,true],"large":["https:\/\/elfederalmendoza.com.ar\/wp-content\/uploads\/2023\/03\/62cee362c4882_905_510.jpg",640,361,false],"1536x1536":["https:\/\/elfederalmendoza.com.ar\/wp-content\/uploads\/2023\/03\/62cee362c4882_905_510.jpg",905,510,false],"2048x2048":["https:\/\/elfederalmendoza.com.ar\/wp-content\/uploads\/2023\/03\/62cee362c4882_905_510.jpg",905,510,false],"ultp_layout_landscape_large":["https:\/\/elfederalmendoza.com.ar\/wp-content\/uploads\/2023\/03\/62cee362c4882_905_510.jpg",905,510,false],"ultp_layout_landscape":["https:\/\/elfederalmendoza.com.ar\/wp-content\/uploads\/2023\/03\/62cee362c4882_905_510-870x510.jpg",870,510,true],"ultp_layout_portrait":["https:\/\/elfederalmendoza.com.ar\/wp-content\/uploads\/2023\/03\/62cee362c4882_905_510-600x510.jpg",600,510,true],"ultp_layout_square":["https:\/\/elfederalmendoza.com.ar\/wp-content\/uploads\/2023\/03\/62cee362c4882_905_510-600x510.jpg",600,510,true],"rpwe-thumbnail":["https:\/\/elfederalmendoza.com.ar\/wp-content\/uploads\/2023\/03\/62cee362c4882_905_510-45x45.jpg",45,45,true],"advps-thumb-one":["https:\/\/elfederalmendoza.com.ar\/wp-content\/uploads\/2023\/03\/62cee362c4882_905_510-905x420.jpg",905,420,true]},"rttpg_author":{"display_name":"Redacci\u00f3n El Federal","author_link":"https:\/\/elfederalmendoza.com.ar\/index.php\/author\/angelflores\/"},"rttpg_comment":0,"rttpg_category":"<a href=\"https:\/\/elfederalmendoza.com.ar\/index.php\/category\/mza\/\" rel=\"category tag\">Mendoza<\/a>","rttpg_excerpt":"Dos hombres a los que se\u00a0los consideraba \u00abprotegidos\u00bb del juez federal Walter Bento fueron condenados y multados a pagar cifras millonarias. Los acusan del comercio ilegal de d\u00f3lares. Enrique De la Cruz y Jos\u00e9 Mar\u00eda Sanguedolce&nbsp;fueron sindicados como&nbsp;dos de los miembros de una banda que fueron condenados por la Justicia Federal.&nbsp;Ambos estaban acusados de los&nbsp;delitos&hellip;","_links":{"self":[{"href":"https:\/\/elfederalmendoza.com.ar\/index.php\/wp-json\/wp\/v2\/posts\/20979","targetHints":{"allow":["GET"]}}],"collection":[{"href":"https:\/\/elfederalmendoza.com.ar\/index.php\/wp-json\/wp\/v2\/posts"}],"about":[{"href":"https:\/\/elfederalmendoza.com.ar\/index.php\/wp-json\/wp\/v2\/types\/post"}],"author":[{"embeddable":true,"href":"https:\/\/elfederalmendoza.com.ar\/index.php\/wp-json\/wp\/v2\/users\/2"}],"replies":[{"embeddable":true,"href":"https:\/\/elfederalmendoza.com.ar\/index.php\/wp-json\/wp\/v2\/comments?post=20979"}],"version-history":[{"count":2,"href":"https:\/\/elfederalmendoza.com.ar\/index.php\/wp-json\/wp\/v2\/posts\/20979\/revisions"}],"predecessor-version":[{"id":20982,"href":"https:\/\/elfederalmendoza.com.ar\/index.php\/wp-json\/wp\/v2\/posts\/20979\/revisions\/20982"}],"wp:featuredmedia":[{"embeddable":true,"href":"https:\/\/elfederalmendoza.com.ar\/index.php\/wp-json\/wp\/v2\/media\/20980"}],"wp:attachment":[{"href":"https:\/\/elfederalmendoza.com.ar\/index.php\/wp-json\/wp\/v2\/media?parent=20979"}],"wp:term":[{"taxonomy":"category","embeddable":true,"href":"https:\/\/elfederalmendoza.com.ar\/index.php\/wp-json\/wp\/v2\/categories?post=20979"},{"taxonomy":"post_tag","embeddable":true,"href":"https:\/\/elfederalmendoza.com.ar\/index.php\/wp-json\/wp\/v2\/tags?post=20979"}],"curies":[{"name":"wp","href":"https:\/\/api.w.org\/{rel}","templated":true}]}}