{"id":20983,"date":"2023-03-06T07:40:00","date_gmt":"2023-03-06T10:40:00","guid":{"rendered":"https:\/\/elfederalmendoza.com\/?p=20983"},"modified":"2023-03-06T09:44:17","modified_gmt":"2023-03-06T12:44:17","slug":"si-quieren-estar-con-macri-nadie-se-los-impide-ilardo-sorprendio-con-un-mensaje-en-twitter-contra-un-sector-del-pj","status":"publish","type":"post","link":"https:\/\/elfederalmendoza.com.ar\/index.php\/2023\/03\/06\/si-quieren-estar-con-macri-nadie-se-los-impide-ilardo-sorprendio-con-un-mensaje-en-twitter-contra-un-sector-del-pj\/","title":{"rendered":"\u00abSi quieren estar con Macri nadie se los impide\u00bb: Ilardo sorprendi\u00f3 con un mensaje en Twitter \u00bfcontra un sector del PJ?"},"content":{"rendered":"\n<p>\u00abSi quieren estar con Macri nadie se los impide eeee&#8230; solo que no cuenten con el peronismo de Mendoza que ya le dijo que no. Solo\u00a0<strong>cuenten que les gusta Macri y listo<\/strong>. No hay problema. Se va a poner lindo esto&#8230;\u00bb, tuite\u00f3 este domingo\u00a0<strong>Lucas Ilardo<\/strong>.<\/p>\n\n\n\n<p>El mensaje del jefe del bloque del Frente de Todos sorprendi\u00f3 y abri\u00f3 un amplio espectro de posibles interpretaciones.\u00a0<strong>\u00bfA qui\u00e9n estuvo dirigido ese mensaje?<\/strong>\u00a0Y si los destinatarios son \u00abcompa\u00f1eros\u00bb, \u00bfEra necesario hacer p\u00fablico un mensaje de esa \u00edndole?<\/p>\n\n\n<div class=\"wp-block-image\">\n<figure class=\"aligncenter size-full\"><img loading=\"lazy\" decoding=\"async\" width=\"715\" height=\"221\" src=\"https:\/\/elfederalmendoza.com\/wp-content\/uploads\/2023\/03\/image-4.png\" alt=\"\" class=\"wp-image-20984\" srcset=\"https:\/\/elfederalmendoza.com.ar\/wp-content\/uploads\/2023\/03\/image-4.png 715w, https:\/\/elfederalmendoza.com.ar\/wp-content\/uploads\/2023\/03\/image-4-300x93.png 300w\" sizes=\"auto, (max-width: 715px) 100vw, 715px\" \/><\/figure><\/div>\n\n\n<p>Lo primero que surgi\u00f3 es que se tratar\u00eda de una ratificaci\u00f3n de lo que manifest\u00f3 la presidenta del\u00a0<strong>PJ<\/strong>\u00a0de Mendoza, Flor Dest\u00e9fanis, que\u00a0<strong>neg\u00f3 cualquier chance de alianza con el sector de Omar De Marchi<\/strong>. \u00bfPero a qui\u00e9n se lo dec\u00eda Ilardo?<\/p>\n\n\n\n<p>Seg\u00fan surge del tuit, hay un\u00a0<strong>sector del peronismo<\/strong>\u00a0de Mendoza que se ir\u00eda con Mauricio Macri. No hay dudas de que Ilardo hace referencia a que<strong>\u00a0buscar\u00edan una alianza con De Marchi<\/strong>. Y luego manifiesta que cualquier dirigente del PJ puede hacerlo, pero sin el sello del partido.<\/p>\n\n\n\n<p>Al respecto, desde hace meses\u00a0<strong>De Marchi insiste con la conformaci\u00f3n de un frente que incluya a peronistas<\/strong>, y desde entonces se mencion\u00f3 la posible alianza con intendentes del PJ sin v\u00ednculos con La C\u00e1mpora:\u00a0<strong>Emir F\u00e9lix, Roberto Righi y Mat\u00edas Stevanato.<\/strong><\/p>\n\n\n\n<p>Ahora bien, \u00bfpas\u00f3 algo concreto este fin de semana con alg\u00fan intendente? Haciendo un repaso de lo que se dijo en Vendimia, y que pudiese haber ca\u00eddo mal en La C\u00e1mpora, surgi\u00f3 una entrevista radial en la que&nbsp;<strong>Stevanato<\/strong>&nbsp;repiti\u00f3 parte del discurso de De Marchi sobre&nbsp;<strong>armar un frente electoral sali\u00e9ndose de la estructuras pol\u00edticas tradicionales<\/strong>.<\/p>\n\n\n\n<p>\u00bfFue contra Stevanato el tuit? Nadie del kirchnerismo quiso confirmarlo.<\/p>\n\n\n\n<p><em>Fuente: Memo<\/em><\/p>\n","protected":false},"excerpt":{"rendered":"<p>\u00abSi quieren estar con Macri nadie se los impide eeee&#8230; solo que no cuenten con el peronismo de Mendoza que ya le dijo que no. Solo\u00a0cuenten que les gusta Macri y listo. No hay problema. Se va a poner lindo esto&#8230;\u00bb, tuite\u00f3 este domingo\u00a0Lucas Ilardo. El mensaje del jefe del bloque del Frente de Todos<a class=\"read-more\" href=\"https:\/\/elfederalmendoza.com.ar\/index.php\/2023\/03\/06\/si-quieren-estar-con-macri-nadie-se-los-impide-ilardo-sorprendio-con-un-mensaje-en-twitter-contra-un-sector-del-pj\/\"> [&hellip;]<\/a><\/p>\n","protected":false},"author":2,"featured_media":20986,"comment_status":"open","ping_status":"open","sticky":false,"template":"","format":"standard","meta":{"footnotes":""},"categories":[1],"tags":[],"class_list":["post-20983","post","type-post","status-publish","format-standard","has-post-thumbnail","hentry","category-mza"],"rttpg_featured_image_url":{"full":["https:\/\/elfederalmendoza.com.ar\/wp-content\/uploads\/2023\/03\/63176c3e93a04.jpg",1599,1066,false],"landscape":["https:\/\/elfederalmendoza.com.ar\/wp-content\/uploads\/2023\/03\/63176c3e93a04.jpg",1599,1066,false],"portraits":["https:\/\/elfederalmendoza.com.ar\/wp-content\/uploads\/2023\/03\/63176c3e93a04.jpg",1599,1066,false],"thumbnail":["https:\/\/elfederalmendoza.com.ar\/wp-content\/uploads\/2023\/03\/63176c3e93a04-150x150.jpg",150,150,true],"medium":["https:\/\/elfederalmendoza.com.ar\/wp-content\/uploads\/2023\/03\/63176c3e93a04-300x200.jpg",300,200,true],"large":["https:\/\/elfederalmendoza.com.ar\/wp-content\/uploads\/2023\/03\/63176c3e93a04-1024x683.jpg",640,427,true],"1536x1536":["https:\/\/elfederalmendoza.com.ar\/wp-content\/uploads\/2023\/03\/63176c3e93a04-1536x1024.jpg",1536,1024,true],"2048x2048":["https:\/\/elfederalmendoza.com.ar\/wp-content\/uploads\/2023\/03\/63176c3e93a04.jpg",1599,1066,false],"ultp_layout_landscape_large":["https:\/\/elfederalmendoza.com.ar\/wp-content\/uploads\/2023\/03\/63176c3e93a04-1200x800.jpg",1200,800,true],"ultp_layout_landscape":["https:\/\/elfederalmendoza.com.ar\/wp-content\/uploads\/2023\/03\/63176c3e93a04-870x570.jpg",870,570,true],"ultp_layout_portrait":["https:\/\/elfederalmendoza.com.ar\/wp-content\/uploads\/2023\/03\/63176c3e93a04-600x900.jpg",600,900,true],"ultp_layout_square":["https:\/\/elfederalmendoza.com.ar\/wp-content\/uploads\/2023\/03\/63176c3e93a04-600x600.jpg",600,600,true],"rpwe-thumbnail":["https:\/\/elfederalmendoza.com.ar\/wp-content\/uploads\/2023\/03\/63176c3e93a04-45x45.jpg",45,45,true],"advps-thumb-one":["https:\/\/elfederalmendoza.com.ar\/wp-content\/uploads\/2023\/03\/63176c3e93a04-1200x420.jpg",1200,420,true]},"rttpg_author":{"display_name":"Redacci\u00f3n El Federal","author_link":"https:\/\/elfederalmendoza.com.ar\/index.php\/author\/angelflores\/"},"rttpg_comment":0,"rttpg_category":"<a href=\"https:\/\/elfederalmendoza.com.ar\/index.php\/category\/mza\/\" rel=\"category tag\">Mendoza<\/a>","rttpg_excerpt":"\u00abSi quieren estar con Macri nadie se los impide eeee&#8230; solo que no cuenten con el peronismo de Mendoza que ya le dijo que no. Solo\u00a0cuenten que les gusta Macri y listo. No hay problema. Se va a poner lindo esto&#8230;\u00bb, tuite\u00f3 este domingo\u00a0Lucas Ilardo. El mensaje del jefe del bloque del Frente de Todos&hellip;","_links":{"self":[{"href":"https:\/\/elfederalmendoza.com.ar\/index.php\/wp-json\/wp\/v2\/posts\/20983","targetHints":{"allow":["GET"]}}],"collection":[{"href":"https:\/\/elfederalmendoza.com.ar\/index.php\/wp-json\/wp\/v2\/posts"}],"about":[{"href":"https:\/\/elfederalmendoza.com.ar\/index.php\/wp-json\/wp\/v2\/types\/post"}],"author":[{"embeddable":true,"href":"https:\/\/elfederalmendoza.com.ar\/index.php\/wp-json\/wp\/v2\/users\/2"}],"replies":[{"embeddable":true,"href":"https:\/\/elfederalmendoza.com.ar\/index.php\/wp-json\/wp\/v2\/comments?post=20983"}],"version-history":[{"count":2,"href":"https:\/\/elfederalmendoza.com.ar\/index.php\/wp-json\/wp\/v2\/posts\/20983\/revisions"}],"predecessor-version":[{"id":20987,"href":"https:\/\/elfederalmendoza.com.ar\/index.php\/wp-json\/wp\/v2\/posts\/20983\/revisions\/20987"}],"wp:featuredmedia":[{"embeddable":true,"href":"https:\/\/elfederalmendoza.com.ar\/index.php\/wp-json\/wp\/v2\/media\/20986"}],"wp:attachment":[{"href":"https:\/\/elfederalmendoza.com.ar\/index.php\/wp-json\/wp\/v2\/media?parent=20983"}],"wp:term":[{"taxonomy":"category","embeddable":true,"href":"https:\/\/elfederalmendoza.com.ar\/index.php\/wp-json\/wp\/v2\/categories?post=20983"},{"taxonomy":"post_tag","embeddable":true,"href":"https:\/\/elfederalmendoza.com.ar\/index.php\/wp-json\/wp\/v2\/tags?post=20983"}],"curies":[{"name":"wp","href":"https:\/\/api.w.org\/{rel}","templated":true}]}}