{"id":20988,"date":"2023-03-06T10:20:41","date_gmt":"2023-03-06T13:20:41","guid":{"rendered":"https:\/\/elfederalmendoza.com\/?p=20988"},"modified":"2023-03-06T10:20:42","modified_gmt":"2023-03-06T13:20:42","slug":"rosario-sangra-el-desgarrador-relato-de-la-tia-del-nene-de-11-anos-acribillado-a-balazos-por-narcos","status":"publish","type":"post","link":"https:\/\/elfederalmendoza.com.ar\/index.php\/2023\/03\/06\/rosario-sangra-el-desgarrador-relato-de-la-tia-del-nene-de-11-anos-acribillado-a-balazos-por-narcos\/","title":{"rendered":"Rosario sangra: El desgarrador relato de la t\u00eda del nene de 11 a\u00f1os acribillado a balazos por narcos"},"content":{"rendered":"\n<p><strong>M\u00e1ximo Jerez<\/strong>&nbsp;muri\u00f3 durante la madrugada del domingo en la zona noroeste de Rosario. Ten\u00eda 11 a\u00f1os. Estaba en la vereda de una vivienda, junto a otros ni\u00f1os, algunos de su misma edad, otros un poco m\u00e1s grandes, cuando un hombre comenz\u00f3 a disparar hacia ese grupo de personas. Otra v\u00edctima fatal de la escalada de violencia que no cede ni da respiro pese al cimbronazo para la pol\u00edtica que represent\u00f3 la conocida amenaza a Messi.<\/p>\n\n\n\n<p>\u201cNo podemos vivir as\u00ed; los chicos son inocentes y ahora estoy yendo al club a recibir el cuerpo de mi sobrino\u201d. As\u00ed comenz\u00f3 su desgarrador relato\u00a0<strong>Antonia Jerez<\/strong>, t\u00eda de M\u00e1ximo. \u201cEstamos todos destrozados, son chicos sanos; \u00e9l hab\u00eda jugado al f\u00fatbol, termin\u00f3 a las 18, y pas\u00f3 lo que pas\u00f3; estamos tan cansados de que nos roben, me lo mataron; el barrio est\u00e1 de luto, est\u00e1n todos enojados\u201d, coment\u00f3 la mujer al ser entrevistada por\u00a0<em>Ernesto Tenembaum<\/em>\u00a0en\u00a0<em>Radio con Vos<\/em>.<\/p>\n\n\n\n<figure class=\"wp-block-image size-full\"><img loading=\"lazy\" decoding=\"async\" width=\"956\" height=\"623\" src=\"https:\/\/elfederalmendoza.com\/wp-content\/uploads\/2023\/03\/rosario-sangra.jpg\" alt=\"\" class=\"wp-image-20990\" srcset=\"https:\/\/elfederalmendoza.com.ar\/wp-content\/uploads\/2023\/03\/rosario-sangra.jpg 956w, https:\/\/elfederalmendoza.com.ar\/wp-content\/uploads\/2023\/03\/rosario-sangra-300x196.jpg 300w, https:\/\/elfederalmendoza.com.ar\/wp-content\/uploads\/2023\/03\/rosario-sangra-768x500.jpg 768w\" sizes=\"auto, (max-width: 956px) 100vw, 956px\" \/><\/figure>\n\n\n\n<p>\u201cLo \u00fanico que pido es que se haga justicia y todos saben quienes son los que venden las drogas, se adue\u00f1an de las casas y se desparraman\u201d, complet\u00f3, al tiempo que dio una versi\u00f3n sobre por qu\u00e9 sucedi\u00f3 el tiroteo: \u201cEl muchacho al que estaban corriendo se meti\u00f3 en el medio de mis hermanas, y creyeron que era uno de los chicos que estaba ah\u00ed\u201d.<\/p>\n\n\n\n<p>El ataque a balazos contra el grupo de menores de edad ocurri\u00f3 cerca de las 2.30 de la madrugada, frente a una casa ubicada en pasaje Mar\u00eda de los \u00c1ngeles al 1500, en la zona de Cabal y San Jos\u00e9, del barrio Empalme Graneros. Seg\u00fan indicaron fuentes, un hombre que a\u00fan no fue identificado lleg\u00f3 hasta el lugar y comenz\u00f3 a disparar a la vivienda. Al menos uno de los disparos impact\u00f3 en la espalda del ni\u00f1o de M\u00e1ximo, lo que le provoc\u00f3 la muerte. En tanto,<strong>&nbsp;otros tres menores, dos de 13 y una nena de 2 a\u00f1os, fueron alcanzados por las balas<\/strong>&nbsp;y fueron trasladados de urgencia al hospital de Zona Norte.<\/p>\n\n\n\n<p>La ni\u00f1a, que recibi\u00f3 un balazo en el brazo, permanece internada en estado reservado, indicaron las fuentes. En tanto, uno de los adolescentes de 13 a\u00f1os recibi\u00f3 un balazo en el pecho, por lo que tuvo que ser intervenido quir\u00fargicamente. El tercer chico ingres\u00f3 con un disparo en la boca.<\/p>\n\n\n\n<p>Con ese reporte, los agentes fueron hasta el lugar y encontraron manchas de sangre y vainas servidas de grueso calibre, indicaron fuentes del caso a&nbsp;<strong>Infobae<\/strong>.<\/p>\n\n\n\n<p>Las personas que estaban en el lugar escaparon por los pasillos del asentamiento al notar la presencia policial. Se inici\u00f3 una persecuci\u00f3n, pero pudieron huir por los techos. Sin embargo,&nbsp;<strong>dejaron en una cama armas con numeraci\u00f3n suprimida, ametralladoras y silenciadores<\/strong>.<\/p>\n\n\n\n<p>Personal de Bal\u00edstica de la Agencia de Inteligencia criminal hallaron tres vainas calibre .40 y secuestraron una pistola de marca Tanfoglio sin numeraci\u00f3n y una \u201cmetra tipo cacera\u201d oxidada, precisaron.<\/p>\n\n\n\n<p>Al mismo tiempo,&nbsp;<strong>una vecina se\u00f1al\u00f3 a los investigadores que vio a un hombre llegar y retirarse solo<\/strong>, aunque analizan si contaba con un veh\u00edculo de apoyo que lo esperaba en cercan\u00edas del lugar del ataque.<\/p>\n\n\n\n<p><img loading=\"lazy\" decoding=\"async\" alt=\"La escena de otro crimen en Rosario\" height=\"1080\" width=\"1920\" class=\"\" src=\"https:\/\/cloudfront-us-east-1.images.arcpublishing.com\/infobae\/SLUL7WHJQJE2ROGE4J5FQNBQFQ.jpg\" srcset=\"https:\/\/www.infobae.com\/new-resizer\/YN_o3JnaXRvEpfiAzK8qRTJldNw=\/420x236\/filters:format(webp):quality(85)\/cloudfront-us-east-1.images.arcpublishing.com\/infobae\/SLUL7WHJQJE2ROGE4J5FQNBQFQ.jpg 420w,https:\/\/www.infobae.com\/new-resizer\/SVPvO6AGmHAVJfsuSVvMuSjxJgA=\/768x432\/filters:format(webp):quality(85)\/cloudfront-us-east-1.images.arcpublishing.com\/infobae\/SLUL7WHJQJE2ROGE4J5FQNBQFQ.jpg 768w,https:\/\/www.infobae.com\/new-resizer\/Gcgcz8yxq-bSWLIsD-__RDBerHU=\/992x558\/filters:format(webp):quality(85)\/cloudfront-us-east-1.images.arcpublishing.com\/infobae\/SLUL7WHJQJE2ROGE4J5FQNBQFQ.jpg 992w,https:\/\/www.infobae.com\/new-resizer\/-x3Iq0gBl-S7ylQDOBgWlCzNduA=\/1200x675\/filters:format(webp):quality(85)\/cloudfront-us-east-1.images.arcpublishing.com\/infobae\/SLUL7WHJQJE2ROGE4J5FQNBQFQ.jpg 1200w,https:\/\/www.infobae.com\/new-resizer\/SswqvfN55efnPYoKaT0yaUecpOY=\/1440x810\/filters:format(webp):quality(85)\/cloudfront-us-east-1.images.arcpublishing.com\/infobae\/SLUL7WHJQJE2ROGE4J5FQNBQFQ.jpg 1440w\">La escena de otro crimen en Rosario<\/p>\n\n\n\n<p>El fiscal de turno de la Unidad Fiscal Especial de Homicidios Dolosos,&nbsp;<strong>Adri\u00e1n Spelta<\/strong>, orden\u00f3 la realizaci\u00f3n de las pericias de fotograf\u00eda, bal\u00edstica, planimetr\u00eda y laboratorio a la Agencia de Investigaci\u00f3n Criminal (AIC) y a la Divisi\u00f3n Cient\u00edfica Forense Rosario, adem\u00e1s del relevamiento de c\u00e1maras y testimonio de testigos.<\/p>\n\n\n\n<p>Tres horas m\u00e1s tarde, se registr\u00f3 otro homicidio en la calle Campbell y Cisneros. La v\u00edctima, identificada como&nbsp;<strong>Jonathan Su\u00e1rez,&nbsp;<\/strong>de 24 a\u00f1os, fue golpeado y baleado por varios hombres que se bajaron de auto y escaparon. En el lugar, se secuestr\u00f3 una vaina calibre 9 mil\u00edmetros.<\/p>\n\n\n\n<p>Se trat\u00f3 del quinto crimen en Rosario desde la balacera y la amenaza al supermercado \u00danico de la familia de Antonela Roccuzzo.<\/p>\n\n\n\n<p>Infobae<\/p>\n","protected":false},"excerpt":{"rendered":"<p>M\u00e1ximo Jerez&nbsp;muri\u00f3 durante la madrugada del domingo en la zona noroeste de Rosario. Ten\u00eda 11 a\u00f1os. Estaba en la vereda de una vivienda, junto a otros ni\u00f1os, algunos de su misma edad, otros un poco m\u00e1s grandes, cuando un hombre comenz\u00f3 a disparar hacia ese grupo de personas. Otra v\u00edctima fatal de la escalada de<a class=\"read-more\" href=\"https:\/\/elfederalmendoza.com.ar\/index.php\/2023\/03\/06\/rosario-sangra-el-desgarrador-relato-de-la-tia-del-nene-de-11-anos-acribillado-a-balazos-por-narcos\/\"> [&hellip;]<\/a><\/p>\n","protected":false},"author":2,"featured_media":20989,"comment_status":"open","ping_status":"open","sticky":false,"template":"","format":"standard","meta":{"footnotes":""},"categories":[5618],"tags":[],"class_list":["post-20988","post","type-post","status-publish","format-standard","has-post-thumbnail","hentry","category-arg"],"rttpg_featured_image_url":{"full":["https:\/\/elfederalmendoza.com.ar\/wp-content\/uploads\/2023\/03\/rosario-sangra1.jpg",917,586,false],"landscape":["https:\/\/elfederalmendoza.com.ar\/wp-content\/uploads\/2023\/03\/rosario-sangra1.jpg",917,586,false],"portraits":["https:\/\/elfederalmendoza.com.ar\/wp-content\/uploads\/2023\/03\/rosario-sangra1.jpg",917,586,false],"thumbnail":["https:\/\/elfederalmendoza.com.ar\/wp-content\/uploads\/2023\/03\/rosario-sangra1-150x150.jpg",150,150,true],"medium":["https:\/\/elfederalmendoza.com.ar\/wp-content\/uploads\/2023\/03\/rosario-sangra1-300x192.jpg",300,192,true],"large":["https:\/\/elfederalmendoza.com.ar\/wp-content\/uploads\/2023\/03\/rosario-sangra1.jpg",640,409,false],"1536x1536":["https:\/\/elfederalmendoza.com.ar\/wp-content\/uploads\/2023\/03\/rosario-sangra1.jpg",917,586,false],"2048x2048":["https:\/\/elfederalmendoza.com.ar\/wp-content\/uploads\/2023\/03\/rosario-sangra1.jpg",917,586,false],"ultp_layout_landscape_large":["https:\/\/elfederalmendoza.com.ar\/wp-content\/uploads\/2023\/03\/rosario-sangra1.jpg",917,586,false],"ultp_layout_landscape":["https:\/\/elfederalmendoza.com.ar\/wp-content\/uploads\/2023\/03\/rosario-sangra1-870x570.jpg",870,570,true],"ultp_layout_portrait":["https:\/\/elfederalmendoza.com.ar\/wp-content\/uploads\/2023\/03\/rosario-sangra1-600x586.jpg",600,586,true],"ultp_layout_square":["https:\/\/elfederalmendoza.com.ar\/wp-content\/uploads\/2023\/03\/rosario-sangra1-600x586.jpg",600,586,true],"rpwe-thumbnail":["https:\/\/elfederalmendoza.com.ar\/wp-content\/uploads\/2023\/03\/rosario-sangra1-45x45.jpg",45,45,true],"advps-thumb-one":["https:\/\/elfederalmendoza.com.ar\/wp-content\/uploads\/2023\/03\/rosario-sangra1-917x420.jpg",917,420,true]},"rttpg_author":{"display_name":"Redacci\u00f3n El Federal","author_link":"https:\/\/elfederalmendoza.com.ar\/index.php\/author\/angelflores\/"},"rttpg_comment":0,"rttpg_category":"<a href=\"https:\/\/elfederalmendoza.com.ar\/index.php\/category\/arg\/\" rel=\"category tag\">Argentina<\/a>","rttpg_excerpt":"M\u00e1ximo Jerez&nbsp;muri\u00f3 durante la madrugada del domingo en la zona noroeste de Rosario. Ten\u00eda 11 a\u00f1os. Estaba en la vereda de una vivienda, junto a otros ni\u00f1os, algunos de su misma edad, otros un poco m\u00e1s grandes, cuando un hombre comenz\u00f3 a disparar hacia ese grupo de personas. Otra v\u00edctima fatal de la escalada de&hellip;","_links":{"self":[{"href":"https:\/\/elfederalmendoza.com.ar\/index.php\/wp-json\/wp\/v2\/posts\/20988","targetHints":{"allow":["GET"]}}],"collection":[{"href":"https:\/\/elfederalmendoza.com.ar\/index.php\/wp-json\/wp\/v2\/posts"}],"about":[{"href":"https:\/\/elfederalmendoza.com.ar\/index.php\/wp-json\/wp\/v2\/types\/post"}],"author":[{"embeddable":true,"href":"https:\/\/elfederalmendoza.com.ar\/index.php\/wp-json\/wp\/v2\/users\/2"}],"replies":[{"embeddable":true,"href":"https:\/\/elfederalmendoza.com.ar\/index.php\/wp-json\/wp\/v2\/comments?post=20988"}],"version-history":[{"count":1,"href":"https:\/\/elfederalmendoza.com.ar\/index.php\/wp-json\/wp\/v2\/posts\/20988\/revisions"}],"predecessor-version":[{"id":20991,"href":"https:\/\/elfederalmendoza.com.ar\/index.php\/wp-json\/wp\/v2\/posts\/20988\/revisions\/20991"}],"wp:featuredmedia":[{"embeddable":true,"href":"https:\/\/elfederalmendoza.com.ar\/index.php\/wp-json\/wp\/v2\/media\/20989"}],"wp:attachment":[{"href":"https:\/\/elfederalmendoza.com.ar\/index.php\/wp-json\/wp\/v2\/media?parent=20988"}],"wp:term":[{"taxonomy":"category","embeddable":true,"href":"https:\/\/elfederalmendoza.com.ar\/index.php\/wp-json\/wp\/v2\/categories?post=20988"},{"taxonomy":"post_tag","embeddable":true,"href":"https:\/\/elfederalmendoza.com.ar\/index.php\/wp-json\/wp\/v2\/tags?post=20988"}],"curies":[{"name":"wp","href":"https:\/\/api.w.org\/{rel}","templated":true}]}}