{"id":20992,"date":"2023-03-06T07:27:00","date_gmt":"2023-03-06T10:27:00","guid":{"rendered":"https:\/\/elfederalmendoza.com\/?p=20992"},"modified":"2023-03-06T10:58:48","modified_gmt":"2023-03-06T13:58:48","slug":"jubilado-de-83-anos-mato-a-presunto-ladron-lucho-cuerpo-a-cuerpo-le-arrebato-la-pistola-y-lo-baleo","status":"publish","type":"post","link":"https:\/\/elfederalmendoza.com.ar\/index.php\/2023\/03\/06\/jubilado-de-83-anos-mato-a-presunto-ladron-lucho-cuerpo-a-cuerpo-le-arrebato-la-pistola-y-lo-baleo\/","title":{"rendered":"Jubilado de 83 a\u00f1os mat\u00f3 a presunto ladr\u00f3n: luch\u00f3 cuerpo a cuerpo, le arrebat\u00f3 la pistola y lo bale\u00f3"},"content":{"rendered":"\n<p>Un jubilado de 83 a\u00f1os mat\u00f3 a balazos a un&nbsp;<strong>presunto ladr\u00f3n que habr\u00eda intentado robar en su vivienda en un suceso que se registr\u00f3 este domingo en el sur del Conurbano bonaerense. El morador de la casa forceje\u00f3 con el sospechoso y le dispar\u00f3 con el arma de fuego que portaba el supuesto asaltante.<\/strong><\/p>\n\n\n\n<p>Los voceros judiciales revelaron a cronica.com.ar que el hecho se produjo en horas de la madrugada y se descubri\u00f3 cuando los uniformados del Comando Patrulla (C.P.), al recibir una denuncia al n\u00famero telef\u00f3nico de emergencias 911, arribaron a una finca situada en el cruce del Camino de la Ribera Sur y la calle 107, en la localidad de Ingeniero Budge.<\/p>\n\n\n\n<p>De acuerdo a lo manifestado por los informantes,&nbsp;<strong>los pesquisas observaron el cad\u00e1ver de un joven en el comedor del inmueble, mientras que el morador del mismo les dijo que, mientras descansaba, el individuo hab\u00eda entrado a su domicilio con fines de robo.<\/strong><\/p>\n\n\n\n<p>Trascendi\u00f3 que el octogenario agreg\u00f3 que entabl\u00f3 una pelea con el presunto malviviente, a quien se le cay\u00f3 la pistola que empu\u00f1aba. En tal sentido, el hombre a\u00f1adi\u00f3 que consigui\u00f3 apoderarse del arma, con la que de inmediato le efectu\u00f3 disparos, provoc\u00e1ndole el fallecimiento de manera instant\u00e1nea.<\/p>\n\n\n\n<p>Peritos de la delegaci\u00f3n local de la Polic\u00eda Cient\u00edfica, al ser convocados por los funcionarios de la Justicia, revisaron al occiso y lograron determinar que presentaba un certero impacto de bala en la regi\u00f3n tor\u00e1cica, a la vez que incautaron una pistola Bersa Thunder 40 y un cuchillo, el cual fue hallado entre las ropas del supuesto asaltante.<\/p>\n\n\n\n<p>Al revisar el cuerpo sin vida, los investigadores encontraron dos documentos de identidad, con la fotograf\u00eda del mismo sujeto, pero con nombres distintos.&nbsp;<strong>Servidores p\u00fablicos, destinados en la comisar\u00eda de Ingeniero Budge, se encargan de investigar lo acontecido.<\/strong><\/p>\n\n\n\n<p>Intervino en la causa penal, que preventivamente fue caratulada \u201cTentativa de robo agravado y homicidio en leg\u00edtima defensa\u201d, la Unidad Funcional N\u00b0 3 de los tribunales de la jurisdicci\u00f3n.<\/p>\n","protected":false},"excerpt":{"rendered":"<p>Un jubilado de 83 a\u00f1os mat\u00f3 a balazos a un&nbsp;presunto ladr\u00f3n que habr\u00eda intentado robar en su vivienda en un suceso que se registr\u00f3 este domingo en el sur del Conurbano bonaerense. El morador de la casa forceje\u00f3 con el sospechoso y le dispar\u00f3 con el arma de fuego que portaba el supuesto asaltante. Los<a class=\"read-more\" href=\"https:\/\/elfederalmendoza.com.ar\/index.php\/2023\/03\/06\/jubilado-de-83-anos-mato-a-presunto-ladron-lucho-cuerpo-a-cuerpo-le-arrebato-la-pistola-y-lo-baleo\/\"> [&hellip;]<\/a><\/p>\n","protected":false},"author":2,"featured_media":20995,"comment_status":"open","ping_status":"open","sticky":false,"template":"","format":"standard","meta":{"footnotes":""},"categories":[5618],"tags":[],"class_list":["post-20992","post","type-post","status-publish","format-standard","has-post-thumbnail","hentry","category-arg"],"rttpg_featured_image_url":{"full":["https:\/\/elfederalmendoza.com.ar\/wp-content\/uploads\/2023\/03\/jubilado-83-Budge.jpg",1046,566,false],"landscape":["https:\/\/elfederalmendoza.com.ar\/wp-content\/uploads\/2023\/03\/jubilado-83-Budge.jpg",1046,566,false],"portraits":["https:\/\/elfederalmendoza.com.ar\/wp-content\/uploads\/2023\/03\/jubilado-83-Budge.jpg",1046,566,false],"thumbnail":["https:\/\/elfederalmendoza.com.ar\/wp-content\/uploads\/2023\/03\/jubilado-83-Budge-150x150.jpg",150,150,true],"medium":["https:\/\/elfederalmendoza.com.ar\/wp-content\/uploads\/2023\/03\/jubilado-83-Budge-300x162.jpg",300,162,true],"large":["https:\/\/elfederalmendoza.com.ar\/wp-content\/uploads\/2023\/03\/jubilado-83-Budge-1024x554.jpg",640,346,true],"1536x1536":["https:\/\/elfederalmendoza.com.ar\/wp-content\/uploads\/2023\/03\/jubilado-83-Budge.jpg",1046,566,false],"2048x2048":["https:\/\/elfederalmendoza.com.ar\/wp-content\/uploads\/2023\/03\/jubilado-83-Budge.jpg",1046,566,false],"ultp_layout_landscape_large":["https:\/\/elfederalmendoza.com.ar\/wp-content\/uploads\/2023\/03\/jubilado-83-Budge.jpg",1046,566,false],"ultp_layout_landscape":["https:\/\/elfederalmendoza.com.ar\/wp-content\/uploads\/2023\/03\/jubilado-83-Budge-870x566.jpg",870,566,true],"ultp_layout_portrait":["https:\/\/elfederalmendoza.com.ar\/wp-content\/uploads\/2023\/03\/jubilado-83-Budge-600x566.jpg",600,566,true],"ultp_layout_square":["https:\/\/elfederalmendoza.com.ar\/wp-content\/uploads\/2023\/03\/jubilado-83-Budge-600x566.jpg",600,566,true],"rpwe-thumbnail":["https:\/\/elfederalmendoza.com.ar\/wp-content\/uploads\/2023\/03\/jubilado-83-Budge-45x45.jpg",45,45,true],"advps-thumb-one":["https:\/\/elfederalmendoza.com.ar\/wp-content\/uploads\/2023\/03\/jubilado-83-Budge-1046x420.jpg",1046,420,true]},"rttpg_author":{"display_name":"Redacci\u00f3n El Federal","author_link":"https:\/\/elfederalmendoza.com.ar\/index.php\/author\/angelflores\/"},"rttpg_comment":0,"rttpg_category":"<a href=\"https:\/\/elfederalmendoza.com.ar\/index.php\/category\/arg\/\" rel=\"category tag\">Argentina<\/a>","rttpg_excerpt":"Un jubilado de 83 a\u00f1os mat\u00f3 a balazos a un&nbsp;presunto ladr\u00f3n que habr\u00eda intentado robar en su vivienda en un suceso que se registr\u00f3 este domingo en el sur del Conurbano bonaerense. El morador de la casa forceje\u00f3 con el sospechoso y le dispar\u00f3 con el arma de fuego que portaba el supuesto asaltante. Los&hellip;","_links":{"self":[{"href":"https:\/\/elfederalmendoza.com.ar\/index.php\/wp-json\/wp\/v2\/posts\/20992","targetHints":{"allow":["GET"]}}],"collection":[{"href":"https:\/\/elfederalmendoza.com.ar\/index.php\/wp-json\/wp\/v2\/posts"}],"about":[{"href":"https:\/\/elfederalmendoza.com.ar\/index.php\/wp-json\/wp\/v2\/types\/post"}],"author":[{"embeddable":true,"href":"https:\/\/elfederalmendoza.com.ar\/index.php\/wp-json\/wp\/v2\/users\/2"}],"replies":[{"embeddable":true,"href":"https:\/\/elfederalmendoza.com.ar\/index.php\/wp-json\/wp\/v2\/comments?post=20992"}],"version-history":[{"count":1,"href":"https:\/\/elfederalmendoza.com.ar\/index.php\/wp-json\/wp\/v2\/posts\/20992\/revisions"}],"predecessor-version":[{"id":20999,"href":"https:\/\/elfederalmendoza.com.ar\/index.php\/wp-json\/wp\/v2\/posts\/20992\/revisions\/20999"}],"wp:featuredmedia":[{"embeddable":true,"href":"https:\/\/elfederalmendoza.com.ar\/index.php\/wp-json\/wp\/v2\/media\/20995"}],"wp:attachment":[{"href":"https:\/\/elfederalmendoza.com.ar\/index.php\/wp-json\/wp\/v2\/media?parent=20992"}],"wp:term":[{"taxonomy":"category","embeddable":true,"href":"https:\/\/elfederalmendoza.com.ar\/index.php\/wp-json\/wp\/v2\/categories?post=20992"},{"taxonomy":"post_tag","embeddable":true,"href":"https:\/\/elfederalmendoza.com.ar\/index.php\/wp-json\/wp\/v2\/tags?post=20992"}],"curies":[{"name":"wp","href":"https:\/\/api.w.org\/{rel}","templated":true}]}}