{"id":21007,"date":"2023-03-06T03:51:00","date_gmt":"2023-03-06T06:51:00","guid":{"rendered":"https:\/\/elfederalmendoza.com\/?p=21007"},"modified":"2023-03-06T15:52:46","modified_gmt":"2023-03-06T18:52:46","slug":"papelon-el-chaleco-que-uso-amalia-granata-para-recorrer-rosario-era-de-utileria","status":"publish","type":"post","link":"https:\/\/elfederalmendoza.com.ar\/index.php\/2023\/03\/06\/papelon-el-chaleco-que-uso-amalia-granata-para-recorrer-rosario-era-de-utileria\/","title":{"rendered":"Papel\u00f3n: el chaleco que us\u00f3 Amalia Granata para recorrer Rosario no era \u201cantibalas\u201d, sino para jugar Paintball\u00a0"},"content":{"rendered":"\n<p>Tras el ataque, con tintes mafiosos, que padeci\u00f3 la familia de Lionel Messi el pasado jueves en Rosario, varias im\u00e1genes quedaron en la retina colectiva. Por un lado, c\u00e1maras de televisi\u00f3n, m\u00f3viles radiales y cronistas de diario recorrieron las inmediaciones del Supermarcado \u00danico de los Roccuzzo, que padeci\u00f3 una balacera de, al menos, catorce disparos. Tambi\u00e9n dio vueltas la carta amenazante contra el Diez de la Selecci\u00f3n y la acusaci\u00f3n al intendente de la ciudad santafesina, Pablo Jarkin. Una \u00faltima tambi\u00e9n reson\u00f3, aunque m\u00e1s por el morbo y show televisivo:&nbsp;<strong>ese mismo jueves Amalia Granata recorri\u00f3 el oeste rosarino disfrazada con un chaleco antibalas<\/strong>. Lo que se supo por estas horas es que la puesta en escena le sali\u00f3 por la culata a la diputada provincial.&nbsp;<strong>Es que el chaleco era, en realidad, uno de utiler\u00eda para jugar al paintball y tras las acusaciones en redes, desde su entorno debieron aceptar que se trat\u00f3 algo \u00absimb\u00f3lico\u00bb.<\/strong><\/p>\n\n\n<div class=\"wp-block-image\">\n<figure class=\"aligncenter size-full\"><img loading=\"lazy\" decoding=\"async\" width=\"610\" height=\"276\" src=\"https:\/\/elfederalmendoza.com\/wp-content\/uploads\/2023\/03\/imagepng.webp\" alt=\"\" class=\"wp-image-21009\" srcset=\"https:\/\/elfederalmendoza.com.ar\/wp-content\/uploads\/2023\/03\/imagepng.webp 610w, https:\/\/elfederalmendoza.com.ar\/wp-content\/uploads\/2023\/03\/imagepng-300x136.webp 300w\" sizes=\"auto, (max-width: 610px) 100vw, 610px\" \/><\/figure><\/div>\n\n\n<p>Antes de que saliera a la luz su disfraz policiaco, Granata la hab\u00eda pasado mal en la recorrida por las calles de la&nbsp;Cuna de la Bandera.&nbsp;\u00abAhora se acuerdan del barrio y de Rosario. Habla de Rosario pero vive en Buenos Aires\u00bb,&nbsp;espet\u00f3 un vecino de 27 de Febrero y Avellaneda a la diputada cuando caminaba con un m\u00f3vil del canal&nbsp;<em>A24<\/em>. Otro residente, en cambio, hizo hincapi\u00e9 en la vestimenta de la expanelista:&nbsp;\u00abNo seas caradura. \u00bfQu\u00e9 ten\u00e9s ah\u00ed? \u00bfLa gente tiene eso que vos ten\u00e9s? Est\u00e1s haciendo una payasada\u00bb, expuso. Y cerr\u00f3: \u00ab<strong>Amalia, hace cuatro a\u00f1os que la votaron y no apareci\u00f3 nunca ac\u00e1<\/strong>\u00ab.<\/p>\n\n\n\n<h2 class=\"wp-block-heading\">\u00abAlgo simb\u00f3lico\u00bb<\/h2>\n\n\n\n<p>Las sospechas de la puesta en escena en cuanto a la vestimenta de Granata y el periodista que la acompa\u00f1\u00f3 empezaron a circular en redes sociales. All\u00ed, los internautas detectaron que hab\u00eda publicaciones en Mercado Libre que vend\u00edan esa misma prenda -definido como \u00abchaleco t\u00e1ctico\u00bb- por un monto de 20 mil pesos.&nbsp; A ese detalle se le suma que la&nbsp;<strong>venta de chalecos antibalas no es libre en la Argentina y para poder utilizar uno es necesario tramitar un permiso en la Agencia Nacional de Materiales Controlados&nbsp;<\/strong>(Anmac) que justifique el uso de esa protecci\u00f3n espec\u00edfica.&nbsp;<\/p>\n\n\n\n<p>Ante esa situaci\u00f3n, desde el entorno de la diputada provincial santafesina -aunque vive en Nordelta- deslizaron ante el medio Rosario3 la decisi\u00f3n de aparecer con chaleco fue algo \u00absimb\u00f3lico\u00bb. \u201cPara que se dimensione la violencia que se est\u00e1 viviendo en Rosario\u00bb, fue el justificativo.<\/p>\n","protected":false},"excerpt":{"rendered":"<p>Tras el ataque, con tintes mafiosos, que padeci\u00f3 la familia de Lionel Messi el pasado jueves en Rosario, varias im\u00e1genes quedaron en la retina colectiva. Por un lado, c\u00e1maras de televisi\u00f3n, m\u00f3viles radiales y cronistas de diario recorrieron las inmediaciones del Supermarcado \u00danico de los Roccuzzo, que padeci\u00f3 una balacera de, al menos, catorce disparos.<a class=\"read-more\" href=\"https:\/\/elfederalmendoza.com.ar\/index.php\/2023\/03\/06\/papelon-el-chaleco-que-uso-amalia-granata-para-recorrer-rosario-era-de-utileria\/\"> [&hellip;]<\/a><\/p>\n","protected":false},"author":2,"featured_media":21008,"comment_status":"open","ping_status":"open","sticky":false,"template":"","format":"standard","meta":{"footnotes":""},"categories":[5618],"tags":[],"class_list":["post-21007","post","type-post","status-publish","format-standard","has-post-thumbnail","hentry","category-arg"],"rttpg_featured_image_url":{"full":["https:\/\/elfederalmendoza.com.ar\/wp-content\/uploads\/2023\/03\/703694-whatsapp-20image-202023-03-06-20at-2014-01-21.jpeg",960,640,false],"landscape":["https:\/\/elfederalmendoza.com.ar\/wp-content\/uploads\/2023\/03\/703694-whatsapp-20image-202023-03-06-20at-2014-01-21.jpeg",960,640,false],"portraits":["https:\/\/elfederalmendoza.com.ar\/wp-content\/uploads\/2023\/03\/703694-whatsapp-20image-202023-03-06-20at-2014-01-21.jpeg",960,640,false],"thumbnail":["https:\/\/elfederalmendoza.com.ar\/wp-content\/uploads\/2023\/03\/703694-whatsapp-20image-202023-03-06-20at-2014-01-21-150x150.jpeg",150,150,true],"medium":["https:\/\/elfederalmendoza.com.ar\/wp-content\/uploads\/2023\/03\/703694-whatsapp-20image-202023-03-06-20at-2014-01-21-300x200.jpeg",300,200,true],"large":["https:\/\/elfederalmendoza.com.ar\/wp-content\/uploads\/2023\/03\/703694-whatsapp-20image-202023-03-06-20at-2014-01-21.jpeg",640,427,false],"1536x1536":["https:\/\/elfederalmendoza.com.ar\/wp-content\/uploads\/2023\/03\/703694-whatsapp-20image-202023-03-06-20at-2014-01-21.jpeg",960,640,false],"2048x2048":["https:\/\/elfederalmendoza.com.ar\/wp-content\/uploads\/2023\/03\/703694-whatsapp-20image-202023-03-06-20at-2014-01-21.jpeg",960,640,false],"ultp_layout_landscape_large":["https:\/\/elfederalmendoza.com.ar\/wp-content\/uploads\/2023\/03\/703694-whatsapp-20image-202023-03-06-20at-2014-01-21.jpeg",960,640,false],"ultp_layout_landscape":["https:\/\/elfederalmendoza.com.ar\/wp-content\/uploads\/2023\/03\/703694-whatsapp-20image-202023-03-06-20at-2014-01-21-870x570.jpeg",870,570,true],"ultp_layout_portrait":["https:\/\/elfederalmendoza.com.ar\/wp-content\/uploads\/2023\/03\/703694-whatsapp-20image-202023-03-06-20at-2014-01-21-600x640.jpeg",600,640,true],"ultp_layout_square":["https:\/\/elfederalmendoza.com.ar\/wp-content\/uploads\/2023\/03\/703694-whatsapp-20image-202023-03-06-20at-2014-01-21-600x600.jpeg",600,600,true],"rpwe-thumbnail":["https:\/\/elfederalmendoza.com.ar\/wp-content\/uploads\/2023\/03\/703694-whatsapp-20image-202023-03-06-20at-2014-01-21-45x45.jpeg",45,45,true],"advps-thumb-one":["https:\/\/elfederalmendoza.com.ar\/wp-content\/uploads\/2023\/03\/703694-whatsapp-20image-202023-03-06-20at-2014-01-21-960x420.jpeg",960,420,true]},"rttpg_author":{"display_name":"Redacci\u00f3n El Federal","author_link":"https:\/\/elfederalmendoza.com.ar\/index.php\/author\/angelflores\/"},"rttpg_comment":0,"rttpg_category":"<a href=\"https:\/\/elfederalmendoza.com.ar\/index.php\/category\/arg\/\" rel=\"category tag\">Argentina<\/a>","rttpg_excerpt":"Tras el ataque, con tintes mafiosos, que padeci\u00f3 la familia de Lionel Messi el pasado jueves en Rosario, varias im\u00e1genes quedaron en la retina colectiva. Por un lado, c\u00e1maras de televisi\u00f3n, m\u00f3viles radiales y cronistas de diario recorrieron las inmediaciones del Supermarcado \u00danico de los Roccuzzo, que padeci\u00f3 una balacera de, al menos, catorce disparos.&hellip;","_links":{"self":[{"href":"https:\/\/elfederalmendoza.com.ar\/index.php\/wp-json\/wp\/v2\/posts\/21007","targetHints":{"allow":["GET"]}}],"collection":[{"href":"https:\/\/elfederalmendoza.com.ar\/index.php\/wp-json\/wp\/v2\/posts"}],"about":[{"href":"https:\/\/elfederalmendoza.com.ar\/index.php\/wp-json\/wp\/v2\/types\/post"}],"author":[{"embeddable":true,"href":"https:\/\/elfederalmendoza.com.ar\/index.php\/wp-json\/wp\/v2\/users\/2"}],"replies":[{"embeddable":true,"href":"https:\/\/elfederalmendoza.com.ar\/index.php\/wp-json\/wp\/v2\/comments?post=21007"}],"version-history":[{"count":3,"href":"https:\/\/elfederalmendoza.com.ar\/index.php\/wp-json\/wp\/v2\/posts\/21007\/revisions"}],"predecessor-version":[{"id":21013,"href":"https:\/\/elfederalmendoza.com.ar\/index.php\/wp-json\/wp\/v2\/posts\/21007\/revisions\/21013"}],"wp:featuredmedia":[{"embeddable":true,"href":"https:\/\/elfederalmendoza.com.ar\/index.php\/wp-json\/wp\/v2\/media\/21008"}],"wp:attachment":[{"href":"https:\/\/elfederalmendoza.com.ar\/index.php\/wp-json\/wp\/v2\/media?parent=21007"}],"wp:term":[{"taxonomy":"category","embeddable":true,"href":"https:\/\/elfederalmendoza.com.ar\/index.php\/wp-json\/wp\/v2\/categories?post=21007"},{"taxonomy":"post_tag","embeddable":true,"href":"https:\/\/elfederalmendoza.com.ar\/index.php\/wp-json\/wp\/v2\/tags?post=21007"}],"curies":[{"name":"wp","href":"https:\/\/api.w.org\/{rel}","templated":true}]}}