{"id":21015,"date":"2023-03-07T08:44:03","date_gmt":"2023-03-07T11:44:03","guid":{"rendered":"https:\/\/elfederalmendoza.com\/?p=21015"},"modified":"2023-03-07T08:44:07","modified_gmt":"2023-03-07T11:44:07","slug":"homicidios-condenas-y-mafia-el-prontuario-de-cara-cortada-el-narco-de-la-banda-de-la-yaqui-acusado-de-descuartizar-a-un-joven","status":"publish","type":"post","link":"https:\/\/elfederalmendoza.com.ar\/index.php\/2023\/03\/07\/homicidios-condenas-y-mafia-el-prontuario-de-cara-cortada-el-narco-de-la-banda-de-la-yaqui-acusado-de-descuartizar-a-un-joven\/","title":{"rendered":"Homicidios, condenas y mafia: el prontuario de Cara Cortada, el narco de la banda de la Yaqui acusado de descuartizar a un joven"},"content":{"rendered":"\n<p><\/p>\n\n\n\n<p><strong>Franco Nahuel Abrego D\u00edaz<\/strong>, m\u00e1s conocido como\u00a0<strong>\u00abCara Cortada\u00bb<\/strong>, es uno de los delincuentes mendocinos m\u00e1s temidos y peligrosos. Tras ser intensamente buscado por el crimen de\u00a0<strong>Lucas Nahuel Ampuero<\/strong>\u00a0(un joven de 25 a\u00f1os que fue asesinado), el hombre de 26 a\u00f1os decidi\u00f3 este lunes entregarse a la Polic\u00eda.<\/p>\n\n\n\n<p>El cuerpo de Ampuero, que fue hallado el viernes en condiciones de desmembramiento y quemaduras severas, fue encontrado en un descampado de Godoy Cruz y muy cerca de la vivienda de la madre de Abrego.<\/p>\n\n\n\n<p>As\u00ed es que ahora el\u00a0<strong>Cara Cortada qued\u00f3 a disposici\u00f3n de la fiscal de Homicidios, Andrea Lazo<\/strong>, que tambi\u00e9n est\u00e1 investigando a la mam\u00e1 de Abrego y para la que realiz\u00f3 un pedido de b\u00fasqueda. Hasta el momento, la principal hip\u00f3tesis gira entorno a que Ampuero fue asesinado en la casa de la mujer, situada en el barrio Razquin.<\/p>\n\n\n\n<p>Luego, la jueza\u00a0<strong>\u00c9rica S\u00e1nchez<\/strong>\u00a0lo conden\u00f3 a seis meses prisi\u00f3n por el art\u00edculo 205 del C\u00f3digo Penal, vinculado al incumplimiento de las medidas especiales que rigieron durante la pandemia. Pero ese mismo a\u00f1o, 2020, volvi\u00f3 a quedar en libertad. Hasta este lunes 6 de marzo que se entreg\u00f3 a la Polic\u00eda.\u00a0<\/p>\n\n\n<div class=\"wp-block-image\">\n<figure class=\"aligncenter size-full\"><img loading=\"lazy\" decoding=\"async\" width=\"640\" height=\"361\" src=\"https:\/\/elfederalmendoza.com\/wp-content\/uploads\/2023\/03\/image-6.png\" alt=\"\" class=\"wp-image-21018\" srcset=\"https:\/\/elfederalmendoza.com.ar\/wp-content\/uploads\/2023\/03\/image-6.png 640w, https:\/\/elfederalmendoza.com.ar\/wp-content\/uploads\/2023\/03\/image-6-300x169.png 300w\" sizes=\"auto, (max-width: 640px) 100vw, 640px\" \/><\/figure><\/div>\n\n\n<p><strong>El prontuario del \u00abCara Cortada\u00bb<\/strong><\/p>\n\n\n\n<p>Lamentablemente este no es el primer crimen que comete\u00a0<strong>Franco Abrego<\/strong>. Es que se trata de un hombre con un\u00a0<strong>amplio prontuario<\/strong>\u00a0delictivo. Sin bien luego le hicieron una cirug\u00eda pl\u00e1stica, su apodo se origin\u00f3 en una cicatriz que ten\u00eda en la cara cuando, a los 17 a\u00f1os, la Polic\u00eda public\u00f3 una foto en las redes. All\u00ed, se lo ve\u00eda con otros j\u00f3venes mostrando armas.<\/p>\n\n\n\n<p>Era el a\u00f1o 2012 y el Cara Cortada ya era buscado por los asesinatos de los&nbsp;<strong>hermanos Pav\u00e9s<\/strong>, de 19 y 30 a\u00f1os. Desde ese momento, las investigaciones policiales y de la Justicia determinaron que el delincuente estaba involucrado con bandas narcotraficantes de distintos departamentos de la provincia.<\/p>\n\n\n\n<p>Incluso, uno de los cr\u00edmenes que se le atribuyen es de tinte totalmente mafioso. Se trata de los\u00a0<strong>asesinatos de Jorge Mondov\u00ed (37) y Rub\u00e9n C\u00e1ceres (33).\u00a0<\/strong>El primero fue muerto a tiros en una balacera fugaz y el cuerpo del segundo fue encontrado quemado y seccionado bolsas de consorcio.<\/p>\n\n\n\n<figure class=\"wp-block-image size-full\"><img loading=\"lazy\" decoding=\"async\" width=\"980\" height=\"640\" src=\"https:\/\/elfederalmendoza.com\/wp-content\/uploads\/2023\/03\/image-5.png\" alt=\"\" class=\"wp-image-21017\" srcset=\"https:\/\/elfederalmendoza.com.ar\/wp-content\/uploads\/2023\/03\/image-5.png 980w, https:\/\/elfederalmendoza.com.ar\/wp-content\/uploads\/2023\/03\/image-5-300x196.png 300w, https:\/\/elfederalmendoza.com.ar\/wp-content\/uploads\/2023\/03\/image-5-768x502.png 768w\" sizes=\"auto, (max-width: 980px) 100vw, 980px\" \/><\/figure>\n\n\n\n<p>Asimismo, el sicario narco se hizo popular y tristemente famoso por ser uno de los \u00abangelitos de la Jaqui\u00bb, cuando en 2015 lo culparon por el doble homicidio de los hermanos Pav\u00e9s. En ese momento el Cara Cortada trabajaba para<strong>\u00a0Sandra Jaquelina Vargas, alias \u00abla Jaqui\u00bb,<\/strong>\u00a0actualmente cumpliendo condena por tr\u00e1fico de drogad y lavado de dinero.<\/p>\n\n\n\n<p><strong>La operaci\u00f3n para quitarle el \u00abestigma\u00bb que no dio resultado<\/strong><\/p>\n\n\n\n<p>Sumando cada vez m\u00e1s delitos en su historial, el Estado decidi\u00f3 ayudarlo y darle una especie de segunda oportunidad. Por ello, en 2014, se le realiz\u00f3 una cirug\u00eda pl\u00e1stica y est\u00e9tica con el fin de borrarle la cicatriz que lo marcaba socialmente.<\/p>\n\n\n\n<p>Sin embargo, el Cara Cortada continu\u00f3 delinquiendo, se escap\u00f3 del ex Cose, luego lo encontraron, despu\u00e9s lider\u00f3 un levantamiento all\u00ed, que termin\u00f3 con una acusaci\u00f3n de tentativa de homicidio a uno de los operadores del lugar.<\/p>\n\n\n<div class=\"wp-block-image\">\n<figure class=\"aligncenter size-full\"><img loading=\"lazy\" decoding=\"async\" width=\"400\" height=\"300\" src=\"https:\/\/elfederalmendoza.com\/wp-content\/uploads\/2023\/03\/image-7.png\" alt=\"\" class=\"wp-image-21019\" srcset=\"https:\/\/elfederalmendoza.com.ar\/wp-content\/uploads\/2023\/03\/image-7.png 400w, https:\/\/elfederalmendoza.com.ar\/wp-content\/uploads\/2023\/03\/image-7-300x225.png 300w\" sizes=\"auto, (max-width: 400px) 100vw, 400px\" \/><\/figure><\/div>\n\n\n<p>As\u00ed es que, por esto, fue condenado a 3 a\u00f1os y 10 meses de c\u00e1rcel en Almafuerte (porque ya era mayor de edad). Cumpli\u00f3 tal pena y en abril de 2020 sali\u00f3 en libertad. Pero ese mismo mes que vio involucrado en otro hecho que termin\u00f3 con l<\/p>\n\n\n\n<p>Luego, la jueza\u00a0<strong>\u00c9rica S\u00e1nchez<\/strong>\u00a0lo conden\u00f3 a seis meses prisi\u00f3n por el art\u00edculo 205 del C\u00f3digo Penal, vinculado al incumplimiento de las medidas especiales que rigieron durante la pandemia. Pero ese mismo a\u00f1o, 2020, volvi\u00f3 a quedar en libertad. Hasta este lunes 6 de marzo que se entreg\u00f3 a la Polic\u00eda.\u00a0<\/p>\n\n\n\n<p><em>Fuente: Mendoza Post<\/em><\/p>\n","protected":false},"excerpt":{"rendered":"<p>Franco Nahuel Abrego D\u00edaz, m\u00e1s conocido como\u00a0\u00abCara Cortada\u00bb, es uno de los delincuentes mendocinos m\u00e1s temidos y peligrosos. Tras ser intensamente buscado por el crimen de\u00a0Lucas Nahuel Ampuero\u00a0(un joven de 25 a\u00f1os que fue asesinado), el hombre de 26 a\u00f1os decidi\u00f3 este lunes entregarse a la Polic\u00eda. El cuerpo de Ampuero, que fue hallado el<a class=\"read-more\" href=\"https:\/\/elfederalmendoza.com.ar\/index.php\/2023\/03\/07\/homicidios-condenas-y-mafia-el-prontuario-de-cara-cortada-el-narco-de-la-banda-de-la-yaqui-acusado-de-descuartizar-a-un-joven\/\"> [&hellip;]<\/a><\/p>\n","protected":false},"author":2,"featured_media":21016,"comment_status":"open","ping_status":"open","sticky":false,"template":"","format":"standard","meta":{"footnotes":""},"categories":[1],"tags":[],"class_list":["post-21015","post","type-post","status-publish","format-standard","has-post-thumbnail","hentry","category-mza"],"rttpg_featured_image_url":{"full":["https:\/\/elfederalmendoza.com.ar\/wp-content\/uploads\/2023\/03\/cara-cortada-franco-nahuel-abrego-godoy-cruzjpg.webp",1200,675,false],"landscape":["https:\/\/elfederalmendoza.com.ar\/wp-content\/uploads\/2023\/03\/cara-cortada-franco-nahuel-abrego-godoy-cruzjpg.webp",1200,675,false],"portraits":["https:\/\/elfederalmendoza.com.ar\/wp-content\/uploads\/2023\/03\/cara-cortada-franco-nahuel-abrego-godoy-cruzjpg.webp",1200,675,false],"thumbnail":["https:\/\/elfederalmendoza.com.ar\/wp-content\/uploads\/2023\/03\/cara-cortada-franco-nahuel-abrego-godoy-cruzjpg-150x150.webp",150,150,true],"medium":["https:\/\/elfederalmendoza.com.ar\/wp-content\/uploads\/2023\/03\/cara-cortada-franco-nahuel-abrego-godoy-cruzjpg-300x169.webp",300,169,true],"large":["https:\/\/elfederalmendoza.com.ar\/wp-content\/uploads\/2023\/03\/cara-cortada-franco-nahuel-abrego-godoy-cruzjpg-1024x576.webp",640,360,true],"1536x1536":["https:\/\/elfederalmendoza.com.ar\/wp-content\/uploads\/2023\/03\/cara-cortada-franco-nahuel-abrego-godoy-cruzjpg.webp",1200,675,false],"2048x2048":["https:\/\/elfederalmendoza.com.ar\/wp-content\/uploads\/2023\/03\/cara-cortada-franco-nahuel-abrego-godoy-cruzjpg.webp",1200,675,false],"ultp_layout_landscape_large":["https:\/\/elfederalmendoza.com.ar\/wp-content\/uploads\/2023\/03\/cara-cortada-franco-nahuel-abrego-godoy-cruzjpg.webp",1200,675,false],"ultp_layout_landscape":["https:\/\/elfederalmendoza.com.ar\/wp-content\/uploads\/2023\/03\/cara-cortada-franco-nahuel-abrego-godoy-cruzjpg-870x570.webp",870,570,true],"ultp_layout_portrait":["https:\/\/elfederalmendoza.com.ar\/wp-content\/uploads\/2023\/03\/cara-cortada-franco-nahuel-abrego-godoy-cruzjpg-600x675.webp",600,675,true],"ultp_layout_square":["https:\/\/elfederalmendoza.com.ar\/wp-content\/uploads\/2023\/03\/cara-cortada-franco-nahuel-abrego-godoy-cruzjpg-600x600.webp",600,600,true],"rpwe-thumbnail":["https:\/\/elfederalmendoza.com.ar\/wp-content\/uploads\/2023\/03\/cara-cortada-franco-nahuel-abrego-godoy-cruzjpg-45x45.webp",45,45,true],"advps-thumb-one":["https:\/\/elfederalmendoza.com.ar\/wp-content\/uploads\/2023\/03\/cara-cortada-franco-nahuel-abrego-godoy-cruzjpg-1200x420.webp",1200,420,true]},"rttpg_author":{"display_name":"Redacci\u00f3n El Federal","author_link":"https:\/\/elfederalmendoza.com.ar\/index.php\/author\/angelflores\/"},"rttpg_comment":0,"rttpg_category":"<a href=\"https:\/\/elfederalmendoza.com.ar\/index.php\/category\/mza\/\" rel=\"category tag\">Mendoza<\/a>","rttpg_excerpt":"Franco Nahuel Abrego D\u00edaz, m\u00e1s conocido como\u00a0\u00abCara Cortada\u00bb, es uno de los delincuentes mendocinos m\u00e1s temidos y peligrosos. Tras ser intensamente buscado por el crimen de\u00a0Lucas Nahuel Ampuero\u00a0(un joven de 25 a\u00f1os que fue asesinado), el hombre de 26 a\u00f1os decidi\u00f3 este lunes entregarse a la Polic\u00eda. El cuerpo de Ampuero, que fue hallado el&hellip;","_links":{"self":[{"href":"https:\/\/elfederalmendoza.com.ar\/index.php\/wp-json\/wp\/v2\/posts\/21015","targetHints":{"allow":["GET"]}}],"collection":[{"href":"https:\/\/elfederalmendoza.com.ar\/index.php\/wp-json\/wp\/v2\/posts"}],"about":[{"href":"https:\/\/elfederalmendoza.com.ar\/index.php\/wp-json\/wp\/v2\/types\/post"}],"author":[{"embeddable":true,"href":"https:\/\/elfederalmendoza.com.ar\/index.php\/wp-json\/wp\/v2\/users\/2"}],"replies":[{"embeddable":true,"href":"https:\/\/elfederalmendoza.com.ar\/index.php\/wp-json\/wp\/v2\/comments?post=21015"}],"version-history":[{"count":1,"href":"https:\/\/elfederalmendoza.com.ar\/index.php\/wp-json\/wp\/v2\/posts\/21015\/revisions"}],"predecessor-version":[{"id":21020,"href":"https:\/\/elfederalmendoza.com.ar\/index.php\/wp-json\/wp\/v2\/posts\/21015\/revisions\/21020"}],"wp:featuredmedia":[{"embeddable":true,"href":"https:\/\/elfederalmendoza.com.ar\/index.php\/wp-json\/wp\/v2\/media\/21016"}],"wp:attachment":[{"href":"https:\/\/elfederalmendoza.com.ar\/index.php\/wp-json\/wp\/v2\/media?parent=21015"}],"wp:term":[{"taxonomy":"category","embeddable":true,"href":"https:\/\/elfederalmendoza.com.ar\/index.php\/wp-json\/wp\/v2\/categories?post=21015"},{"taxonomy":"post_tag","embeddable":true,"href":"https:\/\/elfederalmendoza.com.ar\/index.php\/wp-json\/wp\/v2\/tags?post=21015"}],"curies":[{"name":"wp","href":"https:\/\/api.w.org\/{rel}","templated":true}]}}