{"id":21025,"date":"2023-03-07T07:16:00","date_gmt":"2023-03-07T10:16:00","guid":{"rendered":"https:\/\/elfederalmendoza.com\/?p=21025"},"modified":"2023-03-07T10:54:38","modified_gmt":"2023-03-07T13:54:38","slug":"el-gobierno-oficializo-un-bono-de-incentivo-para-algunos-estatales","status":"publish","type":"post","link":"https:\/\/elfederalmendoza.com.ar\/index.php\/2023\/03\/07\/el-gobierno-oficializo-un-bono-de-incentivo-para-algunos-estatales\/","title":{"rendered":"El Gobierno oficializ\u00f3 un \u201cbono de incentivo\u201d para algunos estatales"},"content":{"rendered":"\n<p>El&nbsp;<strong>Gobierno de Mendoza<\/strong>&nbsp;oficializ\u00f3 el pago de un&nbsp;<strong>bono de \u201cincentivo<\/strong>\u201d a trabajadores estatales que realizaron un curso de capacitaci\u00f3n. Se trata de agentes de planta que se desempa\u00f1an en el Ministerio de Salud, Desarrollo Social y Deportes, quienes percibir\u00e1n una suma fija por \u00fanica vez de $ 7.000, mientras que el monto abonado a los docentes a cargo de la instrucci\u00f3n ser\u00e1 de $10.000.<\/p>\n\n\n\n<p>Mediante el\u00a0decreto N\u00ba 2.685, publicado este martes en el Bolet\u00edn Oficial, se dispuso la creaci\u00f3n de un \u201c\u00edtem extraordinario, de car\u00e1cter no remunerativo y no bonificable\u201d para los agentes de planta que realizaron el Programa de Capacitaci\u00f3n de Agentes Administrativos.<\/p>\n\n\n\n<p>El beneficio consiste en el pago de una suma fija, por \u00fanica vez, de $ 7.000 a cada uno de los alumnos que aprobaron el curso y de $ 10.000 a cada docente.<\/p>\n\n\n\n<p>En los fundamentes de la norma se aclara que \u201cdadas las particularidades del sector p\u00fablico estatal de atenci\u00f3n de la salud, en cuanto a sus procedimientos administrativos, regulaciones, objetos, caracter\u00edsticas y capacidades, se revela necesario una instancia de formaci\u00f3n peri\u00f3dica en los diferentes aspectos que hacen a la gesti\u00f3n operativa\u201d.<\/p>\n\n\n\n<p>En el mismo sentido, resalta que \u201cse busca implementar un proceso de capacitaci\u00f3n organizada y orientada para contribuir al desarrollo de sus competencias laborales espec\u00edficas, esto es, el desempe\u00f1o que un agente evidencia en la ejecuci\u00f3n de las actividades en su \u00e1mbito de trabajo\u201d.<\/p>\n\n\n\n<p>Con esta finalidad se realiz\u00f3 un proceso de capacitaci\u00f3n, organizado en etapas sucesivas, orientada a contribuir al desarrollo de carrera de los agentes administrativos del Ministerio de Salud, Desarrollo Social y Deportes, a fin de \u201cimpactar positivamente en la calidad del servicio brindado a la poblaci\u00f3n mendocina\u201d.<\/p>\n\n\n\n<p>Se determin\u00f3 que la forma de pago del incentivo, para quienes aprueben la capacitaci\u00f3n y que revistan como personal de planta, ser\u00e1 un procedimiento de beca o de \u00edtem no remunerativo ni bonificable. Los recursos para el pago de este bono utilizando el financiamiento 230, Fondo Provincial de Emergencia Sanitaria FOPES, perteneciente al Programa SUMAR.<\/p>\n\n\n\n<p><em>Fuente: MDZ<\/em><\/p>\n","protected":false},"excerpt":{"rendered":"<p>El&nbsp;Gobierno de Mendoza&nbsp;oficializ\u00f3 el pago de un&nbsp;bono de \u201cincentivo\u201d a trabajadores estatales que realizaron un curso de capacitaci\u00f3n. Se trata de agentes de planta que se desempa\u00f1an en el Ministerio de Salud, Desarrollo Social y Deportes, quienes percibir\u00e1n una suma fija por \u00fanica vez de $ 7.000, mientras que el monto abonado a los docentes<a class=\"read-more\" href=\"https:\/\/elfederalmendoza.com.ar\/index.php\/2023\/03\/07\/el-gobierno-oficializo-un-bono-de-incentivo-para-algunos-estatales\/\"> [&hellip;]<\/a><\/p>\n","protected":false},"author":2,"featured_media":21033,"comment_status":"open","ping_status":"open","sticky":false,"template":"","format":"standard","meta":{"footnotes":""},"categories":[1],"tags":[],"class_list":["post-21025","post","type-post","status-publish","format-standard","has-post-thumbnail","hentry","category-mza"],"rttpg_featured_image_url":{"full":["https:\/\/elfederalmendoza.com.ar\/wp-content\/uploads\/2023\/03\/f848x477-1188134_1245937_5057.jpg",848,477,false],"landscape":["https:\/\/elfederalmendoza.com.ar\/wp-content\/uploads\/2023\/03\/f848x477-1188134_1245937_5057.jpg",848,477,false],"portraits":["https:\/\/elfederalmendoza.com.ar\/wp-content\/uploads\/2023\/03\/f848x477-1188134_1245937_5057.jpg",848,477,false],"thumbnail":["https:\/\/elfederalmendoza.com.ar\/wp-content\/uploads\/2023\/03\/f848x477-1188134_1245937_5057-150x150.jpg",150,150,true],"medium":["https:\/\/elfederalmendoza.com.ar\/wp-content\/uploads\/2023\/03\/f848x477-1188134_1245937_5057-300x169.jpg",300,169,true],"large":["https:\/\/elfederalmendoza.com.ar\/wp-content\/uploads\/2023\/03\/f848x477-1188134_1245937_5057.jpg",640,360,false],"1536x1536":["https:\/\/elfederalmendoza.com.ar\/wp-content\/uploads\/2023\/03\/f848x477-1188134_1245937_5057.jpg",848,477,false],"2048x2048":["https:\/\/elfederalmendoza.com.ar\/wp-content\/uploads\/2023\/03\/f848x477-1188134_1245937_5057.jpg",848,477,false],"ultp_layout_landscape_large":["https:\/\/elfederalmendoza.com.ar\/wp-content\/uploads\/2023\/03\/f848x477-1188134_1245937_5057.jpg",848,477,false],"ultp_layout_landscape":["https:\/\/elfederalmendoza.com.ar\/wp-content\/uploads\/2023\/03\/f848x477-1188134_1245937_5057.jpg",848,477,false],"ultp_layout_portrait":["https:\/\/elfederalmendoza.com.ar\/wp-content\/uploads\/2023\/03\/f848x477-1188134_1245937_5057-600x477.jpg",600,477,true],"ultp_layout_square":["https:\/\/elfederalmendoza.com.ar\/wp-content\/uploads\/2023\/03\/f848x477-1188134_1245937_5057-600x477.jpg",600,477,true],"rpwe-thumbnail":["https:\/\/elfederalmendoza.com.ar\/wp-content\/uploads\/2023\/03\/f848x477-1188134_1245937_5057-45x45.jpg",45,45,true],"advps-thumb-one":["https:\/\/elfederalmendoza.com.ar\/wp-content\/uploads\/2023\/03\/f848x477-1188134_1245937_5057-848x420.jpg",848,420,true]},"rttpg_author":{"display_name":"Redacci\u00f3n El Federal","author_link":"https:\/\/elfederalmendoza.com.ar\/index.php\/author\/angelflores\/"},"rttpg_comment":0,"rttpg_category":"<a href=\"https:\/\/elfederalmendoza.com.ar\/index.php\/category\/mza\/\" rel=\"category tag\">Mendoza<\/a>","rttpg_excerpt":"El&nbsp;Gobierno de Mendoza&nbsp;oficializ\u00f3 el pago de un&nbsp;bono de \u201cincentivo\u201d a trabajadores estatales que realizaron un curso de capacitaci\u00f3n. Se trata de agentes de planta que se desempa\u00f1an en el Ministerio de Salud, Desarrollo Social y Deportes, quienes percibir\u00e1n una suma fija por \u00fanica vez de $ 7.000, mientras que el monto abonado a los docentes&hellip;","_links":{"self":[{"href":"https:\/\/elfederalmendoza.com.ar\/index.php\/wp-json\/wp\/v2\/posts\/21025","targetHints":{"allow":["GET"]}}],"collection":[{"href":"https:\/\/elfederalmendoza.com.ar\/index.php\/wp-json\/wp\/v2\/posts"}],"about":[{"href":"https:\/\/elfederalmendoza.com.ar\/index.php\/wp-json\/wp\/v2\/types\/post"}],"author":[{"embeddable":true,"href":"https:\/\/elfederalmendoza.com.ar\/index.php\/wp-json\/wp\/v2\/users\/2"}],"replies":[{"embeddable":true,"href":"https:\/\/elfederalmendoza.com.ar\/index.php\/wp-json\/wp\/v2\/comments?post=21025"}],"version-history":[{"count":1,"href":"https:\/\/elfederalmendoza.com.ar\/index.php\/wp-json\/wp\/v2\/posts\/21025\/revisions"}],"predecessor-version":[{"id":21034,"href":"https:\/\/elfederalmendoza.com.ar\/index.php\/wp-json\/wp\/v2\/posts\/21025\/revisions\/21034"}],"wp:featuredmedia":[{"embeddable":true,"href":"https:\/\/elfederalmendoza.com.ar\/index.php\/wp-json\/wp\/v2\/media\/21033"}],"wp:attachment":[{"href":"https:\/\/elfederalmendoza.com.ar\/index.php\/wp-json\/wp\/v2\/media?parent=21025"}],"wp:term":[{"taxonomy":"category","embeddable":true,"href":"https:\/\/elfederalmendoza.com.ar\/index.php\/wp-json\/wp\/v2\/categories?post=21025"},{"taxonomy":"post_tag","embeddable":true,"href":"https:\/\/elfederalmendoza.com.ar\/index.php\/wp-json\/wp\/v2\/tags?post=21025"}],"curies":[{"name":"wp","href":"https:\/\/api.w.org\/{rel}","templated":true}]}}